{"id":267375,"date":"2025-12-02T14:55:11","date_gmt":"2025-12-02T14:55:11","guid":{"rendered":"https:\/\/www.europesays.com\/es\/267375\/"},"modified":"2025-12-02T14:55:11","modified_gmt":"2025-12-02T14:55:11","slug":"el-alarmante-dato-de-julian-alvarez-fuera-de-casa-antes-de-visitar-el-camp-nou","status":"publish","type":"post","link":"https:\/\/www.europesays.com\/es\/267375\/","title":{"rendered":"El alarmante dato de Juli\u00e1n Alvarez fuera de casa antes de visitar el Camp Nou"},"content":{"rendered":"<p data-gtm-element-container=\"modulo-texto-link\" class=\"paragraph\">Los n\u00fameros de <strong>Juli\u00e1n Alvarez<\/strong> esta temporada son brillantes. Ha anotado 10 goles y ha repartido cuatro asistencias en 18 partidos. El problema es que el argentino no est\u00e1 transmitiendo unas sensaciones sobre el campo acordes a estos n\u00fameros. Y esto es algo que preocupa en el <strong>Atl\u00e9tico de Madrid.<\/strong>\u00a0<\/p>\n<p data-gtm-element-container=\"modulo-texto-link\" class=\"paragraph\">Este martes estar\u00e1 sobre el foco en el <strong>Camp Nou<\/strong>. El delantero argentino es uno de los sue\u00f1os de <strong>Joan Laporta<\/strong>. Un fichaje que parece imposible por los problemas econ\u00f3micos del <strong>Barcelona <\/strong>y por su cl\u00e1usula que roza los 500 millones de euros.\u00a0<\/p>\n<p data-gtm-element-container=\"modulo-texto-link\" class=\"paragraph\">Un partido en el que se presentar\u00e1 con varias estad\u00edsticas que muestran que su nivel baja cuando sale fuera del <strong>Metropolitano<\/strong>. La primera de ellas es que solo ha anotado un gol como visitante. Sucedi\u00f3 en la primera jornada de LaLiga ante el <strong>Espanyol<\/strong>. Curiosamente, ese gol fue en <strong>Barcelona<\/strong>, ciudad en la que se jugar\u00e1 el partido. Desde agosto que no marca fuera de casa.\u00a0<\/p>\n<p>    Lee tambi\u00e9n<\/p>\n<p data-gtm-element-container=\"modulo-texto-link\" class=\"paragraph\">Pero lo m\u00e1s sorprendente de sus estad\u00edsticas fuera de casa es que en los \u00faltimos tres partidos de LaLiga no ha tirado ni una vez. Ante el <strong>Getafe, Real Betis Balompi\u00e9<\/strong> y <strong>Celta de Vigo<\/strong> realiz\u00f3 cero remates. No lleg\u00f3 a disparar ni entre los tres palos ni fuera. Algo preocupante para un delantero del <strong>Atl\u00e9tico de Madrid<\/strong>.\u00a0<\/p>\n<p data-gtm-element-container=\"modulo-texto-link\" class=\"paragraph\">Sus \u00faltimos remates en LaLiga fueron ante el <strong>Real Mallorca<\/strong>. Aquel d\u00eda realiz\u00f3 dos remates, y los dos fueron a puerta. Uno fue un penalti que le detuvo <strong>Leo Rom\u00e1n<\/strong> y el otro una acci\u00f3n en el \u00e1rea al que reaccion\u00f3 brillantemente el meta balear.\u00a0<\/p>\n<p>        Lee tambi\u00e9n<\/p>\n<p>    Walter Zimmermann<\/p>\n<p>             <img loading=\"lazy\" decoding=\"async\" data-full-src=\"https:\/\/www.mundodeportivo.com\/uploads\/2024\/12\/23\/6769aa9fc1aac.jpeg\" alt=\"Diego Pablo Simeone celebrando el triunfo ante el Barcelona en Montjuic.\" width=\"334\" height=\"164\" src=\"https:\/\/www.europesays.com\/es\/wp-content\/uploads\/2025\/12\/6769aa9fc1aac.r_d.757-1058.jpeg\" class=\"lazy\"\/><\/p>\n<p data-gtm-element-container=\"modulo-texto-link\" class=\"paragraph\">Es cierto que desde el partido ante el <strong>Mallorca<\/strong>, s\u00ed que dej\u00f3 dos disparos peligrosos en <strong>Champions <\/strong>ante el <strong>Arsenal<\/strong>. El primero fue gracias a la presi\u00f3n de <strong>Giuliano <\/strong>que se march\u00f3 fuera por muy poco y el segundo fue un trallazo que se estrell\u00f3 en el larguero de <strong>Raya<\/strong>. Ambas ocasiones llegaron con 0-0 en el marcador.\u00a0<\/p>\n<p data-gtm-element-container=\"modulo-texto-link\" class=\"paragraph\">As\u00ed que ahora, <strong>Juli\u00e1n Alvarez<\/strong> quiere volver a brillar en un escenario importante. Durante este tiempo, s\u00ed que ha dejado tantos importantes ante el <strong>Real Madrid<\/strong> y el <strong>Inter<\/strong>, pero siempre en partidos en el <strong>Metropolitano<\/strong>. Ahora quiere comenzar a mejorar sus estad\u00edsticas como visitante.\u00a0\u00a0<\/p>\n","protected":false},"excerpt":{"rendered":"Los n\u00fameros de Juli\u00e1n Alvarez esta temporada son brillantes. Ha anotado 10 goles y ha repartido cuatro asistencias&hellip;\n","protected":false},"author":2,"featured_media":267376,"comment_status":"","ping_status":"","sticky":false,"template":"","format":"standard","meta":{"footnotes":""},"categories":[268],"tags":[168,25,24,280,282,281,23,167],"class_list":{"0":"post-267375","1":"post","2":"type-post","3":"status-publish","4":"format-standard","5":"has-post-thumbnail","7":"category-futbol","8":"tag-deportes","9":"tag-es","10":"tag-espana","11":"tag-football","12":"tag-futbol","13":"tag-soccer","14":"tag-spain","15":"tag-sports"},"share_on_mastodon":{"url":"https:\/\/pubeurope.com\/@es\/115650555787694264","error":""},"_links":{"self":[{"href":"https:\/\/www.europesays.com\/es\/wp-json\/wp\/v2\/posts\/267375","targetHints":{"allow":["GET"]}}],"collection":[{"href":"https:\/\/www.europesays.com\/es\/wp-json\/wp\/v2\/posts"}],"about":[{"href":"https:\/\/www.europesays.com\/es\/wp-json\/wp\/v2\/types\/post"}],"author":[{"embeddable":true,"href":"https:\/\/www.europesays.com\/es\/wp-json\/wp\/v2\/users\/2"}],"replies":[{"embeddable":true,"href":"https:\/\/www.europesays.com\/es\/wp-json\/wp\/v2\/comments?post=267375"}],"version-history":[{"count":0,"href":"https:\/\/www.europesays.com\/es\/wp-json\/wp\/v2\/posts\/267375\/revisions"}],"wp:featuredmedia":[{"embeddable":true,"href":"https:\/\/www.europesays.com\/es\/wp-json\/wp\/v2\/media\/267376"}],"wp:attachment":[{"href":"https:\/\/www.europesays.com\/es\/wp-json\/wp\/v2\/media?parent=267375"}],"wp:term":[{"taxonomy":"category","embeddable":true,"href":"https:\/\/www.europesays.com\/es\/wp-json\/wp\/v2\/categories?post=267375"},{"taxonomy":"post_tag","embeddable":true,"href":"https:\/\/www.europesays.com\/es\/wp-json\/wp\/v2\/tags?post=267375"}],"curies":[{"name":"wp","href":"https:\/\/api.w.org\/{rel}","templated":true}]}}