{"id":267385,"date":"2025-12-02T15:01:22","date_gmt":"2025-12-02T15:01:22","guid":{"rendered":"https:\/\/www.europesays.com\/es\/267385\/"},"modified":"2025-12-02T15:01:22","modified_gmt":"2025-12-02T15:01:22","slug":"daniel-radcliffe-y-tom-felton-se-reencuentran-24-anos-despues-del-estreno-de-harry-potter","status":"publish","type":"post","link":"https:\/\/www.europesays.com\/es\/267385\/","title":{"rendered":"Daniel Radcliffe y Tom Felton se reencuentran 24 a\u00f1os despu\u00e9s del estreno de Harry Potter"},"content":{"rendered":"<p id=\"eTINUz960w\" data-wc=\"99\">Nueva York, la ciudad que nunca duerme, ha sido el m\u00e1gico lugar donde se han reencontrado los m\u00edticos int\u00e9rpretes de la famosa saga Harry Potter. Los actores <strong>Daniel Radcliffe y <a class=\"hm-link ho-link\" href=\"https:\/\/www.hola.com\/tags\/harry-potter\/\" data-mrf-recirculation=\"article-body-link\" rel=\"nofollow noopener\" target=\"_blank\">Tom Felton<\/a>\u00a0<\/strong>\u2014o, para muchos, Harry Potter y Draco Malfoy\u2014 coincidieron en la proyecci\u00f3n de Merrily We Roll Along, el musical cl\u00e1sico de Stephen Sondheim que Radcliffe protagoniz\u00f3 en Broadway en 2023 y que ahora puede verse en la gran pantalla. Un encuentro muy especial que coincide con una fecha muy significativa, ya que 24 a\u00f1os antes se conocieron durante el rodaje de Harry Potter y la piedra filosofal.\u00a0<\/p>\n<p> <img src=\"https:\/\/www.europesays.com\/es\/wp-content\/uploads\/2025\/12\/450c943cc7b5-gettyimages-2249462835.jpg\"   width=\"821\" height=\"1024\" loading=\"lazy\" decoding=\"async\" alt=\"Daniel Radcliffe y Tom Felton posando juntos \" fetchpriority=\"auto\" class=\"image ho-image\"\/>\u00a9 Bruce Glikas\/WireImageDaniel Radcliffe y Tom Felton posando juntos en la proyecci\u00f3n de Merrily We Roll Along<\/p>\n<p id=\"eGhcjq903tX\" data-wc=\"133\">La saga de Harry Potter, incluso a d\u00eda de hoy, con Radcliffe a sus 36 a\u00f1os y Felton a sus 38, sigue siendo un gran referente para sus carreras. En el caso de Tom Felton contin\u00faa vinculado al mundo fant\u00e1stico, pero esta vez sobre los escenarios, con Harry Potter and the Cursed Child, una historia escrita por Jack Thorne y que sigue a la nueva generaci\u00f3n de familias de Hogwarts, donde son los hijos de Harry y Draco quienes toman el relevo de sus padres. <strong>Desde el a\u00f1o 2016, la obra se representa en Broadway.\u00a0<\/strong>En este sentido, ha sido el primer actor de la saga original en dar vida de nuevo a su personaje, un momento muy importante. Adem\u00e1s, fue el encargado de iluminar el popular <a class=\"hm-link ho-link\" href=\"https:\/\/www.hola.com\/actualidad\/20251028864185\/tom-felton-empire-state-verde\/\" data-mrf-recirculation=\"article-body-link\" rel=\"nofollow noopener\" target=\"_blank\">Empire State Building\u00a0<\/a>de Nueva York.<\/p>\n<p> <img src=\"https:\/\/www.europesays.com\/es\/wp-content\/uploads\/2025\/12\/dc2830a53915-draco-malfoy-warner.jpg\"   width=\"809\" height=\"1024\" loading=\"lazy\" decoding=\"async\" alt=\"Tom Felton dio vida a Draco Malfoy en las saga cinematogr\u00e1fica \" fetchpriority=\"auto\" class=\"image ho-image\"\/>\u00a9 Warner BrosDraco Malfoy en Harry Potter<\/p>\n<p> <img src=\"https:\/\/www.europesays.com\/es\/wp-content\/uploads\/2025\/12\/5c68fd9cf9c5-harry-potter-daniel-radcliffe-dominic-mclaughlin-hbo-warner-bros-1.jpg\"   width=\"755\" height=\"1024\" loading=\"lazy\" decoding=\"async\" alt=\"Daniel Radcliffe salt\u00f3 a la fama gracias a su papel como Harry Potter en la m\u00e1gica saga\" fetchpriority=\"auto\" class=\"image ho-image\"\/>\u00a9 Warner BrosDaniel Radcliffe en Harry Potter<\/p>\n<p id=\"ePyjekogqDN\" data-wc=\"177\">A pesar de que ambos hac\u00edan papeles de archienemigos en el mundo m\u00e1gico, siempre han tenido una relaci\u00f3n muy especial y se han apoyado mutuamente en sus proyectos. Felton ya reconoci\u00f3 que su compa\u00f1ero fue uno de sus mayores referentes para dar el paso a esta nueva etapa: \u201cHe aprendido algunos consejos de Potter. Fue una de las primeras inspiraciones para venir a Broadway\u201d, expres\u00f3 en Good Morning America. Unas palabras que para el actor que dio vida a Harry Potter son muy especiales: \u201cEs una locura. Tom es mayor que yo, siempre fue el chico genial de ni\u00f1o. Es incre\u00edble que me considerara una inspiraci\u00f3n para algo. Es muy tierno\u201d, manifestaba en el mismo programa. Adem\u00e1s, Radcliffe \u2014que todav\u00eda no ha visto a su compa\u00f1ero de gremio sobre el escenario\u2014 s\u00ed ha reconocido la ilusi\u00f3n que le hace ver a su antagonista en la saga, viviendo un momento tan importante para su carrera: \u201cEstoy superemocionado de que est\u00e9 en esto, de que est\u00e9 actuando en Broadway y de que est\u00e9 haciendo el espect\u00e1culo. Es realmente encantador\u201d.<\/p>\n<p> <img src=\"https:\/\/www.europesays.com\/es\/wp-content\/uploads\/2025\/12\/fc057cf76914-gettyimages-2243635103.jpg\"   width=\"1024\" height=\"682\" loading=\"lazy\" decoding=\"async\" alt=\"Tom Felton enciende el Empire State Building para celebrar su debut en Broadway y su regreso al papel de &quot;Draco Malfoy&quot; en Harry Potter and the Cursed Child en el Empire State Building el 27 de octubre de 2025 en la ciudad de Nueva York.\" fetchpriority=\"auto\" class=\"image ho-image\"\/>\u00a9 Getty ImagesTom Felton enciende el Empire State Building para celebrar su debut en Broadway<br \/>\nEl mundo m\u00e1gico de Harry Potter, m\u00e1s vivo que nunca<\/p>\n<p id=\"exfzVe1nH2D\" data-wc=\"106\">Los fans de la popular ficci\u00f3n est\u00e1n de suerte. M\u00e1s de dos d\u00e9cadas despu\u00e9s, las historias fant\u00e1sticas regresan de la mano de HBO. Aunque todav\u00eda no se conocen todos los detalles de la nueva entrega, lo que s\u00ed se ha confirmado es que ser\u00e1 <a class=\"hm-link ho-link\" href=\"https:\/\/www.hola.com\/actualidad\/20250905853141\/harry-potter-vuelve-su-nuevo-protagonista-habla-por-primera-vez-de-su-fichaje\/\" data-mrf-recirculation=\"article-body-link\" rel=\"nofollow noopener\" target=\"_blank\">Dominic McLaughlin<\/a> quien se meter\u00e1 en la piel del m\u00edtico Daniel Radcliffe: \u201cFue un poco surrealista, la verdad, porque he sido un gran fan de Harry Potter desde que era peque\u00f1o\u201d, expres\u00f3 para BBC News. Para \u00e9l, sin duda, se trata de un papel so\u00f1ado y est\u00e1 encantado de poder interpretarlo. La nueva producci\u00f3n tiene previsto llegar a nuestras pantallas en 2027.<\/p>\n<p> <img src=\"https:\/\/www.europesays.com\/es\/wp-content\/uploads\/2025\/09\/a81e0e14d75c-harry-potter6877f441c87d1.jpg\"   width=\"768\" height=\"1024\" loading=\"lazy\" decoding=\"async\" alt=\"Dominic McLaughlin es el nuevo 'Harry Potter'\" fetchpriority=\"auto\" class=\"image ho-image\"\/>\u00a9 HBO MaxDominic McLaughlin es el nuevo &#8216;Harry Potter&#8217;<\/p>\n","protected":false},"excerpt":{"rendered":"Nueva York, la ciudad que nunca duerme, ha sido el m\u00e1gico lugar donde se han reencontrado los m\u00edticos&hellip;\n","protected":false},"author":2,"featured_media":267386,"comment_status":"","ping_status":"","sticky":false,"template":"","format":"standard","meta":{"footnotes":""},"categories":[169],"tags":[517,177,7581,146,147,25,24,176,3999,175,23],"class_list":{"0":"post-267385","1":"post","2":"type-post","3":"status-publish","4":"format-standard","5":"has-post-thumbnail","7":"category-cine","8":"tag-actualidad","9":"tag-cine","10":"tag-daniel-radcliffe","11":"tag-entertainment","12":"tag-entretenimiento","13":"tag-es","14":"tag-espana","15":"tag-film","16":"tag-harry-potter","17":"tag-movies","18":"tag-spain"},"share_on_mastodon":{"url":"https:\/\/pubeurope.com\/@es\/115650578998889282","error":""},"_links":{"self":[{"href":"https:\/\/www.europesays.com\/es\/wp-json\/wp\/v2\/posts\/267385","targetHints":{"allow":["GET"]}}],"collection":[{"href":"https:\/\/www.europesays.com\/es\/wp-json\/wp\/v2\/posts"}],"about":[{"href":"https:\/\/www.europesays.com\/es\/wp-json\/wp\/v2\/types\/post"}],"author":[{"embeddable":true,"href":"https:\/\/www.europesays.com\/es\/wp-json\/wp\/v2\/users\/2"}],"replies":[{"embeddable":true,"href":"https:\/\/www.europesays.com\/es\/wp-json\/wp\/v2\/comments?post=267385"}],"version-history":[{"count":0,"href":"https:\/\/www.europesays.com\/es\/wp-json\/wp\/v2\/posts\/267385\/revisions"}],"wp:featuredmedia":[{"embeddable":true,"href":"https:\/\/www.europesays.com\/es\/wp-json\/wp\/v2\/media\/267386"}],"wp:attachment":[{"href":"https:\/\/www.europesays.com\/es\/wp-json\/wp\/v2\/media?parent=267385"}],"wp:term":[{"taxonomy":"category","embeddable":true,"href":"https:\/\/www.europesays.com\/es\/wp-json\/wp\/v2\/categories?post=267385"},{"taxonomy":"post_tag","embeddable":true,"href":"https:\/\/www.europesays.com\/es\/wp-json\/wp\/v2\/tags?post=267385"}],"curies":[{"name":"wp","href":"https:\/\/api.w.org\/{rel}","templated":true}]}}