{"id":267415,"date":"2025-12-02T15:28:11","date_gmt":"2025-12-02T15:28:11","guid":{"rendered":"https:\/\/www.europesays.com\/es\/267415\/"},"modified":"2025-12-02T15:28:11","modified_gmt":"2025-12-02T15:28:11","slug":"una-ausencia-inesperada-en-la-lista-para-recibir-al-atletico","status":"publish","type":"post","link":"https:\/\/www.europesays.com\/es\/267415\/","title":{"rendered":"Una ausencia inesperada en la lista para recibir al Atl\u00e9tico"},"content":{"rendered":"<p>                        Tras su baja por motivos personales ante el Alav\u00e9s, Frenkie de Jong volvi\u00f3 a quedar fuera de la convocatoria por un proceso febril y se une a las bajas de los lesionados Araujo, Ferm\u00edn, Ter Stegen y Gavi\n<\/p>\n<p><img src=\"https:\/\/www.mundodeportivo.com\/files\/image_449_220\/files\/fp\/uploads\/2025\/12\/02\/692ec8dd61acb.r_d.3805-4848-717.jpeg\" data-full-src=\"https:\/\/www.europesays.com\/es\/wp-content\/uploads\/2025\/12\/692ec8dd61acb.jpeg\" alt=\"Frenkie de Jong vuelve a la lista tras su ausencia ante el Alav\u00e9s\" width=\"449\" height=\"220\" class=\"nolazy\" decoding=\"async\" fetchpriority=\"high\"\/><\/p>\n<p class=\"caption-title \">Frenkie de Jong se quede fuera de la lista<\/p>\n<p>FCB<\/p>\n<p>                <img loading=\"lazy\" decoding=\"async\" width=\"60\" height=\"60\" alt=\"Una ausencia inesperada en la lista para recibir al Atl\u00e9tico\" title=\"\" src=\"\/files\/image_60_60\/uploads\/2021\/07\/27\/610032bd7c57c.png\" class=\"lazy\"\/><\/p>\n<p>\n                        Actualizado a  02\/12\/2025 13:36 CET\n                    <\/p>\n<p data-gtm-element-container=\"modulo-texto-link\" class=\"paragraph\">El <strong>FC Barcelona<\/strong> hizo p\u00fablica la lista de convocados para medirse este martes (21.00 horas\/Movistar LaLiga) al <strong>Atl\u00e9tico de Madrid<\/strong> en el Spotify Camp Nou y la gran ausencia es la de <strong>Frenkie de Jong<\/strong>. El mediocentro neerland\u00e9s fue baja de \u00faltima hora en el anterior encuentro contra el <strong>Deportivo Alav\u00e9s<\/strong> por motivos personales y ha vuelto a quedar fuera de la convocatoria ante los rojiblancos por un proceso febril.<\/p>\n<p data-gtm-element-container=\"modulo-texto-link\" class=\"paragraph\">Por otro lado, tal y como apunt\u00f3 <strong>Hansi Flick<\/strong> en la previa, el defensa uruguayo <strong>Ronald Araujo<\/strong> no estar\u00e1 disponible tras pedir un tiempo para recuperarse mentalmente despu\u00e9s de su expulsi\u00f3n ante el Chelsea. <strong>Araujo <\/strong>ser\u00e1 baja y se mantiene entre los ausentes junto a los lesionados <strong>Ferm\u00edn L\u00f3pez<\/strong>, <strong>Marc ter Stegen<\/strong> y <strong>Gavi<\/strong>.<\/p>\n<p>    Lee tambi\u00e9n<\/p>\n<p data-gtm-element-container=\"modulo-texto-link\" class=\"paragraph\"><strong>Flick <\/strong>volvi\u00f3 a confiar en los j\u00f3venes <strong>Jofre Torrents<\/strong>, <strong>Dro Fern\u00e1ndez<\/strong> y <strong>Tommy Marqu\u00e9s<\/strong> para completar la convocatoria, mientras que <strong>Diego Kochen<\/strong> ocupar\u00e1 la plaza de <strong>Eder Aller<\/strong> como tercer portero.\u00a0<\/p>\n<blockquote class=\"twitter-tweet\" data-lang=\"es\"><p>\n<a href=\"https:\/\/twitter.com\/FCBarcelona_es\/status\/1995828652924174514\" rel=\"nofollow noopener\" target=\"_blank\">\n<\/p><\/blockquote>\n<p data-gtm-element-container=\"modulo-texto-link\" class=\"paragraph\">Por su parte, el <strong>Atl\u00e9tico de Madrid<\/strong> viaj\u00f3 a Barcelona con las bajas de <strong>Marcos Llorente<\/strong> y <strong>Robin\u00a0Le Normand<\/strong> e intentar\u00e1 prolongar su buena racha de victorias.<\/p>\n<p>\n        Mostrar comentarios\n    <\/p>\n<p>{\u00aballowComment\u00bb:\u00bballowed\u00bb,\u00bbarticleId\u00bb:\u00bbarticle-1002579707&#8243;,\u00bburl\u00bb:\u00bbhttps:\\\/\\\/www.mundodeportivo.com\\\/futbol\\\/fc-barcelona\\\/20251202\\\/1002579707\\\/regreso-esperado-lista-recibir-atletico.html\u00bb,\u00bblivefyre-url\u00bb:\u00bbarticle-1002579707&#8243;}<\/p>\n<p>Cargando siguiente contenido&#8230;\n                <\/p>\n<p>    <script async src=\"https:\/\/platform.twitter.com\/widgets.js\" charset=\"utf-8\"><\/script><\/p>\n","protected":false},"excerpt":{"rendered":"Tras su baja por motivos personales ante el Alav\u00e9s, Frenkie de Jong volvi\u00f3 a quedar fuera de la&hellip;\n","protected":false},"author":2,"featured_media":267416,"comment_status":"","ping_status":"","sticky":false,"template":"","format":"standard","meta":{"footnotes":""},"categories":[93],"tags":[168,25,24,23,167],"class_list":{"0":"post-267415","1":"post","2":"type-post","3":"status-publish","4":"format-standard","5":"has-post-thumbnail","7":"category-deportes","8":"tag-deportes","9":"tag-es","10":"tag-espana","11":"tag-spain","12":"tag-sports"},"share_on_mastodon":{"url":"https:\/\/pubeurope.com\/@es\/115650685333047388","error":""},"_links":{"self":[{"href":"https:\/\/www.europesays.com\/es\/wp-json\/wp\/v2\/posts\/267415","targetHints":{"allow":["GET"]}}],"collection":[{"href":"https:\/\/www.europesays.com\/es\/wp-json\/wp\/v2\/posts"}],"about":[{"href":"https:\/\/www.europesays.com\/es\/wp-json\/wp\/v2\/types\/post"}],"author":[{"embeddable":true,"href":"https:\/\/www.europesays.com\/es\/wp-json\/wp\/v2\/users\/2"}],"replies":[{"embeddable":true,"href":"https:\/\/www.europesays.com\/es\/wp-json\/wp\/v2\/comments?post=267415"}],"version-history":[{"count":0,"href":"https:\/\/www.europesays.com\/es\/wp-json\/wp\/v2\/posts\/267415\/revisions"}],"wp:featuredmedia":[{"embeddable":true,"href":"https:\/\/www.europesays.com\/es\/wp-json\/wp\/v2\/media\/267416"}],"wp:attachment":[{"href":"https:\/\/www.europesays.com\/es\/wp-json\/wp\/v2\/media?parent=267415"}],"wp:term":[{"taxonomy":"category","embeddable":true,"href":"https:\/\/www.europesays.com\/es\/wp-json\/wp\/v2\/categories?post=267415"},{"taxonomy":"post_tag","embeddable":true,"href":"https:\/\/www.europesays.com\/es\/wp-json\/wp\/v2\/tags?post=267415"}],"curies":[{"name":"wp","href":"https:\/\/api.w.org\/{rel}","templated":true}]}}