{"id":267422,"date":"2025-12-02T15:33:08","date_gmt":"2025-12-02T15:33:08","guid":{"rendered":"https:\/\/www.europesays.com\/es\/267422\/"},"modified":"2025-12-02T15:33:08","modified_gmt":"2025-12-02T15:33:08","slug":"detenida-mogherini-antigua-jefa-de-la-diplomacia-europea-por-un-presunto-fraude-de-fondos-segun-la-prensa-belga-internacional","status":"publish","type":"post","link":"https:\/\/www.europesays.com\/es\/267422\/","title":{"rendered":"Detenida Mogherini, antigua jefa de la diplomacia europea, por un presunto fraude de fondos, seg\u00fan la prensa belga | Internacional"},"content":{"rendered":"<p class=\"\">La polic\u00eda belga ha efectuado este martes sendos registros en las dependencias del Servicio Europeo de Acci\u00f3n Exterior (SEAE) de la UE en Bruselas, actualmente bajo el mando de la jefa de la diplomacia europea, Kaja Kallas, as\u00ed como en la sede en Brujas del Colegio de Europa, dirigido por una de las predecesoras de la estonia, la italiana Federica Mogherini.<\/p>\n<p class=\"\">La inusual acci\u00f3n policial, con tres detenidos, ha sido ordenada por <a href=\"https:\/\/elpais.com\/internacional\/2020-08-09\/la-primera-fiscalia-europea-vigilara-los-fondos-y-la-recaudacion-del-iva.html\" target=\"_self\" rel=\"nofollow noopener\" title=\"https:\/\/elpais.com\/internacional\/2020-08-09\/la-primera-fiscalia-europea-vigilara-los-fondos-y-la-recaudacion-del-iva.html\">la Fiscal\u00eda Europea (EPPO),<\/a> por sus siglas en ingl\u00e9s, en el marco de una investigaci\u00f3n sobre un presunto fraude de fondos europeos para la formaci\u00f3n de j\u00f3venes diplom\u00e1ticos, seg\u00fan ha confirmado el organismo investigador de la UE. Seg\u00fan medios belgas como los diarios Le Soir y L\u2019Echo y la televisi\u00f3n VRT News, Mogherini, antigua jefa de la diplomacia europea, es una de las tres detenidas. <\/p>\n<p class=\"\">\u201cA petici\u00f3n de EPPO, y con la aprobaci\u00f3n de un juez de instrucci\u00f3n, la polic\u00eda federal ha realizado registros en varios edificios del Colegio de Europa en Brujas, en el SEAE y en casa de los sospechosos\u201d, ha indicado la Fiscal\u00eda Europea en un comunicado. El nuevo esc\u00e1ndalo en torno a instituciones europeas amenaza con sacudir a Bruselas casi tres a\u00f1os despu\u00e9s de que <a href=\"https:\/\/elpais.com\/noticias\/qatargate\/\" target=\"_self\" rel=\"nofollow noopener\" title=\"https:\/\/elpais.com\/noticias\/qatargate\/\">estallara el Qatargate <\/a>sobre presuntos sobornos de eurodiputados por parte de pa\u00edses como Qatar o Marruecos, que llev\u00f3 a varios arrestos e imputaciones, pero que todav\u00eda no se ha resuelto judicialmente. <\/p>\n<p class=\"\">La nueva investigaci\u00f3n, que cuenta con el apoyo de la Oficina Europea de Lucha contra el Fraude (OLAF), se centra en el proyecto de la Academia Diplom\u00e1tica de la Uni\u00f3n Europea. Es un programa de formaci\u00f3n de nueve meses de duraci\u00f3n destinado a diplom\u00e1ticos noveles de todos los Estados miembros, que fue adjudicado por el SEAE a la sede belga del Colegio de Europa para el periodo 2021-2022, tras un procedimiento de licitaci\u00f3n. En esa \u00e9poca, al frente del SEAE estaba el espa\u00f1ol Josep Borrell.<\/p>\n<p class=\"\">La Fiscal\u00eda Europea busca aclarar si el Colegio de Europa, o alguno de sus representantes \u201cfueron informados con antelaci\u00f3n sobre los criterios de selecci\u00f3n del procedimiento de licitaci\u00f3n y ten\u00edan motivos suficientes para creer que se les adjudicar\u00eda la ejecuci\u00f3n del proyecto, antes de la publicaci\u00f3n oficial del anuncio de licitaci\u00f3n por parte del SEAE\u201d. Seg\u00fan subraya la instituci\u00f3n con sede en Luxemburgo, existen \u201cfuertes sospechas\u201d de que pudo haberse revelado informaci\u00f3n confidencial que habr\u00eda favorecido a uno de los candidatos que participaban en la licitaci\u00f3n, lo que violar\u00eda las normas europeas sobre competencia leal. Muestra de que la investigaci\u00f3n puede afectar a altos responsables es el hecho de que, para proceder a los arrestos efectuados este martes, EPPO tuvo que pedir el levantamiento de la inmunidad de \u201cvarios sospechosos\u201d, acci\u00f3n que le fue aprobada, se\u00f1ala el comunicado. <\/p>\n<p class=\"\">Una portavoz de la Comisi\u00f3n Europea se ha limitado a confirmar que \u201cla polic\u00eda ha estado en la sede del Servicio Exterior\u201d esta ma\u00f1ana y que las pesquisas se concentran en \u201cactividades que tuvieron lugar durante el mandato previo\u201d de Borrell. El Ejecutivo europeo rechaza sin embargo dar m\u00e1s informaci\u00f3n, alegando que se trata de una \u201cinvestigaci\u00f3n en marcha\u201d. Tampoco ha querido ratificar si los detenidos forman parte de su Servicio Exterior. <\/p>\n<p class=\"\">Por el momento, ninguno de los responsables de las instituciones afectadas se ha pronunciado p\u00fablicamente. Seg\u00fan el medio europeo Euractiv, que adelant\u00f3 la noticia ahora confirmada oficialmente, los registros en pleno barrio europeo de Bruselas se produjeron a primera hora de la ma\u00f1ana, cuando una decena de agentes ingres\u00f3 en las oficinas del Servicio Exterior de la UE y se incaut\u00f3 de diversa documentaci\u00f3n, entre otros. <\/p>\n","protected":false},"excerpt":{"rendered":"La polic\u00eda belga ha efectuado este martes sendos registros en las dependencias del Servicio Europeo de Acci\u00f3n Exterior&hellip;\n","protected":false},"author":2,"featured_media":267423,"comment_status":"","ping_status":"","sticky":false,"template":"","format":"standard","meta":{"footnotes":""},"categories":[42],"tags":[17,18,1708,13,14,66032,11,61,62,63,64,734,19,20,9,10,15,16,586,12,21,22,1617,65,66,67],"class_list":{"0":"post-267422","1":"post","2":"type-post","3":"status-publish","4":"format-standard","5":"has-post-thumbnail","7":"category-internacional","8":"tag-breaking-news","9":"tag-breakingnews","10":"tag-comision-europea","11":"tag-featured-news","12":"tag-featurednews","13":"tag-fiscalia-europea","14":"tag-headlines","15":"tag-internacional","16":"tag-international","17":"tag-international-news","18":"tag-internationalnews","19":"tag-investigacion-judicial","20":"tag-latest-news","21":"tag-latestnews","22":"tag-news","23":"tag-noticias","24":"tag-noticias-destacadas","25":"tag-noticiasdestacadas","26":"tag-policia","27":"tag-titulares","28":"tag-ultimas-noticias","29":"tag-ultimasnoticias","30":"tag-union-europea","31":"tag-world","32":"tag-world-news","33":"tag-worldnews"},"share_on_mastodon":{"url":"","error":"Validation failed: Text character limit of 500 exceeded"},"_links":{"self":[{"href":"https:\/\/www.europesays.com\/es\/wp-json\/wp\/v2\/posts\/267422","targetHints":{"allow":["GET"]}}],"collection":[{"href":"https:\/\/www.europesays.com\/es\/wp-json\/wp\/v2\/posts"}],"about":[{"href":"https:\/\/www.europesays.com\/es\/wp-json\/wp\/v2\/types\/post"}],"author":[{"embeddable":true,"href":"https:\/\/www.europesays.com\/es\/wp-json\/wp\/v2\/users\/2"}],"replies":[{"embeddable":true,"href":"https:\/\/www.europesays.com\/es\/wp-json\/wp\/v2\/comments?post=267422"}],"version-history":[{"count":0,"href":"https:\/\/www.europesays.com\/es\/wp-json\/wp\/v2\/posts\/267422\/revisions"}],"wp:featuredmedia":[{"embeddable":true,"href":"https:\/\/www.europesays.com\/es\/wp-json\/wp\/v2\/media\/267423"}],"wp:attachment":[{"href":"https:\/\/www.europesays.com\/es\/wp-json\/wp\/v2\/media?parent=267422"}],"wp:term":[{"taxonomy":"category","embeddable":true,"href":"https:\/\/www.europesays.com\/es\/wp-json\/wp\/v2\/categories?post=267422"},{"taxonomy":"post_tag","embeddable":true,"href":"https:\/\/www.europesays.com\/es\/wp-json\/wp\/v2\/tags?post=267422"}],"curies":[{"name":"wp","href":"https:\/\/api.w.org\/{rel}","templated":true}]}}