{"id":267424,"date":"2025-12-02T15:34:09","date_gmt":"2025-12-02T15:34:09","guid":{"rendered":"https:\/\/www.europesays.com\/es\/267424\/"},"modified":"2025-12-02T15:34:09","modified_gmt":"2025-12-02T15:34:09","slug":"el-jefe-del-ejercito-del-aire-llama-a-prepararse-ante-la-nueva-amenaza-hay-armas-en-el-espacio-espana","status":"publish","type":"post","link":"https:\/\/www.europesays.com\/es\/267424\/","title":{"rendered":"El jefe del Ej\u00e9rcito del Aire llama a prepararse ante la nueva amenaza: \u201cHay armas en el espacio\u201d | Espa\u00f1a"},"content":{"rendered":"<p class=\"\">\u201cNo estamos en guerra, pero tampoco en paz\u201d. <a href=\"https:\/\/elpais.com\/espana\/2024-09-07\/la-vuelta-al-mundo-en-56-dias-del-ejercito-del-aire.html\" target=\"_self\" rel=\"nofollow noopener\" title=\"https:\/\/elpais.com\/espana\/2024-09-07\/la-vuelta-al-mundo-en-56-dias-del-ejercito-del-aire.html\">El general de cuatro estrellas Francisco Braco,<\/a> jefe del Ej\u00e9rcito del Aire y del Espacio, ha parafraseado al secretario general de la Alianza Atl\u00e1nticam Mark Rutte, para explicar c\u00f3mo afronta el futuro inmediato: buscando la mejora continua de sus capacidades para anticiparse a cualquier escenario. \u201cEn la OTAN hemos llegado a la conclusi\u00f3n de que la guerra de Ucrania dura m\u00e1s de tres a\u00f1os por no haber conseguido la superioridad a\u00e9rea\u201d, ha subrayado, tras destacar que el espacio a\u00e9reo de varios pa\u00edses aliados ha sido violado por drones.<\/p>\n<p class=\"\">Uno los campos donde se libra la actual pugna por la hegemon\u00eda global, ha explicado el general Braco en un encuentro con periodistas, es el del espacio, que se a\u00f1adi\u00f3 en 2022 como coletilla al nombre tradicional del Ej\u00e9rcito del Aire. Este dominio, que \u201chasta hace pocos a\u00f1os era considerado como un bien com\u00fan\u201d, un \u00e1mbito de cooperaci\u00f3n o como m\u00e1ximo de rivalidad entre potencias, se ha convertido en un potencial campo de batalla. \u201cEl espacio est\u00e1 armado. En la actualidad hay armas en el espacio y tenemos que hacer frente a esta situaci\u00f3n\u201d, ha advertido el jefe de la Fuerza A\u00e9rea. No consta la existencia de plataformas lanzadoras de misiles en el espacio exterior, ha explicado, pero s\u00ed existe la amenaza de sat\u00e9lites kamikaze y de sistemas capaces de producir perturbaciones electromagn\u00e9ticas que inutilicen sat\u00e9lites de comunicaciones, geolocalizaci\u00f3n u observaci\u00f3n del adversario. <\/p>\n<p class=\"\">Por eso, uno de los proyectos en los que trabaja ya el Estado Mayor del <a href=\"https:\/\/elpais.com\/noticias\/ejercito-aire\/\" target=\"_self\" rel=\"nofollow noopener\" title=\"https:\/\/elpais.com\/noticias\/ejercito-aire\/\">Ej\u00e9rcito del Aire y del Espacio <\/a>es el futuro NEMO, un sat\u00e9lite-polic\u00eda cuya misi\u00f3n ser\u00e1 proteger la infraestructura espa\u00f1ola en el espacio exterior de cualquier posible agresi\u00f3n. A este se suman otros programas como el RORCOBE (Red de Observatorios Rob\u00f3ticos), la adquisici\u00f3n de un nuevo radar de seguimiento espacial y un simulador de mec\u00e1nica orbital espacial, todos ellos vinculados a la iniciativa del futuro Escudo Espacial Europeo, ha a\u00f1adido. <\/p>\n<p class=\"\">En marzo de 2023, Espa\u00f1a, siguiendo el ejemplo de otros pa\u00edses, puso en marcha el Mando del Espacio, cuyo <a href=\"https:\/\/elpais.com\/politica\/2018\/08\/15\/actualidad\/1534358276_285238.html\" target=\"_self\" rel=\"nofollow noopener\" title=\"https:\/\/elpais.com\/politica\/2018\/08\/15\/actualidad\/1534358276_285238.html\">Centro de Operaciones de Vigilancia Espacial (COVE)<\/a> se encarga de monitorizar y catalogar los objetos espaciales, para predecir su posible reentrada en la atm\u00f3sfera, y realizar un seguimiento de la meteorolog\u00eda espacial, as\u00ed como la degradaci\u00f3n de los servicios de navegaci\u00f3n por sat\u00e9lite, por fen\u00f3menos naturales o no. Sus capacidades, seg\u00fan el general Braco, han experimentado \u201cun salto cualitativo\u201d con la actualizaci\u00f3n del radar de vigilancia espacial S3TSR, instalado en la base de Mor\u00f3n de la Frontera (Sevilla), y la recepci\u00f3n del nuevo sistema de Conocimiento y Control de la Situaci\u00f3n Espacial (CCSE).<\/p>\n<p class=\"\">Los <a href=\"https:\/\/elpais.com\/espana\/2025-08-06\/el-gobierno-aparca-la-compra-de-cazas-f-35-estadounidenses-y-busca-alternativas-europeas.html\" target=\"_self\" rel=\"nofollow noopener\" title=\"https:\/\/elpais.com\/espana\/2025-08-06\/el-gobierno-aparca-la-compra-de-cazas-f-35-estadounidenses-y-busca-alternativas-europeas.html\">planes del Ej\u00e9rcito del Aire y del Espacio <\/a>incluyen tambi\u00e9n la adecuaci\u00f3n de las denominadas bases de despliegue (Santiago, Le\u00f3n, Salamanca, Valladolid, Granada, M\u00e1laga, Talavera la Real, Son San Joan, Tenerife y Lanzarote), donde se dispersar\u00eda la Fuerza A\u00e9rea en caso de crisis, mediante la instalaci\u00f3n de arsenales para disponer de armamento y munici\u00f3n preposicionado, como el que se est\u00e1 construyendo en Mallorca. En cuanto a las aeroanves, est\u00e1 previsto que en 2026 se reciban los tres primeros Eurofigter que sustituir\u00e1n a los viejos cazas F-18 de la base de Gando (Las Palmas), que acaban su vida operativa, as\u00ed como los tres primeros C295 de patrulla mar\u00edtima; y se ha aumentado de 14 a 17 la plantilla de aviones de transporte A400M, aunque est\u00e1 pendiente la venta a un tercer pa\u00eds de otras 10 unidades que Espa\u00f1a se comprometi\u00f3 a comprar a Airbus.<\/p>\n<p class=\"\">El jefe del Ej\u00e9rcito del Aire y del Espacio se ha mostrado convencido de que el programa FCAS superar\u00e1 su actual crisis \u2014provocada por el enfrentamiento entre las industrias de Francia y Alemania\u2014 y se alcanzar\u00e1 un acuerdo antes de final de a\u00f1o para iniciar una nueva fase.<\/p>\n<p class=\"\">Desde el punto de vista operativo, ha anunciado que Espa\u00f1a no solo mantiene, sino que ha aumentado su compromiso con la defensa del flanco este de la OTAN, de forma que el actual destacamento del Ej\u00e9rcito del Aire en Lituania est\u00e1 integrado por 11 cazas F-18, en vez de los ocho Eurofighter del anterior, adem\u00e1s de un avi\u00f3n cisterna A400M en permanencia y otro con car\u00e1cter temporal. Parte del destacamento participar\u00e1 desde Lituania en la misi\u00f3n Centinela Oriental, puesta en marcha por la OTAN tras la entrada masiva de drones rusos en Polonia en septiembre pasado, por lo que se ha descartado finalmente el env\u00edo de cazas espa\u00f1oles a una base polaca, como se plane\u00f3 inicialmente. Adem\u00e1s, Eurofighter espa\u00f1oles volver\u00e1n a desplegarse el a\u00f1o pr\u00f3ximo en Australia en un ejercicio conjunto con la Fuerza A\u00e9rea alemana, mientras que la patrulla ASPA, la unidad acrob\u00e1tica de helic\u00f3pteros, visitar\u00e1 Brasil, Uruguay y Argentina, para conmemorar el centenario de los grandes vuelos, que se inicia el 22 de enero con el Plus Ultra.<\/p>\n","protected":false},"excerpt":{"rendered":"\u201cNo estamos en guerra, pero tampoco en paz\u201d. El general de cuatro estrellas Francisco Braco, jefe del Ej\u00e9rcito&hellip;\n","protected":false},"author":2,"featured_media":267425,"comment_status":"","ping_status":"","sticky":false,"template":"","format":"standard","meta":{"footnotes":""},"categories":[8],"tags":[6980,17,18,15971,25,21512,24,13,14,69,11,19,20,2585,9,10,15,16,23,12,21,22],"class_list":{"0":"post-267424","1":"post","2":"type-post","3":"status-publish","4":"format-standard","5":"has-post-thumbnail","7":"category-espana","8":"tag-armamento","9":"tag-breaking-news","10":"tag-breakingnews","11":"tag-ejercito-aire","12":"tag-es","13":"tag-espacio-exterior","14":"tag-espana","15":"tag-featured-news","16":"tag-featurednews","17":"tag-guerra","18":"tag-headlines","19":"tag-latest-news","20":"tag-latestnews","21":"tag-ministerio-de-defensa","22":"tag-news","23":"tag-noticias","24":"tag-noticias-destacadas","25":"tag-noticiasdestacadas","26":"tag-spain","27":"tag-titulares","28":"tag-ultimas-noticias","29":"tag-ultimasnoticias"},"share_on_mastodon":{"url":"https:\/\/pubeurope.com\/@es\/115650708606622260","error":""},"_links":{"self":[{"href":"https:\/\/www.europesays.com\/es\/wp-json\/wp\/v2\/posts\/267424","targetHints":{"allow":["GET"]}}],"collection":[{"href":"https:\/\/www.europesays.com\/es\/wp-json\/wp\/v2\/posts"}],"about":[{"href":"https:\/\/www.europesays.com\/es\/wp-json\/wp\/v2\/types\/post"}],"author":[{"embeddable":true,"href":"https:\/\/www.europesays.com\/es\/wp-json\/wp\/v2\/users\/2"}],"replies":[{"embeddable":true,"href":"https:\/\/www.europesays.com\/es\/wp-json\/wp\/v2\/comments?post=267424"}],"version-history":[{"count":0,"href":"https:\/\/www.europesays.com\/es\/wp-json\/wp\/v2\/posts\/267424\/revisions"}],"wp:featuredmedia":[{"embeddable":true,"href":"https:\/\/www.europesays.com\/es\/wp-json\/wp\/v2\/media\/267425"}],"wp:attachment":[{"href":"https:\/\/www.europesays.com\/es\/wp-json\/wp\/v2\/media?parent=267424"}],"wp:term":[{"taxonomy":"category","embeddable":true,"href":"https:\/\/www.europesays.com\/es\/wp-json\/wp\/v2\/categories?post=267424"},{"taxonomy":"post_tag","embeddable":true,"href":"https:\/\/www.europesays.com\/es\/wp-json\/wp\/v2\/tags?post=267424"}],"curies":[{"name":"wp","href":"https:\/\/api.w.org\/{rel}","templated":true}]}}