{"id":267426,"date":"2025-12-02T15:35:15","date_gmt":"2025-12-02T15:35:15","guid":{"rendered":"https:\/\/www.europesays.com\/es\/267426\/"},"modified":"2025-12-02T15:35:15","modified_gmt":"2025-12-02T15:35:15","slug":"beneficios-fiscales-para-explotaciones-agrarias-en-el-ambito-de-los-impuestos-sobre-sucesiones-y-donaciones-y-sobre-transmisiones-patrimoniales-y-actos-juridicos-documentados-agencia-tributaria-de-ca","status":"publish","type":"post","link":"https:\/\/www.europesays.com\/es\/267426\/","title":{"rendered":"Beneficios fiscales para explotaciones agrarias en el \u00e1mbito de los impuestos sobre sucesiones y donaciones y sobre transmisiones patrimoniales y actos jur\u00eddicos documentados. Agencia Tributaria de Catalu\u00f1a"},"content":{"rendered":"<p>&#13;<br \/>\n                            02\/12\/2025&#13;\n                        <\/p>\n<p>El 1 de diciembre de 2025 han entrado en vigor las medidas fiscales para explotaciones agrarias en el \u00e1mbito del impuesto sobre sucesiones y donaciones y del impuesto sobre transmisiones patrimoniales y actos jur\u00eddicos documentados, aprobadas por el <a href=\"https:\/\/dogc.gencat.cat\/es\/document-del-dogc\/index.html?documentId=1026949\" target=\"_blank\" rel=\"noopener nofollow\">Decreto ley 21\/2025<\/a>, de 14 de octubre, de medidas urgentes de apoyo al sector agrario y forestal, que modifica el <a href=\"https:\/\/portaljuridic.gencat.cat\/eli\/es-ct\/dlg\/2024\/03\/12\/1\" target=\"_blank\" rel=\"noopener nofollow\">Decreto legislativo 1\/2024<\/a>, de 12 de marzo, por el que se aprueba el libro sexto del C\u00f3digo tributario de Catalu\u00f1a. El Decreto fue validado por la <a href=\"https:\/\/portaljuridic.gencat.cat\/ca\/document-del-pjur\/?documentId=1030118&amp;validity=1&amp;traceability=01\" target=\"_blank\" rel=\"noopener nofollow\">Resoluci\u00f3n 461\/XV<\/a> del Parlamento de Catalu\u00f1a, de validaci\u00f3n del Decreto ley 21\/2025, de medidas urgentes de apoyo al sector agrario y forestal (DOGC n\u00fam. 9549, de 25.11.2025).<\/p>\n<p>Los beneficios fiscales introducidos son los siguientes:<\/p>\n<ul>\n<li>En el \u00e1mbito del <strong>impuesto sobre sucesiones y donaciones<\/strong>, en la <strong>modalidad de sucesiones<\/strong>, se ampl\u00eda el alcance de la actual reducci\u00f3n del 95 % para los bienes afectos a la explotaci\u00f3n agraria del causahabiente, que en el texto legislativo se pasa a denominar \u201creducci\u00f3n por adquisici\u00f3n de explotaci\u00f3n agraria\u201d (c\u00f3digo de la reducci\u00f3n: EH). Esta reducci\u00f3n es del 99 % para los j\u00f3venes agricultores (c\u00f3digo de la reducci\u00f3n: JA).<\/li>\n<li>En el \u00e1mbito del <strong>impuesto sobre sucesiones y donaciones<\/strong>, en la <strong>modalidad de donaciones<\/strong>, se introduce la reducci\u00f3n del 95 % por la donaci\u00f3n de explotaci\u00f3n agraria (c\u00f3digo de la reducci\u00f3n: EH). Esta reducci\u00f3n es del 99 % para los j\u00f3venes agricultores (c\u00f3digo de la reducci\u00f3n: JA).<\/li>\n<li>En el \u00e1mbito del <strong>impuesto sobre transmisiones patrimoniales y actos jur\u00eddicos documentados<\/strong>, en la <strong>modalidad de transmisiones patrimoniales<\/strong> se introducen los siguientes beneficios fiscales:\n<ul>\n<li><strong>Bonificaci\u00f3n del 95 % por la transmisi\u00f3n de bienes inmuebles de naturaleza r\u00fastica integrados en una explotaci\u00f3n agraria cuando el adquirente es un agricultor profesional <\/strong>(c\u00f3digo de la bonificaci\u00f3n: 458).<\/li>\n<li><strong>Bonificaci\u00f3n del 95 % por expedientes de dominio, actos de notoriedad y actos complementarios de documentos p\u00fablicos referidos a fincas integradas en explotaciones agrarias <\/strong>(c\u00f3digo de la bonificaci\u00f3n: 460).<\/li>\n<li><strong>Bonificaci\u00f3n del 99 % por la transmisi\u00f3n de bienes inmuebles de naturaleza r\u00fastica integrados en una explotaci\u00f3n agraria cuando el adquirente es un agricultor profesional joven agricultor <\/strong>(c\u00f3digo de la bonificaci\u00f3n: 459).<\/li>\n<\/ul>\n<\/li>\n<li>En el \u00e1mbito del <strong>impuesto sobre transmisiones patrimoniales y actos jur\u00eddicos documentados<\/strong>, en la <strong>modalidad de actos jur\u00eddicos documentados<\/strong> se introduce el siguiente beneficio fiscal:\n<ul>\n<li><strong>Bonificaci\u00f3n del 90 % de las escrituras p\u00fablicas de divisi\u00f3n, segregaci\u00f3n, agregaci\u00f3n y agrupaci\u00f3n de fincas integradas en explotaciones agrarias <\/strong>(c\u00f3digo de la bonificaci\u00f3n: 461).<\/li>\n<\/ul>\n<\/li>\n<\/ul>\n<p>\t\t\t<img loading=\"lazy\" decoding=\"async\" src=\"https:\/\/www.europesays.com\/es\/wp-content\/uploads\/2025\/12\/trama-noticia-1-400x93.jpg_1140309541.jpg\" width=\"400\" height=\"93\" alt=\"Imagen decorativa. Trama de puntos propia de la ATC\" class=\"widthResponsiveATC\"\/><\/p>\n","protected":false},"excerpt":{"rendered":"&#13; 02\/12\/2025&#13; El 1 de diciembre de 2025 han entrado en vigor las medidas fiscales para explotaciones agrarias&hellip;\n","protected":false},"author":2,"featured_media":267427,"comment_status":"","ping_status":"","sticky":false,"template":"","format":"standard","meta":{"footnotes":""},"categories":[5],"tags":[17,18,25,24,13,14,11,19,20,9,10,15,16,23,12,21,22],"class_list":{"0":"post-267426","1":"post","2":"type-post","3":"status-publish","4":"format-standard","5":"has-post-thumbnail","7":"category-titulares","8":"tag-breaking-news","9":"tag-breakingnews","10":"tag-es","11":"tag-espana","12":"tag-featured-news","13":"tag-featurednews","14":"tag-headlines","15":"tag-latest-news","16":"tag-latestnews","17":"tag-news","18":"tag-noticias","19":"tag-noticias-destacadas","20":"tag-noticiasdestacadas","21":"tag-spain","22":"tag-titulares","23":"tag-ultimas-noticias","24":"tag-ultimasnoticias"},"share_on_mastodon":{"url":"https:\/\/pubeurope.com\/@es\/115650712498523490","error":""},"_links":{"self":[{"href":"https:\/\/www.europesays.com\/es\/wp-json\/wp\/v2\/posts\/267426","targetHints":{"allow":["GET"]}}],"collection":[{"href":"https:\/\/www.europesays.com\/es\/wp-json\/wp\/v2\/posts"}],"about":[{"href":"https:\/\/www.europesays.com\/es\/wp-json\/wp\/v2\/types\/post"}],"author":[{"embeddable":true,"href":"https:\/\/www.europesays.com\/es\/wp-json\/wp\/v2\/users\/2"}],"replies":[{"embeddable":true,"href":"https:\/\/www.europesays.com\/es\/wp-json\/wp\/v2\/comments?post=267426"}],"version-history":[{"count":0,"href":"https:\/\/www.europesays.com\/es\/wp-json\/wp\/v2\/posts\/267426\/revisions"}],"wp:featuredmedia":[{"embeddable":true,"href":"https:\/\/www.europesays.com\/es\/wp-json\/wp\/v2\/media\/267427"}],"wp:attachment":[{"href":"https:\/\/www.europesays.com\/es\/wp-json\/wp\/v2\/media?parent=267426"}],"wp:term":[{"taxonomy":"category","embeddable":true,"href":"https:\/\/www.europesays.com\/es\/wp-json\/wp\/v2\/categories?post=267426"},{"taxonomy":"post_tag","embeddable":true,"href":"https:\/\/www.europesays.com\/es\/wp-json\/wp\/v2\/tags?post=267426"}],"curies":[{"name":"wp","href":"https:\/\/api.w.org\/{rel}","templated":true}]}}