{"id":267430,"date":"2025-12-02T15:43:11","date_gmt":"2025-12-02T15:43:11","guid":{"rendered":"https:\/\/www.europesays.com\/es\/267430\/"},"modified":"2025-12-02T15:43:11","modified_gmt":"2025-12-02T15:43:11","slug":"ya-se-sabe-la-fecha-del-retorno-de-wembanyama","status":"publish","type":"post","link":"https:\/\/www.europesays.com\/es\/267430\/","title":{"rendered":"ya se sabe la fecha del retorno de Wembanyama"},"content":{"rendered":"<p data-gtm-element-container=\"modulo-texto-link\" class=\"paragraph\">Los <strong>San Antonio Spurs empezaron la temporada como uno de los mejores equipos de toda la NBA<\/strong>. De hecho, firmaron una inmaculada <strong>marca de 5-0 en el inicio de la &#8216;regular season&#8217;<\/strong>, con un <strong>Victor Wembanyama<\/strong>\u00a0en plan MVP: <strong>26,2 puntos, 12,9 rebotes y 3,6 tapones.<\/strong><\/p>\n<p data-gtm-element-container=\"modulo-texto-link\" class=\"paragraph\">Actualmente, los Spurs ocupan la quinta posici\u00f3n en la Conferencia Oeste, con un r\u00e9cord de 13-6, pese a que el p\u00edvot franc\u00e9s <strong>se ha perdido los \u00faltimos siete partidos por una lesi\u00f3n en la pantorrilla.<\/strong><\/p>\n<p data-gtm-element-container=\"modulo-texto-link\" class=\"paragraph\">A pesar de que<strong> su marca sin Wembanyama no es, para nada, mala (5-2)<\/strong>, en la franquicia tejana ya cuentan los d\u00edas para el retorno del prodigio franc\u00e9s, que a\u00fan estar\u00e1 fuera por alg\u00fan tiempo m\u00e1s, pero que ve su retorno cada d\u00eda m\u00e1s cercano.<\/p>\n<p data-gtm-element-container=\"modulo-texto-link\" class=\"paragraph\">De hecho, <strong>Jeff McDonald,<\/strong> periodista especializado en informaci\u00f3n de los Spurs para el San Antonio Express-News, intent\u00f3 dar una fecha aproximada para el regreso de Webanyama. Y son buenas noticias para los aficionados de San Antonio.<\/p>\n<p data-gtm-element-container=\"modulo-texto-link\" class=\"paragraph\">\u00abSi tuviera que apostar mi casa (s\/c) a que Wemby jugar\u00e1 la pr\u00f3xima semana por la Copa de la NBA, apostar\u00eda en contra. Si tuviera que apostar a que Wemby volver\u00e1 para Navidad, creo que es casi seguro. La mejor apuesta est\u00e1 en un punto intermedio entre ambos pron\u00f3sticos\u00bb, dijo.<\/p>\n<p data-gtm-element-container=\"modulo-texto-link\" class=\"paragraph\">McDonald cree que la lesi\u00f3n no es tan grave, pero podr\u00eda llevar tiempo, ya que <strong>la gerencia de los Spurs podr\u00eda querer ser m\u00e1s paciente con su superestrella<\/strong>. Aunque una &#8216;vuelta a casa&#8217; por Navidad de Wembanyama ser\u00eda, sin duda, el mejor de los regalos para los aficionados de los Spurs.<\/p>\n","protected":false},"excerpt":{"rendered":"Los San Antonio Spurs empezaron la temporada como uno de los mejores equipos de toda la NBA. De&hellip;\n","protected":false},"author":2,"featured_media":267431,"comment_status":"","ping_status":"","sticky":false,"template":"","format":"standard","meta":{"footnotes":""},"categories":[269],"tags":[299,298,168,25,24,23,167],"class_list":{"0":"post-267430","1":"post","2":"type-post","3":"status-publish","4":"format-standard","5":"has-post-thumbnail","7":"category-baloncesto","8":"tag-baloncesto","9":"tag-basketball","10":"tag-deportes","11":"tag-es","12":"tag-espana","13":"tag-spain","14":"tag-sports"},"share_on_mastodon":{"url":"https:\/\/pubeurope.com\/@es\/115650743932536302","error":""},"_links":{"self":[{"href":"https:\/\/www.europesays.com\/es\/wp-json\/wp\/v2\/posts\/267430","targetHints":{"allow":["GET"]}}],"collection":[{"href":"https:\/\/www.europesays.com\/es\/wp-json\/wp\/v2\/posts"}],"about":[{"href":"https:\/\/www.europesays.com\/es\/wp-json\/wp\/v2\/types\/post"}],"author":[{"embeddable":true,"href":"https:\/\/www.europesays.com\/es\/wp-json\/wp\/v2\/users\/2"}],"replies":[{"embeddable":true,"href":"https:\/\/www.europesays.com\/es\/wp-json\/wp\/v2\/comments?post=267430"}],"version-history":[{"count":0,"href":"https:\/\/www.europesays.com\/es\/wp-json\/wp\/v2\/posts\/267430\/revisions"}],"wp:featuredmedia":[{"embeddable":true,"href":"https:\/\/www.europesays.com\/es\/wp-json\/wp\/v2\/media\/267431"}],"wp:attachment":[{"href":"https:\/\/www.europesays.com\/es\/wp-json\/wp\/v2\/media?parent=267430"}],"wp:term":[{"taxonomy":"category","embeddable":true,"href":"https:\/\/www.europesays.com\/es\/wp-json\/wp\/v2\/categories?post=267430"},{"taxonomy":"post_tag","embeddable":true,"href":"https:\/\/www.europesays.com\/es\/wp-json\/wp\/v2\/tags?post=267430"}],"curies":[{"name":"wp","href":"https:\/\/api.w.org\/{rel}","templated":true}]}}