{"id":267432,"date":"2025-12-02T15:44:16","date_gmt":"2025-12-02T15:44:16","guid":{"rendered":"https:\/\/www.europesays.com\/es\/267432\/"},"modified":"2025-12-02T15:44:16","modified_gmt":"2025-12-02T15:44:16","slug":"boyomo-en-la-tormenta-etoo","status":"publish","type":"post","link":"https:\/\/www.europesays.com\/es\/267432\/","title":{"rendered":"Boyomo, en la tormenta Eto&#8217;o"},"content":{"rendered":"<p>    <img loading=\"lazy\" decoding=\"async\" src=\"https:\/\/www.europesays.com\/es\/wp-content\/uploads\/2025\/12\/5ffe3755-8626-4efd-bdb6-bf4cc53f7391_16-9-discover-aspect-ratio_default_0.jpg\" alt=\"Boyomo, en un entrenamiento de esta semana en Tajonar.\" width=\"1200\" height=\"675\" title=\"Boyomo, en un entrenamiento de esta semana en Tajonar.\" style=\"height:auto;\"\/><\/p>\n<p class=\"article-photo__footer\">\n        Boyomo, en un entrenamiento de esta semana en Tajonar.<br \/>\n                    Oskar Montero\n            <\/p>\n<p class=\"article-body__text article-body__text--entry article-body__text-middle\">\n        <strong>Samuel Eto&#8217;o, que ha sido reelegido presidente de la Federaci\u00f3n de Camer\u00fan, ha decidido cambiar de seleccionador a menos de un mes del inicio de la Copa de \u00c1frica que se disputar\u00e1 en Marruecos y nombrar a David Pagou.<\/strong> En un comunicado del organismo, Eto&#8217;o informa de la designaci\u00f3n, aprobada por el comit\u00e9 de urgencia a propuesta del propio exdelantero del Real Madrid y Barcelona, de Pagou como nuevo seleccionador en lugar del belga Marc Brys<a href=\"https:\/\/fecafoot-officiel.com\/wp-content\/uploads\/2025\/12\/COMMUNIQUE-FINAL-DE-LA-SESSION-DU-COMUR-DE-LA-FECAFOOT-TENUE-LE-01-DECEMBR.pdf\" title=\". El comunicado de la Federaci\u00f3n evidencia un claro conflicto interno\" rel=\"nofollow noopener\" class=\"link copy\" target=\"_blank\">. El comunicado de la Federaci\u00f3n evidencia un claro conflicto interno<\/a>, ya que se enumeran una serie de incumplimientos por parte del entrenador saliente.\u00a0<strong>\u00abSu negativa manifiesta a asistir a ciertas sesiones de trabajo, la publicaci\u00f3n de la lista de los jugadores y la organizaci\u00f3n de conferencias de prensa sin autorizaci\u00f3n previa, en desprecio y violaci\u00f3n de los procedimientos habituales, el incumplimiento de la carta de marketing, poniendo en peligro los v\u00ednculos contractuales existentes entre la Federaci\u00f3n y sus patrocinadores<\/strong>, la negativa a comunicar sus programas de entrenamiento o los informes al t\u00e9rmino de los encuentros internacionales; la falta de comunicaci\u00f3n, dentro de los plazos, de las listas definitivas de los jugadores convocados para los partidos, el desconocimiento del cuerpo administrativo, deportivo y t\u00e9cnico de la Selecci\u00f3n, la falta de atender las convocatorias que le fueron dirigidas para ciertas concentraciones, el uso de subterfugios para eludir su obligaci\u00f3n profesional de celebrar conferencias de prensa dedicadas a la publicaci\u00f3n de la lista de jugadores y el desv\u00edo de los jugadores y su instigaci\u00f3n a la desconfianza hacia la <strong>FECAFOOT<\/strong>\u00ab, dice la nota.\n<\/p>\n<p>            <a href=\"https:\/\/www.noticiasdenavarra.com\/osasuna\/2025\/08\/29\/boyomo-recibe-llamada-camerun-10026232.html\" title=\"Boyomo recibe la llamada de Camer\u00fan\" class=\"new__media\" rel=\"nofollow noopener\" target=\"_blank\"><\/p>\n<p>                <img alt=\"Boyomo recibe la llamada de Camer\u00fan\" data-src=\"https:\/\/www.europesays.com\/es\/wp-content\/uploads\/2025\/07\/9886d948-08be-43cc-9f65-4352a8c9c7a7_16-9-aspect-ratio_default_0.jpg\" class=\"lozad\"\/><\/p>\n<p>        <\/a><\/p>\n<p>        <a href=\"https:\/\/www.noticiasdenavarra.com\/osasuna\/2025\/08\/29\/boyomo-recibe-llamada-camerun-10026232.html\" title=\"Boyomo recibe la llamada de Camer\u00fan\" class=\"new__headline\" rel=\"nofollow noopener\" target=\"_blank\"><br \/>\n            Boyomo recibe la llamada de Camer\u00fan<br \/>\n        <\/a><\/p>\n<p class=\"article-body__text \">\n        Seg\u00fan la informaci\u00f3n, <strong>Pagou <\/strong>tendr\u00e1 como coordinador a Martin Mdtoungou y t\u00e9cnico adjunto a Alexandre Gregoire, entre otros cargos del cuerpo t\u00e9cnico, mientras que el coordinador de las selecciones nacionales der\u00e1 Timothee Atouba.\n<\/p>\n<p>  Una convocatoria pol\u00e9mica<\/p>\n<p class=\"article-body__text \">\n        El relevo del entrenador ha causado una gran sorpresa en el pa\u00eds, por lo precipitado de la toma de las decisiones.<strong> Boyomo, que desde que lleg\u00f3 a Osasuna ha logrado debutar con la selecci\u00f3n absoluta y ha sido convocado de forma regular, se mantiene en los planes del nuevo seleccionador.<\/strong><a href=\"https:\/\/x.com\/UnitedStandMUFC\/status\/1995565059951788189\" title=\"Sin embargo, la primera decisi\u00f3n importante de Pagou ha sido fuera de los seleccionados al portero, actualmente en el Trabzonspor turco, Andr\u00e9 Onana.\" rel=\"nofollow\" class=\"link copy\"> Sin embargo, la primera decisi\u00f3n importante de Pagou ha sido fuera de los seleccionados al portero, actualmente en el Trabzonspor turco, Andr\u00e9 Onana. <\/a>El meta, de 29 a\u00f1os, ha estado en el punto de mira desde su etapa en el Manchester United. Ha sido 53 veces internacional y titular en los \u00faltimos 15 partidos de la selecci\u00f3n. En la convocatoria, tambi\u00e9n se encuentra el delantero del<strong> Levante Etta Eyong.<\/strong>\n<\/p>\n<p class=\"article-body__text \">\n        <strong>Los leones indomables, que no consiguieron clasificarse para el Mundial 2026,<\/strong> se estrenar\u00e1n en la Copa de \u00c1frica el d\u00eda 24 ante Gab\u00f3n, el 28 se enfrentar\u00e1n a Costa de Marfil y el 31 a Mozambique.\n<\/p>\n<p class=\"article-body__text \">\n        <strong>Boyomo jugar\u00e1 su \u00faltimo partido con Osasuna probablemente frente al Barcelona, antes de irse a la concentraci\u00f3n camerunesa. <\/strong><\/p>\n","protected":false},"excerpt":{"rendered":"Boyomo, en un entrenamiento de esta semana en Tajonar. Oskar Montero Samuel Eto&#8217;o, que ha sido reelegido presidente&hellip;\n","protected":false},"author":2,"featured_media":267433,"comment_status":"","ping_status":"","sticky":false,"template":"","format":"standard","meta":{"footnotes":""},"categories":[268],"tags":[5130,30728,66034,168,25,24,66033,41337,280,282,621,1945,281,23,167],"class_list":{"0":"post-267432","1":"post","2":"type-post","3":"status-publish","4":"format-standard","5":"has-post-thumbnail","7":"category-futbol","8":"tag-boyomo","9":"tag-camerun","10":"tag-copa-de-africa","11":"tag-deportes","12":"tag-es","13":"tag-espana","14":"tag-etoo","15":"tag-etta-eyong","16":"tag-football","17":"tag-futbol","18":"tag-osasuna","19":"tag-primera-division","20":"tag-soccer","21":"tag-spain","22":"tag-sports"},"share_on_mastodon":{"url":"https:\/\/pubeurope.com\/@es\/115650748166773278","error":""},"_links":{"self":[{"href":"https:\/\/www.europesays.com\/es\/wp-json\/wp\/v2\/posts\/267432","targetHints":{"allow":["GET"]}}],"collection":[{"href":"https:\/\/www.europesays.com\/es\/wp-json\/wp\/v2\/posts"}],"about":[{"href":"https:\/\/www.europesays.com\/es\/wp-json\/wp\/v2\/types\/post"}],"author":[{"embeddable":true,"href":"https:\/\/www.europesays.com\/es\/wp-json\/wp\/v2\/users\/2"}],"replies":[{"embeddable":true,"href":"https:\/\/www.europesays.com\/es\/wp-json\/wp\/v2\/comments?post=267432"}],"version-history":[{"count":0,"href":"https:\/\/www.europesays.com\/es\/wp-json\/wp\/v2\/posts\/267432\/revisions"}],"wp:featuredmedia":[{"embeddable":true,"href":"https:\/\/www.europesays.com\/es\/wp-json\/wp\/v2\/media\/267433"}],"wp:attachment":[{"href":"https:\/\/www.europesays.com\/es\/wp-json\/wp\/v2\/media?parent=267432"}],"wp:term":[{"taxonomy":"category","embeddable":true,"href":"https:\/\/www.europesays.com\/es\/wp-json\/wp\/v2\/categories?post=267432"},{"taxonomy":"post_tag","embeddable":true,"href":"https:\/\/www.europesays.com\/es\/wp-json\/wp\/v2\/tags?post=267432"}],"curies":[{"name":"wp","href":"https:\/\/api.w.org\/{rel}","templated":true}]}}