{"id":267438,"date":"2025-12-02T15:49:09","date_gmt":"2025-12-02T15:49:09","guid":{"rendered":"https:\/\/www.europesays.com\/es\/267438\/"},"modified":"2025-12-02T15:49:09","modified_gmt":"2025-12-02T15:49:09","slug":"muere-inesperadamente-a-los-26-anos-el-rapero-poorstacy-colaborador-y-amigo-de-travis-barker","status":"publish","type":"post","link":"https:\/\/www.europesays.com\/es\/267438\/","title":{"rendered":"Muere inesperadamente a los 26 a\u00f1os el rapero Poorstacy, colaborador y amigo de Travis Barker"},"content":{"rendered":"<p style=\"\">El rapero estadounidense <strong>Poorstacy<\/strong> ha fallecido de forma repentina e inesperada a los 26 a\u00f1os, seg\u00fan han confirmado las autoridades del condado de Palm Beach (Florida). El artista estaba en un hotel de Boca Raton, donde se hab\u00eda alojado durante unos diez d\u00edas junto  &#8230; a una mujer y un menor, cuando <strong>sufri\u00f3 un \u00abepisodio m\u00e9dico de urgencia\u00bb<\/strong> y fue trasladado a un hospital local. <\/p>\n<p class=\"voc-p\" style=\"\">All\u00ed se constat\u00f3 su fallecimiento en la ma\u00f1ana del s\u00e1bado 29 de noviembre, y aunque por el momento no se ha hecho p\u00fablica la causa exacta de su muerte, TMZ informa de que ya est\u00e1n circulando muchos rumores que apuntan hacia el suicidio.<\/p>\n<p class=\"voc-p\" style=\"\">Poorstacy era conocido en la escena emo-rap, e hizo varias colaboraciones con <a href=\"https:\/\/www.abc.com.py\/espectaculos\/musica\/2022\/06\/29\/travis-barker-ingresado-en-los-angeles-por-inflamacion-de-pancreas\/\" target=\"_blank\" data-voc-vtm-id=\"in-text-traffic\" title=\"Travis Barker\" data-mrf-link=\"www.abc.com.py\" rel=\"nofollow noopener\">Travis Barker<\/a>, baterista de Blink 182 y marido de Kourtney Kardashian, que le dieron mucha visibilidad. Entre ellas est\u00e1n las canciones &#8216;Nothing Left&#8217;, &#8216;Hills Have Eyes&#8217; y sobre todo <strong>&#8216;Choose Life&#8217;<\/strong>, que fue incluida en el disco &#8216;The Breakfast Club&#8217; y logr\u00f3 una gran repercusi\u00f3n.<\/p>\n<p class=\"voc-p\" style=\"\">Barker ha rendido homenaje al rapero compartiendo en su Instagram Story un v\u00eddeo de la pareja grabando un video musical juntos y otro en el escenario. En el pie de foto, escribi\u00f3 junto a un emoji de coraz\u00f3n roto: \u00abDescansa en paz, nunca te olvidaremos\u00bb.<\/p>\n<p class=\"voc-p\" style=\"\">El rapero, <strong>de nombre real Carlito Junior Milfort<\/strong>, naci\u00f3 el 15 de marzo de 1999 en Palm Beach. Su padre le ense\u00f1\u00f3 varios instrumentos de ni\u00f1o, y siendo ya un adolescente se meti\u00f3 de lleno en la escena local de metalcore, as\u00ed como en la escena underground de <a href=\"https:\/\/www.abc.es\/noticias\/musica-hip-hop\/\" target=\"_blank\" data-voc-vtm-id=\"in-text-traffic\" title=\"hip hop\" data-mrf-link=\"www.abc.es\" rel=\"nofollow noopener\">hip hop<\/a> de Miami. Pronto comenz\u00f3 a tocar en vivo con su banda en las escenas locales de heavy metal, punk rock y rock g\u00f3tico.<\/p>\n<p class=\"voc-p\" style=\"\">Poco despu\u00e9s, empez\u00f3 a subir m\u00fasica a internet, especialmente a SoundCloud, inicialmente bajo varios seud\u00f3nimos como Lito Xantana, Vizion y Scarybrats, pero finalmente adopt\u00f3 el nombre art\u00edstico de <strong>Poorstacy en referencia al skater Stacy Peralta<\/strong>.<\/p>\n<p class=\"voc-p\" style=\"\">Su explicaci\u00f3n del nombre fue que \u00abStacy Peralta no recibi\u00f3 mucha atenci\u00f3n al principio, pero termin\u00f3 siendo una de las mayores leyendas del skate. Siempre me encant\u00f3 la idea de hacer lo tuyo y que rinda frutos. <strong>Su vida cambi\u00f3 en marzo de 2019, cuando su canci\u00f3n &#8216;Make Up&#8217; recibi\u00f3 35.000 visitas<\/strong> en Soundcloud en un d\u00eda.<\/p>\n<p class=\"voc-p\" style=\"\">Public\u00f3 dos \u00e1lbumes y dos EPs, particip\u00f3 en la banda sonora de la pel\u00edcula &#8216;Bill &amp; Ted Face the Music&#8217;, por la cual fue nominado al Grammy, y su su canci\u00f3n m\u00e1s reciente, &#8216;Nothing Belongs to You&#8217;, fue lanzada el pasado mes de julio. <\/p>\n<p class=\"voc-p\" style=\"\">Milfort cuenta actualmente  con casi <strong>500.000 oyentes mensuales en Spotify<\/strong>, su musica combina el emo-rap con el punk-rock e incluso el heavy metal, y entre sus influencias mencion\u00f3 a artistas como Billy Idol, XXXTentacion, The Kooks, The Strokes, My Chemical Romance y Slipknot, as\u00ed como las pel\u00edculas &#8216;V de Vendetta&#8217;, &#8216;Trainspotting&#8217; y &#8216;Halloween&#8217;.<\/p>\n<p class=\"voc-p\" style=\"\">En su vida personal, Milfort enfrent\u00f3 una batalla legal durante la cual <strong>fue arrestado en 2023 por cargos de agresi\u00f3n y negligencia infantil<\/strong>. El arresto se produjo tras un altercado dom\u00e9stico en una residencia de Coral Springs (Florida), que deriv\u00f3 en un enfrentamiento con las autoridades. Sin embargo, el caso fue archivado y todos los cargos fueron desestimados en 2024.<\/p>\n<p class=\"voc-p\" style=\"\">La noticia de la muerte de Poorstacy ha generado conmoci\u00f3n entre fans, colegas y la industria musical, muchos de los cuales han expresado su dolor y condolencias en redes sociales. Entre ellos Lil Playah, Fame on Fire, Kayzo y tambi\u00e9n Oli Sykes, l\u00edder de Bring Me the Horizon, con quien colabor\u00f3 en el tema&#8217; Knife party&#8217;.<\/p>\n<p class=\"voc-p\" style=\"\">Uno de los mensajes m\u00e1s emotivos es el de uno de sus grandes amigos en el movimiento hip-hop, el cantante y rapero Iann Dior, quien ha compartido una serie de im\u00e1genes de ambos con su mill\u00f3n de seguidores en Instagram, con un pie de foto que dice: \u00abNo s\u00e9 ni por d\u00f3nde empezar&#8230; fuiste el primer hermano que conoc\u00ed cuando llegu\u00e9 a Los \u00c1ngeles. Lo hicimos todo juntos. Siempre me defendiste cuando nadie m\u00e1s lo hac\u00eda, incluso si no lo requer\u00eda. Pele\u00e1bamos como hermanos todo el tiempo, pero al final hemos pasado juntos los momentos m\u00e1s dif\u00edciles y los m\u00e1s felices, recuerdos que atesorar\u00e9 para siempre. Lo siento mucho, no deber\u00eda haber terminado as\u00ed&#8230; No te merec\u00edas esto. Descansa en el para\u00edso, hermano m\u00edo\u00bb.<\/p>\n","protected":false},"excerpt":{"rendered":"El rapero estadounidense Poorstacy ha fallecido de forma repentina e inesperada a los 26 a\u00f1os, seg\u00fan han confirmado&hellip;\n","protected":false},"author":2,"featured_media":267439,"comment_status":"","ping_status":"","sticky":false,"template":"","format":"standard","meta":{"footnotes":""},"categories":[170],"tags":[988,66038,8027,146,147,25,24,66036,8938,184,185,66037,675,23,10466],"class_list":{"0":"post-267438","1":"post","2":"type-post","3":"status-publish","4":"format-standard","5":"has-post-thumbnail","7":"category-musica","8":"tag-anos","9":"tag-barker","10":"tag-colaborador","11":"tag-entertainment","12":"tag-entretenimiento","13":"tag-es","14":"tag-espana","15":"tag-inesperadamente","16":"tag-muere","17":"tag-music","18":"tag-musica","19":"tag-poorstacy","20":"tag-rapero","21":"tag-spain","22":"tag-travis"},"share_on_mastodon":{"url":"https:\/\/pubeurope.com\/@es\/115650767518978064","error":""},"_links":{"self":[{"href":"https:\/\/www.europesays.com\/es\/wp-json\/wp\/v2\/posts\/267438","targetHints":{"allow":["GET"]}}],"collection":[{"href":"https:\/\/www.europesays.com\/es\/wp-json\/wp\/v2\/posts"}],"about":[{"href":"https:\/\/www.europesays.com\/es\/wp-json\/wp\/v2\/types\/post"}],"author":[{"embeddable":true,"href":"https:\/\/www.europesays.com\/es\/wp-json\/wp\/v2\/users\/2"}],"replies":[{"embeddable":true,"href":"https:\/\/www.europesays.com\/es\/wp-json\/wp\/v2\/comments?post=267438"}],"version-history":[{"count":0,"href":"https:\/\/www.europesays.com\/es\/wp-json\/wp\/v2\/posts\/267438\/revisions"}],"wp:featuredmedia":[{"embeddable":true,"href":"https:\/\/www.europesays.com\/es\/wp-json\/wp\/v2\/media\/267439"}],"wp:attachment":[{"href":"https:\/\/www.europesays.com\/es\/wp-json\/wp\/v2\/media?parent=267438"}],"wp:term":[{"taxonomy":"category","embeddable":true,"href":"https:\/\/www.europesays.com\/es\/wp-json\/wp\/v2\/categories?post=267438"},{"taxonomy":"post_tag","embeddable":true,"href":"https:\/\/www.europesays.com\/es\/wp-json\/wp\/v2\/tags?post=267438"}],"curies":[{"name":"wp","href":"https:\/\/api.w.org\/{rel}","templated":true}]}}