{"id":267440,"date":"2025-12-02T15:50:08","date_gmt":"2025-12-02T15:50:08","guid":{"rendered":"https:\/\/www.europesays.com\/es\/267440\/"},"modified":"2025-12-02T15:50:08","modified_gmt":"2025-12-02T15:50:08","slug":"hideo-kojima-ficha-oficialmente-por-disney-y-debuta-en-zootropolis-2-de-director-a-actor-de-doblaje-con-este-personaje-vandal","status":"publish","type":"post","link":"https:\/\/www.europesays.com\/es\/267440\/","title":{"rendered":"Hideo Kojima ficha oficialmente por Disney y debuta en &#039;Zootr\u00f3polis 2&#039;: de director a actor de doblaje con este personaje &#8211; Vandal"},"content":{"rendered":"<ol>\n<li><a href=\"https:\/\/news.google.com\/rss\/articles\/CBMi-AFBVV95cUxPbFBmQ19SQlJlUDBPSldldDI5dUVPanZPMkVKX3pRNFdteGk4T0dZWnpkeEFBMUxValk2QkJvNmN6ZHp6bmlfaXFFUEo5Q19hbmVhUFRQV3BvSEktb3RYSWc3ZmRDeXIxaktyMXdPOVFFbkRZdWJFYUY5aTQ0SWZZS3lrdFVSOG4zU3pLMm9qbTRBNUh0ZXRQYnp3OHp2SUJjWWZrc3Z0bklXY1VkaDhlUzZBbVhzby1QRnpadHkwMktIYmJUZmpxTV8xeFlzUTZOZVJhamV2cndPanlmY0ZzNi05U3ZJUHBScFk3cGVlT1VRRWJiWk9sStIB_gFBVV95cUxPWUJDWEtOVU5pOFNaOWJHZjBRekh4R0ZsYkF6bGVHRUdqZm5jbW50V0hXV19qc0twd082YXpSeVB3b3J3a0FSOTNwbXNQMmFSdkFPQTNseUpZSFVIZjJnT0RqWE5IOTY0U1NndnljcktJWnhVclFZYjhybDI2b3ljSVVQTjhlME9UQXg1QlVlYUtmUnE0UTl4c3RfNlN4ZVd2QV82Tkd3VGU5VWtrczMyUk83VXhsN3JxQ2xqenVqeDdIUTk4OUtMV3Y0SE1yNTdTOG95T1A3S1dISDZWWmUzQnhKN0xlZTRHUmoyODQtcDl1V04xbTQyRHF4cjlPdw?oc=5\" target=\"_blank\" rel=\"nofollow noopener\">Hideo Kojima ficha oficialmente por Disney y debuta en &#8216;Zootr\u00f3polis 2&#8217;: de director a actor de doblaje con este personaje<\/a>&nbsp;&nbsp;Vandal<\/li>\n<li><a href=\"https:\/\/news.google.com\/rss\/articles\/CBMilgJBVV95cUxQSUFuWmsyMDZPQzBmV08yZHk5R2Q5TzBhLWRQZEZpek9xR0cwS19YMjNjMHRWODFLbmx6YXZQVjY4eThaTl9wX3pPaTFPOGJZZ3ktVkxUUFFTTFN6QmFELTJSWmYtSjRoTElKYUZnSDZLS3dteHF0RUlhUzRCMXR1WHhlQl9aeGpmZkJXUEtPUTNkN0FES1lLSkZCS2hOY2xmWjk2U1BDREdsQUd5Wlg0ejZEdGRmT3FscHN2aXJ5QzJvUldaNVRQWENXWllTdEN2RjZqTXZwMGVrVml0S2RJcVBBVE9XTE5fUmdlNjVfUUl5Vk8teU9aY1lQWDJnSU56VWZzUlliNS1TRnlfUFE1VHV1TlE2QQ?oc=5\" target=\"_blank\" rel=\"nofollow noopener\">Hideo Kojima doblar\u00e1 a un personaje de la versi\u00f3n japonesa de Zootopia 2<\/a>&nbsp;&nbsp;Instant Gaming News<\/li>\n<li><a href=\"https:\/\/news.google.com\/rss\/articles\/CBMiuwFBVV95cUxOMFJtaGxMcVpQVHFvOFowcjlWcno5elRwb3A1X0ZkSW8wWFdzRVMtc29OTUgtbzlGUV96RmNPU1YtUmJ0TDREd1FuVlNoS3gxTW10QzFleThfbS1MOE5QUGRnZzRWWDctRU4zbWxpa05jSFJOZnB2VjNxSWRJd3BsdGhWemRfX0tXcERqTUdNU2JvNmhYVGR6RFBKdDFJZEtidHNkWlRPV1R0eldWc0FEVV95aEdOWTdXc3Fj?oc=5\" target=\"_blank\" rel=\"nofollow noopener\">Zootr\u00f3polis 2 contar\u00e1 con un cameo de Hideo Kojima en la versi\u00f3n japonesa<\/a>&nbsp;&nbsp;Gamereactor<\/li>\n<li><a href=\"https:\/\/news.google.com\/rss\/articles\/CBMixAFBVV95cUxQSnJMTWJIdHJXWjA0a0tjQU1FaEJmRnNFa29UcDFDaTFjSGVKcEZ4MzhBMU9tVjNnd1RNZ3NlYmhHMWFqdFVvdThOei0tLU16UjItU3pQWkdxQVFTUFZpSnFESkhpOXo5MjBMbzFRblY1RlpwYmh6OXRBY0F2ZDhCR2NIMXJnZ1BNUkhLSUEtS01rcG1pQ3h4SjRzaFFQNFhTQkhvczBid2FLT1VCT3dPMkNKaG9ZLTQ4NEF4WWM1dlBkVzdE?oc=5\" target=\"_blank\" rel=\"nofollow noopener\">Hideo Kojima se agencia un papel en la pel\u00edcula de animaci\u00f3n m\u00e1s popular del momento<\/a>&nbsp;&nbsp;IGN Espa\u00f1a<\/li>\n<\/ol>\n","protected":false},"excerpt":{"rendered":"Hideo Kojima ficha oficialmente por Disney y debuta en &#8216;Zootr\u00f3polis 2&#8217;: de director a actor de doblaje con&hellip;\n","protected":false},"author":2,"featured_media":248356,"comment_status":"","ping_status":"","sticky":false,"template":"","format":"standard","meta":{"footnotes":""},"categories":[169],"tags":[177,146,147,25,24,176,175,23],"class_list":{"0":"post-267440","1":"post","2":"type-post","3":"status-publish","4":"format-standard","5":"has-post-thumbnail","7":"category-cine","8":"tag-cine","9":"tag-entertainment","10":"tag-entretenimiento","11":"tag-es","12":"tag-espana","13":"tag-film","14":"tag-movies","15":"tag-spain"},"share_on_mastodon":{"url":"https:\/\/pubeurope.com\/@es\/115650771366383836","error":""},"_links":{"self":[{"href":"https:\/\/www.europesays.com\/es\/wp-json\/wp\/v2\/posts\/267440","targetHints":{"allow":["GET"]}}],"collection":[{"href":"https:\/\/www.europesays.com\/es\/wp-json\/wp\/v2\/posts"}],"about":[{"href":"https:\/\/www.europesays.com\/es\/wp-json\/wp\/v2\/types\/post"}],"author":[{"embeddable":true,"href":"https:\/\/www.europesays.com\/es\/wp-json\/wp\/v2\/users\/2"}],"replies":[{"embeddable":true,"href":"https:\/\/www.europesays.com\/es\/wp-json\/wp\/v2\/comments?post=267440"}],"version-history":[{"count":0,"href":"https:\/\/www.europesays.com\/es\/wp-json\/wp\/v2\/posts\/267440\/revisions"}],"wp:featuredmedia":[{"embeddable":true,"href":"https:\/\/www.europesays.com\/es\/wp-json\/wp\/v2\/media\/248356"}],"wp:attachment":[{"href":"https:\/\/www.europesays.com\/es\/wp-json\/wp\/v2\/media?parent=267440"}],"wp:term":[{"taxonomy":"category","embeddable":true,"href":"https:\/\/www.europesays.com\/es\/wp-json\/wp\/v2\/categories?post=267440"},{"taxonomy":"post_tag","embeddable":true,"href":"https:\/\/www.europesays.com\/es\/wp-json\/wp\/v2\/tags?post=267440"}],"curies":[{"name":"wp","href":"https:\/\/api.w.org\/{rel}","templated":true}]}}