{"id":267452,"date":"2025-12-02T15:58:13","date_gmt":"2025-12-02T15:58:13","guid":{"rendered":"https:\/\/www.europesays.com\/es\/267452\/"},"modified":"2025-12-02T15:58:13","modified_gmt":"2025-12-02T15:58:13","slug":"hacienda-aplaza-un-ano-hasta-2027-la-entrada-en-vigor-del-sistema-de-facturacion-digital-verifactu","status":"publish","type":"post","link":"https:\/\/www.europesays.com\/es\/267452\/","title":{"rendered":"Hacienda aplaza un a\u00f1o, hasta 2027, la entrada en vigor del sistema de facturaci\u00f3n digital &#8216;Verifactu&#8217;"},"content":{"rendered":"<p><img id=\"fotoPrincipalNoticia\" src=\"https:\/\/www.europesays.com\/es\/wp-content\/uploads\/2025\/12\/fotonoticia_20251202124714_690_v2.jpg\" loading=\"eager\" decoding=\"async\" style=\"view-transition-name: fechor_20251202124714;\" border=\"0\" alt=\"La vicepresidenta primera y ministra de Hacienda, Mar\u00eda Jes\u00fas Montero, \" fetchpriority=\"high\" title=\"Hacienda aplaza un a\u00f1o, hasta 2027, la entrada en vigor del sistema de facturaci\u00f3n digital 'Verifactu'\" width=\"690\" height=\"460\" itemprop=\"image\"\/><\/p>\n<p>La vicepresidenta primera y ministra de Hacienda, Mar\u00eda Jes\u00fas Montero,  &#8211; EDUARDO PARRA \/ EUROPA PRESS<\/p>\n<p>    MADRID 2 Dic. (EUROPA PRESS) &#8211; <\/p>\n<p>   El Gobierno ha aprobado este martes un real decreto que incluye la ampliaci\u00f3n en un a\u00f1o del plazo para la entrada en vigor del sistema &#8216;Verifactu&#8217;, que promueve la digitalizaci\u00f3n de los procesos de facturaci\u00f3n en las empresas, seg\u00fan han confirmado a Europa Press fuentes del Ministerio de Hacienda.<\/p>\n<p>    El propio presidente del Gobierno, Pedro S\u00e1nchez, ha sido quien ha avanzado en una entrevista en &#8216;Rac1&#8217; la ampliaci\u00f3n de este plazo, que se trata de un compromiso adquirido con la formaci\u00f3n independentista Junts per Catalunya.<\/p>\n<p>    Estaba previsto que Verifactu fuese obligatorio a partir del 1 de enero de 2026 para empresas con una facturaci\u00f3n inferior a seis millones de euros, y desde el 1 de julio de ese mismo a\u00f1o para m\u00e1s de 3,4 millones de aut\u00f3nomos.<\/p>\n<p>   Sin embargo, ahora esos plazos se alargan un a\u00f1o, por lo que se les exigir\u00e1 a partir del 1 de enero de 2027 para empresas con una facturaci\u00f3n inferior a seis millones de euros, y desde el 1 de julio de ese mismo a\u00f1o para m\u00e1s de 3,4 millones de aut\u00f3nomos.<\/p>\n<p>    Impulsado por la Ley Antifraude, Verifactu regula los sistemas inform\u00e1ticos de facturaci\u00f3n y persigue mayor trazabilidad y garant\u00edas frente a la manipulaci\u00f3n en este tipo de procesos.<\/p>\n<p>   As\u00ed, a partir del 2027, millones de pymes y aut\u00f3nomos estar\u00e1n obligados a emitir sus facturas a trav\u00e9s de software certificado, generando un registro \u00fanico, inalterable y trazable. El objetivo es reforzar la transparencia fiscal y evitar pr\u00e1cticas opacas, haciendo que cualquier cambio quede documentado mediante una factura rectificativa vinculada a la original.<\/p>\n<p>   Cualquier correcci\u00f3n deber\u00e1 realizarse mediante una factura rectificativa vinculada a la original, eliminando la pr\u00e1ctica habitual de \u00abborrar y volver a hacer\u00bb, que dificulta el control fiscal.<\/p>\n<p>   La Agencia Tributaria ya ha puesto a disposici\u00f3n de aut\u00f3nomos, profesionales y empresas la aplicaci\u00f3n gratuita de facturaci\u00f3n. Este formulario permitir\u00e1 a aut\u00f3nomos, profesionales y empresas con un volumen reducido de facturas, generarlas de forma electr\u00f3nica y enviar los registros de facturaci\u00f3n directamente a la Agencia Tributaria.<\/p>\n","protected":false},"excerpt":{"rendered":"La vicepresidenta primera y ministra de Hacienda, Mar\u00eda Jes\u00fas Montero, &#8211; EDUARDO PARRA \/ EUROPA PRESS MADRID 2&hellip;\n","protected":false},"author":2,"featured_media":267453,"comment_status":"","ping_status":"","sticky":false,"template":"","format":"standard","meta":{"footnotes":""},"categories":[5],"tags":[17,18,25,24,13,14,11,19,20,9,10,15,16,23,12,21,22],"class_list":{"0":"post-267452","1":"post","2":"type-post","3":"status-publish","4":"format-standard","5":"has-post-thumbnail","7":"category-titulares","8":"tag-breaking-news","9":"tag-breakingnews","10":"tag-es","11":"tag-espana","12":"tag-featured-news","13":"tag-featurednews","14":"tag-headlines","15":"tag-latest-news","16":"tag-latestnews","17":"tag-news","18":"tag-noticias","19":"tag-noticias-destacadas","20":"tag-noticiasdestacadas","21":"tag-spain","22":"tag-titulares","23":"tag-ultimas-noticias","24":"tag-ultimasnoticias"},"share_on_mastodon":{"url":"https:\/\/pubeurope.com\/@es\/115650802967402068","error":""},"_links":{"self":[{"href":"https:\/\/www.europesays.com\/es\/wp-json\/wp\/v2\/posts\/267452","targetHints":{"allow":["GET"]}}],"collection":[{"href":"https:\/\/www.europesays.com\/es\/wp-json\/wp\/v2\/posts"}],"about":[{"href":"https:\/\/www.europesays.com\/es\/wp-json\/wp\/v2\/types\/post"}],"author":[{"embeddable":true,"href":"https:\/\/www.europesays.com\/es\/wp-json\/wp\/v2\/users\/2"}],"replies":[{"embeddable":true,"href":"https:\/\/www.europesays.com\/es\/wp-json\/wp\/v2\/comments?post=267452"}],"version-history":[{"count":0,"href":"https:\/\/www.europesays.com\/es\/wp-json\/wp\/v2\/posts\/267452\/revisions"}],"wp:featuredmedia":[{"embeddable":true,"href":"https:\/\/www.europesays.com\/es\/wp-json\/wp\/v2\/media\/267453"}],"wp:attachment":[{"href":"https:\/\/www.europesays.com\/es\/wp-json\/wp\/v2\/media?parent=267452"}],"wp:term":[{"taxonomy":"category","embeddable":true,"href":"https:\/\/www.europesays.com\/es\/wp-json\/wp\/v2\/categories?post=267452"},{"taxonomy":"post_tag","embeddable":true,"href":"https:\/\/www.europesays.com\/es\/wp-json\/wp\/v2\/tags?post=267452"}],"curies":[{"name":"wp","href":"https:\/\/api.w.org\/{rel}","templated":true}]}}