{"id":267454,"date":"2025-12-02T16:06:11","date_gmt":"2025-12-02T16:06:11","guid":{"rendered":"https:\/\/www.europesays.com\/es\/267454\/"},"modified":"2025-12-02T16:06:11","modified_gmt":"2025-12-02T16:06:11","slug":"antetokounmpo-dice-que-superara-el-record-anotador-de-lebron-y-pierde-ante-los-wizards","status":"publish","type":"post","link":"https:\/\/www.europesays.com\/es\/267454\/","title":{"rendered":"Antetokounmpo dice que superar\u00e1 el r\u00e9cord anotador de LeBron y pierde ante los Wizards"},"content":{"rendered":"<p data-gtm-element-container=\"modulo-texto-link\" class=\"paragraph\">No est\u00e1 <strong>Giannis Antetokounmpo <\/strong>para hablar mucho despu\u00e9s del disparate que solt\u00f3. El Greek Freak se atrevi\u00f3 a decir el domingo que superar\u00eda el r\u00e9cord anotador de la NBA de <strong>LeBron James<\/strong> de todos los tiempos para que anoche \u00e9l y sus Bucks sufrieran la deshonra de perder contra el peor equipo del Este, los Washington Wizards (129-126), pese a los 26 puntos del interior.\u00a0<\/p>\n<p data-gtm-element-container=\"modulo-texto-link\" class=\"paragraph\">El doble MVP no s\u00f3lo os\u00f3 proclamar que romper\u00eda la plusmarca de The King, sino que lo har\u00eda en cuatro o cinco a\u00f1os.\u00a0<\/p>\n<p data-gtm-element-container=\"modulo-texto-link\" class=\"paragraph\">\u201cCreo que llegar a la cima del ranking anotador no est\u00e1 a seis, siete u ocho a\u00f1os. Creo, en mi opini\u00f3n, que est\u00e1 a cuatro a\u00f1os, cuatro o cinco a\u00f1os, cuatro a\u00f1os y medio. Creo que cuando tenga <strong>35 a\u00f1os<\/strong> y me siente en esta silla, quiero tener la conversaci\u00f3n de que estoy en la cima de todos los tiempos en anotaci\u00f3n. Y lo habr\u00eda hecho realidad, y no s\u00f3lo habr\u00eda hecho porque creo que voy a hacerlo, es algo que quiero hacer\u201d, dijo Anteto.\u00a0<\/p>\n<blockquote class=\"twitter-tweet\" data-lang=\"es\"><p>\n<a href=\"https:\/\/twitter.com\/fullcourtpass\/status\/1995128204428787807?s=46\" rel=\"nofollow noopener\" target=\"_blank\">\n<\/p><\/blockquote>\n<p data-gtm-element-container=\"modulo-texto-link\" class=\"paragraph\">La estrella de los Milwaukee Bucks cumple 31 a\u00f1os en cinco d\u00edas y lleva anotados <strong>21.028 puntos<\/strong> cuando se encuentra jugando su temporada n\u00famero 13 en la NBA mientras que LeBron James, m\u00e1ximo anotador hist\u00f3rico con <strong>42.250 puntos<\/strong> tras superar a <strong>Kareem Abdul-Jabbar<\/strong>, se encuentra disputando su campa\u00f1a r\u00e9cord n\u00famero 23 y cumplir\u00e1 41 a\u00f1os el 30 de diciembre.\u00a0<\/p>\n<p data-gtm-element-container=\"modulo-texto-link\" class=\"paragraph\">Al ritmo anotador actual de Giannis, 31 puntos por partido, el griego necesitar\u00eda 677 encuentros m\u00e1s para alcanzar a The King, lo que equivale a nada menos que ocho temporadas m\u00e1s. Bastantes m\u00e1s de las cinco a m\u00e1s tardar de las que habla, dando por hecho que no se lesionar\u00e1 nunca y que ser\u00e1 capaz de mantener estas cifras anotadoras cerca de los 40 a\u00f1os mientras LeBron sigue jugando y engordando sus estad\u00edsticas.\u00a0<\/p>\n<p>    Lee tambi\u00e9n<\/p>\n<p data-gtm-element-container=\"modulo-texto-link\" class=\"paragraph\">Pero lo que vino despu\u00e9s de esa osada declaraci\u00f3n fue una derrota ante el colista y con el agravante de que los Anteto y compa\u00f1\u00eda ganaban de 15 al inicio del tercer cuarto. Mientras los Bucks se desfondan -und\u00e9cimos ya con 9-13-, Giannis Antetokounmpo va soltando barbaridades. <strong>\u00bfO crees que en cinco a\u00f1os superar\u00e1 a LeBron?\u00a0<\/strong><\/p>\n<p><script async src=\"https:\/\/platform.twitter.com\/widgets.js\" charset=\"utf-8\"><\/script><\/p>\n","protected":false},"excerpt":{"rendered":"No est\u00e1 Giannis Antetokounmpo para hablar mucho despu\u00e9s del disparate que solt\u00f3. El Greek Freak se atrevi\u00f3 a&hellip;\n","protected":false},"author":2,"featured_media":267455,"comment_status":"","ping_status":"","sticky":false,"template":"","format":"standard","meta":{"footnotes":""},"categories":[269],"tags":[299,298,168,25,24,23,167],"class_list":{"0":"post-267454","1":"post","2":"type-post","3":"status-publish","4":"format-standard","5":"has-post-thumbnail","7":"category-baloncesto","8":"tag-baloncesto","9":"tag-basketball","10":"tag-deportes","11":"tag-es","12":"tag-espana","13":"tag-spain","14":"tag-sports"},"share_on_mastodon":{"url":"https:\/\/pubeurope.com\/@es\/115650834295763783","error":""},"_links":{"self":[{"href":"https:\/\/www.europesays.com\/es\/wp-json\/wp\/v2\/posts\/267454","targetHints":{"allow":["GET"]}}],"collection":[{"href":"https:\/\/www.europesays.com\/es\/wp-json\/wp\/v2\/posts"}],"about":[{"href":"https:\/\/www.europesays.com\/es\/wp-json\/wp\/v2\/types\/post"}],"author":[{"embeddable":true,"href":"https:\/\/www.europesays.com\/es\/wp-json\/wp\/v2\/users\/2"}],"replies":[{"embeddable":true,"href":"https:\/\/www.europesays.com\/es\/wp-json\/wp\/v2\/comments?post=267454"}],"version-history":[{"count":0,"href":"https:\/\/www.europesays.com\/es\/wp-json\/wp\/v2\/posts\/267454\/revisions"}],"wp:featuredmedia":[{"embeddable":true,"href":"https:\/\/www.europesays.com\/es\/wp-json\/wp\/v2\/media\/267455"}],"wp:attachment":[{"href":"https:\/\/www.europesays.com\/es\/wp-json\/wp\/v2\/media?parent=267454"}],"wp:term":[{"taxonomy":"category","embeddable":true,"href":"https:\/\/www.europesays.com\/es\/wp-json\/wp\/v2\/categories?post=267454"},{"taxonomy":"post_tag","embeddable":true,"href":"https:\/\/www.europesays.com\/es\/wp-json\/wp\/v2\/tags?post=267454"}],"curies":[{"name":"wp","href":"https:\/\/api.w.org\/{rel}","templated":true}]}}