{"id":267460,"date":"2025-12-02T16:11:09","date_gmt":"2025-12-02T16:11:09","guid":{"rendered":"https:\/\/www.europesays.com\/es\/267460\/"},"modified":"2025-12-02T16:11:09","modified_gmt":"2025-12-02T16:11:09","slug":"el-consejo-de-informativos-de-tve-lleva-al-parlamento-europeo-el-sesgo-politico-de-la-corporacion","status":"publish","type":"post","link":"https:\/\/www.europesays.com\/es\/267460\/","title":{"rendered":"El Consejo de Informativos de TVE lleva al Parlamento Europeo el \u00absesgo pol\u00edtico\u00bb de la Corporaci\u00f3n"},"content":{"rendered":"<p style=\"\">El Consejo de Informativos de TVE ha comparecido este martes por videoconferencia ante la Comisi\u00f3n de Peticiones del Parlamento Europeo, donde ha expresado \u00absu preocupaci\u00f3n\u00bb <a href=\"https:\/\/www.abc.es\/play\/television\/noticias\/consejo-informativos-tve-considera-inaceptables-ataques-gonzalo-20251102165525-nt.html\" target=\"_self\" data-voc-vtm-id=\"in-text-traffic\" title=\"ante el nuevo rumbo de la Corporaci\u00f3n\" rel=\"nofollow noopener\">ante el nuevo rumbo de la Corporaci\u00f3n<\/a>. \u00abEsta petici\u00f3n se realiz\u00f3 hace ocho a\u00f1os, en 2017, y nos sorprende  &#8230; que este debate siga abierto, pero la realidad es que contin\u00faa plenamente vigente\u00bb, explic\u00f3 \u00d3scar Nieto, mientras explic\u00f3 a los presentes que este \u00f3rgano de la Corporaci\u00f3n \u00ab<strong>forma parte de un esfuerzo hist\u00f3rico por defender la objetividad y la pluralidad<\/strong>\u00bb. \u00abNuestro objetivo ha sido superar el modelo gubernamental y avanzar hacia una televisi\u00f3n p\u00fablica de toda la ciudadan\u00eda, gobierne quien gobierne\u00bb, explicaba. <\/p>\n<p class=\"voc-p\" style=\"\">El Consejo de Informativos ha explicado que en el \u00faltimo a\u00f1o han \u00abobservado una programaci\u00f3n cada vez m\u00e1s cargada de contenido pol\u00edtico de actualidad, producida por productoras externas\u00bb. \u00ab<strong>Programas como &#8216;Ma\u00f1aneros&#8217;, &#8216;Malas lenguas&#8217; o &#8216;Directo al grano&#8217; no solo externalizan la producci\u00f3n, sino tambi\u00e9n la informaci\u00f3n,<\/strong> algo mucho m\u00e1s grave porque introduce un sesgo pol\u00edtico evidente y se aleja de los principios informativos que deben regir RTVE\u00bb, aseguraron. <\/p>\n<p class=\"voc-p\" style=\"\">\u00abDefender la independencia tiene un coste. Hemos recibido ataques p\u00fablicos por parte de directivos de TVE, amenazas de disoluci\u00f3n y descalificaciones en distintos medios, que nos acusan de ser &#8216;rojos&#8217; o &#8216;fachas&#8217;, seg\u00fan convenga. Nuestro compromiso, sin embargo, es \u00fanicamente con la profesionalidad, no con ninguna ideolog\u00eda\u00bb, explicaron. Por ello, a lo largo de su intervenci\u00f3n quisieron <a href=\"https:\/\/www.abc.es\/play\/television\/noticias\/vuelven-viernes-negros-tve-consejo-informativos-enfrenta-20251017163957-nt.html\" target=\"_self\" data-voc-vtm-id=\"in-text-traffic\" title=\"\u00abtrasladar una preocupaci\u00f3n\u00bb.\" rel=\"nofollow noopener\">\u00abtrasladar una preocupaci\u00f3n\u00bb.<\/a> \u00abRTVE sigue arrastrando serios problemas de independencia y pluralidad. Esto deber\u00eda preocupar especialmente a este Parlamento, que representa a toda la ciudadan\u00eda. Queremos una RTVE verdaderamente independiente, <strong>con una audiencia que responda a su funci\u00f3n de servicio p\u00fablico<\/strong> y que no dependa del gobierno de turno, sino del compromiso democr\u00e1tico de todos\u00bb. <\/p>\n<p class=\"voc-p\" style=\"\">Desde el \u00f3rgano aseguraron tambi\u00e9n que a lo largo de estos a\u00f1os han vivido etapas distintas mientras hicieron un repaso de los \u00faltimos a\u00f1os. \u00abEn 2018 se inici\u00f3 un concurso p\u00fablico para profesionalizar los puestos de direcci\u00f3n, pero el proceso termin\u00f3 siendo torpe en su dise\u00f1o y volvi\u00f3 a convertirse en un reparto entre partidos\u00bb, explic\u00f3. En el periodo entre 2022 hasta 2024 tuvieron dos presidencias sucesivas, aunque ese ciclo concluy\u00f3 con la \u00abanulaci\u00f3n del concurso p\u00fablico y con la retirada de la mayor\u00eda de las competencias del Consejo de Administraci\u00f3n\u00bb. \u00abEsta reforma provoc\u00f3 protestas de los trabajadores y del propio Consejo, y nos llev\u00f3 a presentar un escrito ante la Oficina del Parlamento Europeo. Consideramos que dicha reforma supone un ataque a la independencia y a la pluralidad que deben caracterizar a cualquier radiotelevisi\u00f3n p\u00fablica en Europa\u00bb, a\u00f1adi\u00f3. <\/p>\n<p>\nLas \u00faltimas quejas\n<\/p>\n<p class=\"voc-p\" style=\"\">Esta intervenci\u00f3n ha producido despu\u00e9s de varias quejas que el Consejo de Informativos ha manifestado recientemente en relaci\u00f3n con los nuevos formatos que han aterrizado en RTVE, como el de Jes\u00fas Cintora o Gonzalo Mir\u00f3. El pasado mes de julio celebraron <a href=\"https:\/\/www.abc.es\/play\/television\/noticias\/consejo-informativos-tve-muestra-preocupacion-productoras-externas-20250731161549-nt.html\" target=\"_self\" data-voc-vtm-id=\"in-text-traffic\" title=\"una reuni\u00f3n en la que pusieron el foco en los especiales informativos\" data-mrf-link=\"www.abc.es\" rel=\"nofollow noopener\">una reuni\u00f3n en la que pusieron el foco en los especiales informativos<\/a>. En ese documento, al que tuvo acceso ABC, afirmaban: \u00ab<strong>Nos preocupa que su apuesta sea casi siempre de productoras externas y dejando en sus manos especiales informativos,<\/strong> reduciendo o congelando los presupuestos de informativos y produciendo sobrecostes con estos programas que adem\u00e1s incumplen la ley\u00bb.<\/p>\n<p class=\"voc-p\" style=\"\">Adem\u00e1s, el Consejo de Informativos de TVE anunci\u00f3 en mayo la apertura de una investigaci\u00f3n sobre los programas de actualidad &#8216;Malas lenguas&#8217; y &#8216;Ma\u00f1aneros 360&#8217;, presentados por Cintora en La 2 y Adela Gonz\u00e1lez y Javier Ruiz en La 1, respectivamente. Tal como explic\u00f3 el propio \u00f3rgano, <a href=\"https:\/\/www.abc.es\/play\/television\/noticias\/consejo-informativos-tve-abre-investigacion-programas-javier-20250523114534-nt.html\" target=\"_self\" data-voc-vtm-id=\"in-text-traffic\" title=\"la investigaci\u00f3n se inici\u00f3 tanto de oficio como a ra\u00edz de las \u00abnumerosas quejas\u00bb\" data-mrf-link=\"www.abc.es\" rel=\"nofollow noopener\">la investigaci\u00f3n se inici\u00f3 tanto de oficio como a ra\u00edz de las \u00abnumerosas quejas\u00bb<\/a> recibidas por parte de profesionales de la informaci\u00f3n de RTVE por incumplir la normativa que regula los contenidos informativos de la corporaci\u00f3n. Recordaron que dichas normas incluyen la Ley de Radio Televisi\u00f3n P\u00fablica de titularidad estatal, su Mandato Marco, el Estatuto de la Informaci\u00f3n de RTVE, el Manual de Estilo, la Ley General de Comunicaci\u00f3n Audiovisual, la propia Constituci\u00f3n y que \u00ab<strong>deben separar claramente la informaci\u00f3n de la opini\u00f3n y ajustarse a los criterios de rigor<\/strong>, independencia, pluralismo, neutralidad e imparcialidad\u00bb.<\/p>\n","protected":false},"excerpt":{"rendered":"El Consejo de Informativos de TVE ha comparecido este martes por videoconferencia ante la Comisi\u00f3n de Peticiones del&hellip;\n","protected":false},"author":2,"featured_media":267461,"comment_status":"","ping_status":"","sticky":false,"template":"","format":"standard","meta":{"footnotes":""},"categories":[171],"tags":[1576,146,147,25,24,5824,10848,1156,14863,13565,864,66040,23,214,3156],"class_list":{"0":"post-267460","1":"post","2":"type-post","3":"status-publish","4":"format-standard","5":"has-post-thumbnail","7":"category-tv","8":"tag-consejo","9":"tag-entertainment","10":"tag-entretenimiento","11":"tag-es","12":"tag-espana","13":"tag-europeo","14":"tag-informativos","15":"tag-muestra","16":"tag-parlamento","17":"tag-politico","18":"tag-preocupacion","19":"tag-sesgo","20":"tag-spain","21":"tag-tv","22":"tag-tve"},"share_on_mastodon":{"url":"https:\/\/pubeurope.com\/@es\/115650853965107953","error":""},"_links":{"self":[{"href":"https:\/\/www.europesays.com\/es\/wp-json\/wp\/v2\/posts\/267460","targetHints":{"allow":["GET"]}}],"collection":[{"href":"https:\/\/www.europesays.com\/es\/wp-json\/wp\/v2\/posts"}],"about":[{"href":"https:\/\/www.europesays.com\/es\/wp-json\/wp\/v2\/types\/post"}],"author":[{"embeddable":true,"href":"https:\/\/www.europesays.com\/es\/wp-json\/wp\/v2\/users\/2"}],"replies":[{"embeddable":true,"href":"https:\/\/www.europesays.com\/es\/wp-json\/wp\/v2\/comments?post=267460"}],"version-history":[{"count":0,"href":"https:\/\/www.europesays.com\/es\/wp-json\/wp\/v2\/posts\/267460\/revisions"}],"wp:featuredmedia":[{"embeddable":true,"href":"https:\/\/www.europesays.com\/es\/wp-json\/wp\/v2\/media\/267461"}],"wp:attachment":[{"href":"https:\/\/www.europesays.com\/es\/wp-json\/wp\/v2\/media?parent=267460"}],"wp:term":[{"taxonomy":"category","embeddable":true,"href":"https:\/\/www.europesays.com\/es\/wp-json\/wp\/v2\/categories?post=267460"},{"taxonomy":"post_tag","embeddable":true,"href":"https:\/\/www.europesays.com\/es\/wp-json\/wp\/v2\/tags?post=267460"}],"curies":[{"name":"wp","href":"https:\/\/api.w.org\/{rel}","templated":true}]}}