{"id":267467,"date":"2025-12-02T16:15:17","date_gmt":"2025-12-02T16:15:17","guid":{"rendered":"https:\/\/www.europesays.com\/es\/267467\/"},"modified":"2025-12-02T16:15:17","modified_gmt":"2025-12-02T16:15:17","slug":"salud-recomienda-el-uso-de-mascarillas-en-centros-de-salud-y-hospitales-ante-la-gripe","status":"publish","type":"post","link":"https:\/\/www.europesays.com\/es\/267467\/","title":{"rendered":"Salud recomienda el uso de mascarillas en centros de salud y hospitales ante la gripe"},"content":{"rendered":"<p>El consejero de Salud, Juan Jos\u00e9 Pedre\u00f1o<strong> recomienda el uso de la mascarilla para todas las personas que acudan a\u00a0los centros de salud y hospitales<\/strong>, tanto pacientes como familiares. La incidencia de la gripe se ha adelantado y se est\u00e1 extendiendo con mucha facilidad por lo que insiste en la necesidad de vacunarse.<\/p>\n<p>Esta semana est\u00e1 previsto que se re\u00fana la Comisi\u00f3n de Salud que decidir\u00e1 sobre la obligatoriedad o no de la mascarilla. De momento, y<strong> ante el incremento de casos, el consejero s\u00ed que aconseja que se utilice en los centros m\u00e9dicos<\/strong>.\u00a0<\/p>\n<p>El consejero Pedre\u00f1o confirma que este a\u00f1o la epidemia de gripe se ha adelantado con respecto a las fechas habituales, y recuerda que la vacunaci\u00f3n ya est\u00e1 abierta a toda la poblaci\u00f3n. Es muy recomendable vacunarse para evitar males mayores<\/p>\n<p>\u00a0<\/p>\n","protected":false},"excerpt":{"rendered":"El consejero de Salud, Juan Jos\u00e9 Pedre\u00f1o recomienda el uso de la mascarilla para todas las personas que&hellip;\n","protected":false},"author":2,"featured_media":267468,"comment_status":"","ping_status":"","sticky":false,"template":"","format":"standard","meta":{"footnotes":""},"categories":[92],"tags":[25,24,7749,165,58057,166,23],"class_list":{"0":"post-267467","1":"post","2":"type-post","3":"status-publish","4":"format-standard","5":"has-post-thumbnail","7":"category-salud","8":"tag-es","9":"tag-espana","10":"tag-gripe","11":"tag-health","12":"tag-mascarillas","13":"tag-salud","14":"tag-spain"},"share_on_mastodon":{"url":"https:\/\/pubeurope.com\/@es\/115650869612890462","error":""},"_links":{"self":[{"href":"https:\/\/www.europesays.com\/es\/wp-json\/wp\/v2\/posts\/267467","targetHints":{"allow":["GET"]}}],"collection":[{"href":"https:\/\/www.europesays.com\/es\/wp-json\/wp\/v2\/posts"}],"about":[{"href":"https:\/\/www.europesays.com\/es\/wp-json\/wp\/v2\/types\/post"}],"author":[{"embeddable":true,"href":"https:\/\/www.europesays.com\/es\/wp-json\/wp\/v2\/users\/2"}],"replies":[{"embeddable":true,"href":"https:\/\/www.europesays.com\/es\/wp-json\/wp\/v2\/comments?post=267467"}],"version-history":[{"count":0,"href":"https:\/\/www.europesays.com\/es\/wp-json\/wp\/v2\/posts\/267467\/revisions"}],"wp:featuredmedia":[{"embeddable":true,"href":"https:\/\/www.europesays.com\/es\/wp-json\/wp\/v2\/media\/267468"}],"wp:attachment":[{"href":"https:\/\/www.europesays.com\/es\/wp-json\/wp\/v2\/media?parent=267467"}],"wp:term":[{"taxonomy":"category","embeddable":true,"href":"https:\/\/www.europesays.com\/es\/wp-json\/wp\/v2\/categories?post=267467"},{"taxonomy":"post_tag","embeddable":true,"href":"https:\/\/www.europesays.com\/es\/wp-json\/wp\/v2\/tags?post=267467"}],"curies":[{"name":"wp","href":"https:\/\/api.w.org\/{rel}","templated":true}]}}