{"id":267469,"date":"2025-12-02T16:16:44","date_gmt":"2025-12-02T16:16:44","guid":{"rendered":"https:\/\/www.europesays.com\/es\/267469\/"},"modified":"2025-12-02T16:16:44","modified_gmt":"2025-12-02T16:16:44","slug":"ya-solo-quiero-hacer-comedias-ser-el-santiago-segura-homosexual","status":"publish","type":"post","link":"https:\/\/www.europesays.com\/es\/267469\/","title":{"rendered":"Ya solo quiero hacer comedias, ser el Santiago Segura homosexual"},"content":{"rendered":"<p class=\"article-text\">\n        Al otro lado del tel\u00e9fono se le escucha entusiasmado, y tiene motivos para estarlo. <strong>Eduardo Casanova<\/strong> estrena este lunes 1 de diciembre <strong>Silencio<\/strong>, su primera serie como director, guionista y productor ejecutivo. Como showrunner, que dir\u00edan en Estados Unidos. Y con ella comienza una nueva etapa creativa para seguir recorriendo los m\u00e1rgenes de la sociedad con una mirada desenfadada, diferente a la que tuvo en <strong>Pieles <\/strong>y <strong>La piedad<\/strong>. \u201cEn este momento no me siento tan atormentado, denso y pedante\u201d, explica a <a href=\"https:\/\/www.eldiario.es\/vertele\/\" target=\"_blank\" data-mrf-recirculation=\"links-noticia\" class=\"link\" rel=\"nofollow noopener\"><strong>verTele<\/strong><\/a>. A partir de ahora quiere enfocar sus obras desde el humor.<strong> \u201cQuiero que la gente se r\u00eda. Y adem\u00e1s, creo que es m\u00e1s \u00fatil para que llegue el mensaje. Quiero ser el nuevo Santiago Segura homosexual\u201d<\/strong>, bromea.\n    <\/p>\n<p>    <a href=\"https:\/\/www.eldiario.es\/vertele\/videos\/trailers-y-avances\/movistar-plus-sigue-cercas-pone-anatomia-de-un-instante-fecha-terra-alta-serie-adapta-premio-planeta_7_12795198.html\" data-mrf-recirculation=\"saber-mas\" data-dl-event=\"saber-mas\" rel=\"nofollow noopener\" target=\"_blank\"><\/p>\n<p class=\"know-more__title\">Movistar Plus+ sigue con Cercas tras &#8216;Anatom\u00eda de un instante&#8217; y pone fecha a &#8216;Terra Alta&#8217;, serie que adapta su Premio Planeta<\/p>\n<p>            <img decoding=\"async\" class=\"lazy\" loading=\"lazy\" data-src=\"https:\/\/static.eldiario.es\/clip\/be4c30f7-99f1-4ffd-a2b9-dd3aebee688f_16-9-aspect-ratio_default_0.jpg\" src=\"data:image\/svg+xml,%3Csvg xmlns=\" http:=\"\" viewbox=\"0 0 880 495\" alt=\"Movistar Plus+ sigue con Cercas tras 'Anatom\u00eda de un instante' y pone fecha a 'Terra Alta', serie que adapta su Premio Planeta\"\/><\/p>\n<p>                            <img decoding=\"async\" class=\"ni-multimedia\" src=\"https:\/\/www.eldiario.es\/assets\/img\/svg\/icons\/gallery-video.h-2e826467718e0ad0cb33a0bdb174f603.svg\" alt=\"Movistar Plus+ sigue con Cercas tras 'Anatom\u00eda de un instante' y pone fecha a 'Terra Alta', serie que adapta su Premio Planeta\"\/><br \/>\n                        <\/a><\/p>\n<p class=\"article-text\">\n        Con esa nueva mentalidad enfoc\u00f3 el guion de Silencio, una peque\u00f1a serie de tres cap\u00edtulos (20 minutos dura cada uno de ellos) en la que pone sobre la mesa el enorme <strong>estigma que todav\u00eda hoy sufren las personas con VIH y Sida<\/strong>. Lo hace a trav\u00e9s de una familia de vampiras que, como los enfermos, se ven obligadas a ocultarse de la sociedad por miedo al rechazo. Y s\u00ed, un drama tan descomunal pod\u00eda contarse desde la comedia ahora que lo ve todo con otros ojos: \u201cHa salido ese Eduardo que tiene la capacidad de hablar de temas pol\u00edticos o sociales <strong>desde el humor, que es un lubricante incre\u00edble\u201d<\/strong>.\n    <\/p>\n<p class=\"article-text\">\n        Silencio tambi\u00e9n ha sido un \u201csalto al vac\u00edo\u201d desde el punto de vista empresarial. Empez\u00f3 a trabajar en la serie sin apenas socios, de la mano de <strong>Apoyo Positivo<\/strong>, y dio los primeros pasos sin el respaldo de una plataforma, una idea kamikaze para muchos productores. Por suerte, <strong>Movistar Plus+<\/strong> recibi\u00f3 el proyecto con los brazos abiertos: \u201cHa sido un amor a primera vista, la acogieron al segundo y la han cuidado\u201d, explica orgulloso.\n    <\/p>\n<p class=\"article-text\">\n        Con el estreno de Silencio culmina un a\u00f1o que ha sido especialmente \u201cintenso\u201d para \u00e9l por la cantidad de proyectos que ha tenido que compaginar. \u201cVoy arrastr\u00e1ndome, pero bueno, esto es lo que tiene el capitalismo, que no sabemos si trabajamos por placer o por rutina\u201d, lamenta Casanova mientras vislumbra en el horizonte, a principios de 2026, otra intensa promoci\u00f3n: la de <a href=\"https:\/\/www.eldiario.es\/vertele\/videos\/trailers-y-avances\/mediaset-lanza-trailer-aida-vuelta-pelicula-paco-leon-mitica-serie-telecinco_8_12749876.html\" target=\"_blank\" data-mrf-recirculation=\"links-noticia\" class=\"link\" rel=\"nofollow noopener\"><strong>A\u00edda y vuelta<\/strong><\/a>, la pel\u00edcula de Paco Le\u00f3n en la que se ha reencontrado con su otra gran familia, aquella que le vio saltar al estrellato entre 2005 y 2014.\n    <\/p>\n<p class=\"article-text\">\n        Silencio se estrena el lunes 1 de diciembre en Movistar Plus+. La serie est\u00e1 protagonizada por <strong>Luc\u00eda D\u00edez<\/strong>, <strong>Ana Polvorosa<\/strong>,<strong> Mar\u00eda Le\u00f3n<\/strong>, <strong>Mariola Fuentes<\/strong>, <strong>Leticia Dolera<\/strong>, <strong>Omar Ayuso<\/strong>\u00a0y <strong>Carolina Rubio<\/strong>. Eduardo Casanova comparte la producci\u00f3n con Javier Prada\u00a0(Gamera Studios) y Reyes Velayos (Apoyo Positivo).\n    <\/p>\n<p>            <img decoding=\"async\" class=\"lazy\" loading=\"lazy\" data-src=\"https:\/\/static.eldiario.es\/clip\/b84d7fd3-ae52-4b30-8b0f-72da22ba0eaa_16-9-discover-aspect-ratio_default_0.jpg\" src=\"data:image\/svg+xml,%3Csvg xmlns=\" http:=\"\" viewbox=\"0 0 1200 675\" alt=\"Eduardo Casanova con parte del elenco de 'Silencio'\"\/><\/p>\n<p class=\"article-text\">\n        <strong>\u00bfC\u00f3mo te las has ingeniado para tratar desde el humor algo tan dram\u00e1tico?<\/strong>\n    <\/p>\n<p class=\"article-text\">\n        Pues mira, porque este es el nuevo Eduardo. As\u00ed es como yo vivo. A m\u00ed me ha pasado de todo en la vida y, a pesar de todo, me he re\u00eddo y soy gracioso. Siento que las cosas que quiero defender o las cosas que me han pasado han hecho que mis pel\u00edculas anteriores sean muy densas, y ahora estoy en un momento incre\u00edble de mi vida, estoy muy feliz, y ha salido ese Eduardo que tiene la capacidad de hablar de temas pol\u00edticos o sociales (que es algo que est\u00e1 en todas mis pelis), pero haci\u00e9ndolo desde el humor. El humor es un lubricante incre\u00edble, mucho mejor que el que yo utilizo con mi novio.\n    <\/p>\n<p class=\"article-text\">\n        Al p\u00fablico, que es quien manda, le apetece re\u00edrse, no le apetece que le suelten un tost\u00f3n o una cosa panfletaria. Pero ah\u00ed tengo yo una doble moral porque est\u00e1 guay hacer re\u00edr al p\u00fablico, pero, por otro lado, tambi\u00e9n quiero que me cuenten realidades nuevas, como lo que est\u00e1 ocurriendo a d\u00eda de hoy con las personas con VIH que est\u00e1n invisibilizadas y olvidadas institucionalmente. Pero no quiero ponerme denso, quiero que la gente se r\u00eda. Y adem\u00e1s, creo que es m\u00e1s \u00fatil para que llegue el mensaje. Entonces, ahora estoy en ese modo, ya solo quiero hacer comedias. Quiero ser el nuevo Santiago Segura homosexual.\n    <\/p>\n<blockquote class=\"quote\">\n<p class=\"quote-text\">No quiero ponerme denso, quiero que la gente se r\u00eda. Y adem\u00e1s, creo que es m\u00e1s \u00fatil para que llegue el mensaje<\/p>\n<p>\n                        Eduardo Casanova\n                                  <\/p>\n<\/blockquote>\n<p class=\"article-text\">\n        <strong>Dices que la lucha de las personas con VIH est\u00e1 muy invisibilizada. \u00bfEs algo que has descubierto con este proyecto o que ven\u00edas observando desde hace tiempo?<\/strong>\n    <\/p>\n<p class=\"article-text\">\n        Lo he descubierto al escribir este proyecto. Mientras lo escribes, lo financias y lo aprueban te da tiempo a hacer un m\u00e1ster, m\u00e1s a\u00fan si lo haces con Apoyo Positivo, que es la productora y, adem\u00e1s, una ONG. Al estudiar sobre este tema he flipado, a pesar de ser una persona gay. Me parece una barbaridad que no se sepa que hasta el 2023, que es antes de ayer, una persona con VIH no pod\u00eda portar armas. A d\u00eda de hoy no est\u00e1 permitido hacer injertos capilares a personas seropositivas, aunque son indetectables y no pueden transmitir el virus. Hasta hace tres meses era ilegal el trasplante de \u00f3rganos entre personas seropositivas. Son cosas que se arrastran desde que comenz\u00f3 esta pandemia a la que se le llam\u00f3 el &#8216;c\u00e1ncer gay&#8217; o la &#8216;peste rosa&#8217;. Entonces, cuando ves la ignorancia que hay alrededor de este tema, que ha provocado una serofobia muy grande en nuestro interior, te das cuenta de que hay que hablar de este tema tan invisible.\n    <\/p>\n<p class=\"article-text\">\n        Es una pandemia que en sus inicios estuvo muy abandonada institucionalmente, desde la Iglesia diciendo que esto era &#8216;una bendici\u00f3n divina para acabar con la homosexualidad&#8217;, hasta las aberraciones de Ronald Reagan, que no hizo nada por los enfermos de VIH y Sida. Y el n\u00famero de transmisiones sigue siendo alt\u00edsimo. La medicaci\u00f3n hace que sean indetectables y, por tanto, intransmisibles, pero no transmitir el virus y vivir en silencio&#8230; eso es horrible. No puede haber enfermedades que te conviertan en un h\u00e9roe, y otras que, por estar ligadas al sexo, te conviertan en culpable. Esto es una locura y es algo completamente absurdo, as\u00ed que es perfecto atajarlo desde el humor.\n    <\/p>\n<p class=\"article-text\">\n        Y es importante decir que este no es un tema solamente LGBT; una enfermedad no entiende de sexos ni de orientaci\u00f3n sexual, pero s\u00ed tiene un link con las personas homosexuales.\n    <\/p>\n<p>            <img decoding=\"async\" class=\"lazy\" loading=\"lazy\" data-src=\"https:\/\/static.eldiario.es\/clip\/32cee3a7-5fd9-4aa2-bc1b-4c77fd55481a_16-9-discover-aspect-ratio_default_0.jpg\" src=\"data:image\/svg+xml,%3Csvg xmlns=\" http:=\"\" viewbox=\"0 0 1200 675\" alt=\"Las actrices Leticia Dolera, Carolina Rubio, Ana Polvorosa y Mariola Fuentes protagonizan 'Silencio'\"\/><\/p>\n<p class=\"article-text\">\n        <strong>El paralelismo que estableces entre los enfermos y las vampiras es perfecto. Acabas viendo con otros ojos a estos personajes del cine de terror.<\/strong>\n    <\/p>\n<p class=\"article-text\">\n        Hay que hacer el ejercicio de empatizar con lo que hist\u00f3ricamente se nos ha vendido como &#8216;apestado&#8217; o &#8216;monstruoso&#8217;. A lo mejor encuentras ah\u00ed algo horrible, o a lo mejor no, como me ha pasado a m\u00ed. Las vampiras no existen y, por suerte, no he tenido que entrevistar a ninguna de ellas, pero s\u00ed he podido hablar con muchas personas con VIH. La empat\u00eda es la clave del mundo en el que vivimos. La empat\u00eda me ha salvado much\u00edsimo y tambi\u00e9n me ha hecho rectificar muchas cosas que he hecho. Me ha hecho entenderme. Nos han contado qu\u00e9 es bueno y qu\u00e9 es malo, pero te puedes llevar muchas sorpresas si haces el ejercicio de descubrir por ti mismo qu\u00e9 es bueno y qu\u00e9 es malo. \u00bfD\u00f3nde pon\u00eda que los vampiros eran malos? La serie propone que no hay que temer a los monstruos, sino a la falta de informaci\u00f3n que provoca silencio, sufrimiento y estigma.\n    <\/p>\n<p class=\"article-text\">\n        <strong>Has elegido un tema bastante delicado para tu primera serie.<\/strong>\n    <\/p>\n<p class=\"article-text\">\n        Pero la serie no es tan complicada.\n    <\/p>\n<p class=\"article-text\">\n        <strong>Requiere mucha sensibilidad.<\/strong>\n    <\/p>\n<p class=\"article-text\">\n        S\u00ed, totalmente, pero a m\u00ed me parec\u00eda imprescindible que este tema, que es complejo y que requiere sufrimiento, estuviese contado de una forma ligera y entretenida. Esta es la serie perfecta para ver despu\u00e9s de cenar. Es cortita y divertida. Si no fuera as\u00ed, ser\u00eda insoportable. Adem\u00e1s, Espa\u00f1a ha aprendido a contar las cosas desde el humor, incluso nuestras desgracias. En la ficci\u00f3n hemos aprendido a re\u00edrnos de cosas tan terror\u00edficas como el terrorismo. La soluci\u00f3n del estigma pasa por poder normalizarlo, y re\u00edrse tambi\u00e9n normaliza las cosas.\n    <\/p>\n<blockquote class=\"quote\">\n<p class=\"quote-text\">En este momento no me siento tan atormentado, denso y pedante como en otras entrevistas que veo ahora y me r\u00edo de m\u00ed mismo<\/p>\n<p>\n                        Eduardo Casanova\n                                  <\/p>\n<\/blockquote>\n<p class=\"article-text\">\n        <strong>\u00bfC\u00f3mo ha sido la experiencia de grabar tu primera serie?<\/strong>\n    <\/p>\n<p class=\"article-text\">\n        Es mi primera serie como creador, guionista y director, como showrunner, pero ya dirig\u00ed Nacho, que era un trabajo de encargo.\n    <\/p>\n<p class=\"article-text\">\n        <strong>\u00bfC\u00f3mo surgi\u00f3 el proyecto? \u00bfTen\u00edas alguna plataforma detr\u00e1s o fue un salto al vac\u00edo?<\/strong>\n    <\/p>\n<p class=\"article-text\">\n        Fue un salto al vac\u00edo totalmente. Apoyo Positivo graba una serie de cortos que se llama Indetectables y quer\u00eda hacer una serie m\u00e1s grande. Yo me un\u00ed a su esfuerzo, se uni\u00f3 m\u00e1s gente, m\u00e1s productores, y sali\u00f3 esto. Cuando haces una serie o una pel\u00edcula sin una plataforma detr\u00e1s, venderla es un v\u00eda crucis. Pero lo de Movistar Plus+ con Silencio ha sido un amor a primera vista: la acogieron al segundo y la han cuidado. Eso me ha hecho muy feliz porque es la muestra de que Silencio es una serie que funciona y que est\u00e1 respaldada por una plataforma que tiene su sello de calidad. Eso me enorgullece.\n    <\/p>\n<p>            <img decoding=\"async\" class=\"lazy\" loading=\"lazy\" data-src=\"https:\/\/static.eldiario.es\/clip\/f21276cc-d437-48e6-8e17-efb77b348ae6_16-9-discover-aspect-ratio_default_0.jpg\" src=\"data:image\/svg+xml,%3Csvg xmlns=\" http:=\"\" viewbox=\"0 0 1200 675\" alt=\"Ana Polvorosa es una vampira en 'Silencio'\"\/><\/p>\n<p class=\"article-text\">\n        <strong>\u00bfY de qu\u00e9 quiere hablar Eduardo Casanova en su pr\u00f3ximo proyecto?<\/strong>\n    <\/p>\n<p class=\"article-text\">\n        Mi pr\u00f3ximo proyecto se llama &#8216;orfidal y cama&#8217;. M\u00e1s que un proyecto de ficci\u00f3n, es un documental que quiero rodar hoy mismo [r\u00ede].\n    <\/p>\n<p class=\"article-text\">\n        <strong>Como hablabas antes de que hay un \u201cnuevo Eduardo\u201d, he pensado que quiz\u00e1 ya tendr\u00edas alg\u00fan tema en mente.<\/strong>\n    <\/p>\n<p class=\"article-text\">\n        S\u00ed, hay un nuevo Eduardo. En este momento no me siento tan atormentado, denso y pedante como en otras entrevistas que veo ahora y me r\u00edo de m\u00ed mismo: \u00bfa d\u00f3nde va este pat\u00e9tico? Ahora mismo estoy en un mood muy de comedia, pero siempre mezcl\u00e1ndolo con lo sarc\u00e1stico y el terror. Como espectador, eso es lo que me encanta: pasar miedo y re\u00edrme a la vez.\n    <\/p>\n<p class=\"article-text\">\n        <strong>\u00bfTuviste que compaginar el rodaje de &#8216;Silencio&#8217; con el de &#8216;A\u00edda y vuelta&#8217;?<\/strong>\n    <\/p>\n<p class=\"article-text\">\n        No, hubiera sido imposible, pero s\u00ed tuve que compaginar la post producci\u00f3n de Silencio con el rodaje de A\u00edda. Ha sido un a\u00f1o muy loco, no lo voy a olvidar nunca porque ha sido muy intenso, con muchos proyectos. He hecho mi primera serie, el reencuentro de toda mi familia de A\u00edda, he rodado como actor La Nena con Paco Cabezas en Atresplayer, he rodado otra cosa secretar de la que no puedo hablar y he hecho televisi\u00f3n. Compaginarlo todo ha sido muy complicado, llego a fin de a\u00f1o arrastr\u00e1ndome. Pero bueno, esto es lo que tiene el capitalismo, que no sabemos si trabajamos por placer o por rutina.\n    <\/p>\n<p class=\"article-text\">\n        Estoy feliz, deseando que se estrene A\u00edda para poder promocionarla tranquilamente y no tener miedo a que se mezclen promociones. Lo que s\u00ed puedo asegurar es que es una pel\u00edcula divertid\u00edsima, pero con un autor muy interesante detr\u00e1s. Paco Le\u00f3n le ha dado un giro incre\u00edble, la gente va a flipar.\n    <\/p>\n<p>    <a href=\"https:\/\/www.eldiario.es\/vertele\/series\/mejores-series-diciembre-2025-ciudad-de-sombras-fallout-emily-in-paris-42-estrenos-netflix-amazon-prime-video-movistar-plus-disney_1_12795266.html\" data-mrf-recirculation=\"saber-mas-abajo\" data-dl-event=\"saber-mas-abajo\" rel=\"nofollow noopener\" target=\"_blank\"><\/p>\n<p class=\"know-more__title\">Las mejores 9 series de diciembre, con &#8216;Ciudad de sombras&#8217;, &#8216;Fallout&#8217; y &#8216;Emily in Paris&#8217; al frente de los 42 estrenos<\/p>\n<p>            <img decoding=\"async\" class=\"lazy\" loading=\"lazy\" data-src=\"https:\/\/static.eldiario.es\/clip\/8a076289-c267-4e76-b24f-7824282cfca7_16-9-aspect-ratio_default_0.jpg\" src=\"data:image\/svg+xml,%3Csvg xmlns=\" http:=\"\" viewbox=\"0 0 880 495\" alt=\"Las mejores 9 series de diciembre, con 'Ciudad de sombras', 'Fallout' y 'Emily in Paris' al frente de los 42 estrenos\"\/><\/p>\n<p>                        <\/a><\/p>\n<p class=\"article-text\">\n        .\n    <\/p>\n","protected":false},"excerpt":{"rendered":"Al otro lado del tel\u00e9fono se le escucha entusiasmado, y tiene motivos para estarlo. Eduardo Casanova estrena este&hellip;\n","protected":false},"author":2,"featured_media":267470,"comment_status":"","ping_status":"","sticky":false,"template":"","format":"standard","meta":{"footnotes":""},"categories":[91],"tags":[27790,61956,13843,146,147,25,24,36448,1878,10474,16334,2450,11689,156,2807,23],"class_list":{"0":"post-267469","1":"post","2":"type-post","3":"status-publish","4":"format-standard","5":"has-post-thumbnail","7":"category-entretenimiento","8":"tag-casanova","9":"tag-comedias","10":"tag-eduardo","11":"tag-entertainment","12":"tag-entretenimiento","13":"tag-es","14":"tag-espana","15":"tag-homosexual","16":"tag-movistar-plus","17":"tag-quiero","18":"tag-reinventa","19":"tag-santiago","20":"tag-segura","21":"tag-serie","22":"tag-silencio","23":"tag-spain"},"share_on_mastodon":{"url":"https:\/\/pubeurope.com\/@es\/115650873955454552","error":""},"_links":{"self":[{"href":"https:\/\/www.europesays.com\/es\/wp-json\/wp\/v2\/posts\/267469","targetHints":{"allow":["GET"]}}],"collection":[{"href":"https:\/\/www.europesays.com\/es\/wp-json\/wp\/v2\/posts"}],"about":[{"href":"https:\/\/www.europesays.com\/es\/wp-json\/wp\/v2\/types\/post"}],"author":[{"embeddable":true,"href":"https:\/\/www.europesays.com\/es\/wp-json\/wp\/v2\/users\/2"}],"replies":[{"embeddable":true,"href":"https:\/\/www.europesays.com\/es\/wp-json\/wp\/v2\/comments?post=267469"}],"version-history":[{"count":0,"href":"https:\/\/www.europesays.com\/es\/wp-json\/wp\/v2\/posts\/267469\/revisions"}],"wp:featuredmedia":[{"embeddable":true,"href":"https:\/\/www.europesays.com\/es\/wp-json\/wp\/v2\/media\/267470"}],"wp:attachment":[{"href":"https:\/\/www.europesays.com\/es\/wp-json\/wp\/v2\/media?parent=267469"}],"wp:term":[{"taxonomy":"category","embeddable":true,"href":"https:\/\/www.europesays.com\/es\/wp-json\/wp\/v2\/categories?post=267469"},{"taxonomy":"post_tag","embeddable":true,"href":"https:\/\/www.europesays.com\/es\/wp-json\/wp\/v2\/tags?post=267469"}],"curies":[{"name":"wp","href":"https:\/\/api.w.org\/{rel}","templated":true}]}}