{"id":267493,"date":"2025-12-02T16:38:07","date_gmt":"2025-12-02T16:38:07","guid":{"rendered":"https:\/\/www.europesays.com\/es\/267493\/"},"modified":"2025-12-02T16:38:07","modified_gmt":"2025-12-02T16:38:07","slug":"muerte-de-menores-por-arbovirosis-en-cuba-desata-alarma-en-la-prensa-canadiense","status":"publish","type":"post","link":"https:\/\/www.europesays.com\/es\/267493\/","title":{"rendered":"Muerte de menores por arbovirosis en Cuba desata alarma en la prensa canadiense"},"content":{"rendered":"<p>El reconocimiento oficial de que 21 ni\u00f1os y adolescentes han muerto en Cuba por dengue y chikungunya ha provocado alarma internacional y lleg\u00f3 este lunes hasta las p\u00e1ginas de la prensa de Canad\u00e1, uno de los principales pa\u00edses de emisi\u00f3n de turistas a la Isla.<\/p>\n<p>Seg\u00fan <a href=\"https:\/\/www.tvanouvelles.ca\/2025\/12\/01\/epidemie-de-chikungunya-et-de-dengue-21-enfants-et-adolescents-sont-decedes-a-cuba\" rel=\"nofollow noopener\" target=\"_blank\">TVA Nouvelles<\/a>, la viceministra de Salud cubana, <strong>Carilda Pe\u00f1a<\/strong>, confirm\u00f3 la v\u00edspera\u00a0que <a href=\"https:\/\/www.cibercuba.com\/noticias\/2025-12-01-u1-e135253-s27061-nid315821-cuba-confirma-33-muertes-chikunguna-dengue-mayoria\" rel=\"nofollow noopener\" target=\"_blank\"><strong>33 personas han fallecido por arbovirosis, entre ellas 14 menores v\u00edctimas del chikungunya y siete (7) del dengue<\/strong><\/a>.<\/p>\n<p>El medio quebequense subray\u00f3 que hasta la fecha, el ministerio de Salud P\u00fablica (MINSAP) no hab\u00eda reconocido muertes por chikungunya, pese a las denuncias de familiares y m\u00e9dicos que durante semanas alertaron sobre el incremento de casos graves y la saturaci\u00f3n hospitalaria.<\/p>\n<p>El reconocimiento tard\u00edo del r\u00e9gimen coincide con la actualizaci\u00f3n de las recomendaciones de viaje de Asuntos Globales Canad\u00e1, publicadas el 18 de noviembre, <a href=\"https:\/\/www.cibercuba.com\/noticias\/2025-11-24-u1-e208512-s27061-nid315442-canada-lanza-alerta-viaje-cuba-brote-chikungunya\" rel=\"nofollow noopener\" target=\"_blank\"><strong>alertando del peligro de viajar a la Isla debido al brote epid\u00e9mico y la precariedad del sistema sanitario cubano<\/strong><\/a>.<\/p>\n<p>Seg\u00fan la entidad gubernamental canadiense, los viajeros y turistas que visiten Cuba deben saber que existe \u201c<strong>un n\u00famero mayor de casos de chikungunya de lo esperado<\/strong>\u201d, e incluye a Cuba entre los pa\u00edses con brotes activos junto a Bangladesh, Kenia y Sri Lanka.<\/p>\n<p>El aviso canadiense subraya que la atenci\u00f3n m\u00e9dica en la isla es limitada, con <strong>hospitales en malas condiciones, falta de medicamentos y deficiencias de higiene<\/strong>. \u201cLas cl\u00ednicas internacionales ubicadas en zonas tur\u00edsticas ofrecen servicios m\u00e9dicos mejores que los centros p\u00fablicos, pero est\u00e1n reservadas a los extranjeros\u201d, destaca el documento.<\/p>\n<p>La alerta tambi\u00e9n recuerda los problemas estructurales que enfrenta el pa\u00eds: escasez de alimentos, combustible y medicinas, cortes el\u00e9ctricos y deterioro de los servicios de emergencia. Los tiempos de respuesta de ambulancias, advierte, \u201cpueden ser lentos, especialmente fuera de las zonas tur\u00edsticas.\u201d<\/p>\n<p>La preocupaci\u00f3n internacional se suma a la indignaci\u00f3n dentro de la isla, donde ciudadanos y expertos denuncian el <strong>ocultamiento de cifras reales y la falta de transparencia del MINSAP<\/strong>.<\/p>\n<p>Las muertes de menores confirmadas ahora dan la raz\u00f3n a las advertencias m\u00e9dicas y a las denuncias difundidas en redes sociales por cubanos que han sufrido la p\u00e9rdida de familiares y allegados y que vienen denunciando que hay \u201cmuchos ni\u00f1os en estado cr\u00edtico.\u201d<\/p>\n<p>Mientras Canad\u00e1 lanza advertencias y los medios internacionales cubren la crisis, el r\u00e9gimen de <strong>Miguel D\u00edaz-Canel<\/strong> contin\u00faa celebrando reuniones televisadas con \u201cexpertos y cient\u00edficos\u201d sin anunciar medidas concretas, sin presupuestos y sin reconocer su responsabilidad directa.<\/p>\n<p>Cuba, que durante d\u00e9cadas vendi\u00f3 al mundo su modelo de salud como un s\u00edmbolo revolucionario, enfrenta hoy un colapso sanitario visible desde el exterior: una epidemia que mata a sus ni\u00f1os, un sistema sin recursos, y un gobierno que sigue priorizando la propaganda sobre la verdad.<\/p>\n","protected":false},"excerpt":{"rendered":"El reconocimiento oficial de que 21 ni\u00f1os y adolescentes han muerto en Cuba por dengue y chikungunya ha&hellip;\n","protected":false},"author":2,"featured_media":267494,"comment_status":"","ping_status":"","sticky":false,"template":"","format":"standard","meta":{"footnotes":""},"categories":[92],"tags":[16105,3730,11524,2216,18606,25,24,165,47840,2661,4364,4365,4809,166,4367,1452,23,66042,14384,5173,66043,66044,46801],"class_list":{"0":"post-267493","1":"post","2":"type-post","3":"status-publish","4":"format-standard","5":"has-post-thumbnail","7":"category-salud","8":"tag-atencion-de-salud","9":"tag-canada","10":"tag-chikungunya","11":"tag-dengue","12":"tag-epidemias","13":"tag-es","14":"tag-espana","15":"tag-health","16":"tag-hospitales-cubanos","17":"tag-internacionales","18":"tag-medicamentos-en-cuba","19":"tag-minsap","20":"tag-muertes","21":"tag-salud","22":"tag-salud-en-cuba","23":"tag-salud-publica","24":"tag-spain","25":"tag-turismo-en-cuba","26":"tag-turismo-internacional","27":"tag-turistas","28":"tag-viajes-a-cuba","29":"tag-viajes-y-turismo","30":"tag-virus-de-oropouche"},"share_on_mastodon":{"url":"https:\/\/pubeurope.com\/@es\/115650960090206753","error":""},"_links":{"self":[{"href":"https:\/\/www.europesays.com\/es\/wp-json\/wp\/v2\/posts\/267493","targetHints":{"allow":["GET"]}}],"collection":[{"href":"https:\/\/www.europesays.com\/es\/wp-json\/wp\/v2\/posts"}],"about":[{"href":"https:\/\/www.europesays.com\/es\/wp-json\/wp\/v2\/types\/post"}],"author":[{"embeddable":true,"href":"https:\/\/www.europesays.com\/es\/wp-json\/wp\/v2\/users\/2"}],"replies":[{"embeddable":true,"href":"https:\/\/www.europesays.com\/es\/wp-json\/wp\/v2\/comments?post=267493"}],"version-history":[{"count":0,"href":"https:\/\/www.europesays.com\/es\/wp-json\/wp\/v2\/posts\/267493\/revisions"}],"wp:featuredmedia":[{"embeddable":true,"href":"https:\/\/www.europesays.com\/es\/wp-json\/wp\/v2\/media\/267494"}],"wp:attachment":[{"href":"https:\/\/www.europesays.com\/es\/wp-json\/wp\/v2\/media?parent=267493"}],"wp:term":[{"taxonomy":"category","embeddable":true,"href":"https:\/\/www.europesays.com\/es\/wp-json\/wp\/v2\/categories?post=267493"},{"taxonomy":"post_tag","embeddable":true,"href":"https:\/\/www.europesays.com\/es\/wp-json\/wp\/v2\/tags?post=267493"}],"curies":[{"name":"wp","href":"https:\/\/api.w.org\/{rel}","templated":true}]}}