{"id":267501,"date":"2025-12-02T16:42:11","date_gmt":"2025-12-02T16:42:11","guid":{"rendered":"https:\/\/www.europesays.com\/es\/267501\/"},"modified":"2025-12-02T16:42:11","modified_gmt":"2025-12-02T16:42:11","slug":"federica-mogherini-exjefa-de-la-diplomacia-europea-detenida-en-una-investigacion-por-fraude","status":"publish","type":"post","link":"https:\/\/www.europesays.com\/es\/267501\/","title":{"rendered":"Federica Mogherini, exjefa de la diplomacia europea, detenida en una investigaci\u00f3n por fraude"},"content":{"rendered":"\n<p> La \u2018burbuja europea\u2019 de Bruselas se ha vuelto a ver sacudida este martes por <strong>una investigaci\u00f3n anticorrupci\u00f3n<\/strong>, con el registro de la sede del Servicio Europeo de Acci\u00f3n Exterior (SEAE) y del Colegio de Europa, una instituci\u00f3n educativa que forma a buena parte de los futuros altos funcionarios europeos. En el marco de esta investigaci\u00f3n, <strong>Federica Mogherini<\/strong>, actual rectora del Colegio y <a href=\"https:\/\/www.elconfidencial.com\/mundo\/europa\/2019-07-07\/borrell-union-europea-ministro-exteriores-diplomacia_2108763\/\" target=\"_self\" rel=\"nofollow noopener\">antigua Alta Representante de la Uni\u00f3n para Pol\u00edtica Exterior y de Seguridad <\/a>durante el per\u00edodo 2014 &#8211; 2029, con cargo adem\u00e1s de vicepresidenta de la Comisi\u00f3n Europea, ha sido detenida por la polic\u00eda federal belga en unas pesquisas lideradas por la Fiscal\u00eda Europea (EPPO) y por la oficina europea de lucha contra el fraude (OLAF).  <\/p>\n<p> \u201cHoy se est\u00e1n llevando a cabo registros en el <strong>Colegio de Europa <\/strong>en Brujas (B\u00e9lgica) y en el <strong>Servicio Europeo de Acci\u00f3n Exterior <\/strong>(SEAE) en Bruselas, como parte de una investigaci\u00f3n sobre un presunto fraude relacionado con la formaci\u00f3n financiada por la UE para diplom\u00e1ticos junior, dirigida por la Fiscal\u00eda Europea en Bruselas. <strong>Se ha detenido a tres sospechosos<\/strong>\u201d, ha explicado la EPPO, que tiene sede en Luxemburgo y es la instituci\u00f3n independiente creada por la Uni\u00f3n Europea para la investigaci\u00f3n de delitos que tengan que ver con los intereses financieros de la Uni\u00f3n. La fiscal\u00eda se\u00f1ala que lo ocurrido podr\u00eda \u201cconstituir fraude en la contrataci\u00f3n p\u00fablica, corrupci\u00f3n, conflicto de intereses y violaci\u00f3n del secreto profesional\u201d. <\/p>\n<p> La informaci\u00f3n respecto al registro del SEAE, la instituci\u00f3n que preside el Alto Representante, ha sido adelantada este martes por Euractiv, un portal especializado en informaci\u00f3n comunitaria. Seg\u00fan la web, que cita a cuatro fuentes, <strong>la investigaci\u00f3n se centra en la compra de un edificio <\/strong>en Brujas (B\u00e9lgica), donde tiene su sede el Colegio, por unos 3,2 millones de euros para acoger la Academia Diplom\u00e1tica de la UE. El Colegio de Europa gan\u00f3 el concurso p\u00fablico para acoger la Academia con un contrato de 654.000 euros por parte del SEAE. Los investigadores, que act\u00faan bajo \u00f3rdenes de un juez de la provincia de Flandes Oriental, donde se sit\u00faa Brujas, sospechan que la instituci\u00f3n educativa <strong>contaba con informaci\u00f3n privilegiada <\/strong>del concurso p\u00fablico. <\/p>\n<p> La informaci\u00f3n ha sido confirmada poco despu\u00e9s por la propia fiscal\u00eda europea. \u201cSe trata del proyecto de la <strong>Academia Diplom\u00e1tica de la Uni\u00f3n Europea<\/strong>, un programa de formaci\u00f3n de nueve meses de duraci\u00f3n destinado a diplom\u00e1ticos noveles de todos los Estados miembros, que fue adjudicado por el Servicio Europeo de Acci\u00f3n Exterior al Colegio de Europa en B\u00e9lgica, para el periodo 2021-2022, tras un procedimiento de licitaci\u00f3n\u201d, ha se\u00f1alado en un comunicado. \u201cExisten fuertes sospechas de que, durante el proceso de licitaci\u00f3n del programa (&#8230;) <strong>se comparti\u00f3 informaci\u00f3n confidencial <\/strong>relacionada con la contrataci\u00f3n en curso con uno de los candidatos que participaban en la licitaci\u00f3n\u201d, explica la fiscal\u00eda.  <\/p>\n<p>              <img decoding=\"async\" class=\"inTextNews__img\" alt=\"Foto: redada-bruselas-supuesta-trama-sobornos-limpiar-imagen-qatar\" src=\"https:\/\/www.europesays.com\/es\/wp-content\/uploads\/2025\/12\/f.elconfidencial.com\/original\/79d\/d1a\/097\/79dd1a097d5bc844e864c9fd2b43fd74.jpg\"  \/>     <\/p>\n<p>TE PUEDE INTERESAR<\/p>\n<p>      <a class=\"inTextNews__title\" href=\"https:\/\/www.elconfidencial.com\/mundo\/europa\/2022-12-09\/redada-bruselas-supuesta-trama-sobornos-limpiar-imagen-qatar_3537465\/\" onclick=\"window.ECCO.emit(&#039;amplitude&#039;, { dataEventName: &#039;click_related_article_module&#039;, data: { related_article_url: &#039;https:\/\/www.elconfidencial.com\/mundo\/europa\/2022-12-09\/redada-bruselas-supuesta-trama-sobornos-limpiar-imagen-qatar_3537465\/&#039;, related_article_author: &#039;Nacho Alarc\u00f3n&#039;, related_article_section: &#039;europa&#039; } })\" rel=\"nofollow noopener\" target=\"_blank\"> Redada en Bruselas por una trama de sobornos para limpiar la imagen de Qatar: detenida una vicepresidenta del PE <\/a>   <\/p>\n<p>    Nacho Alarc\u00f3n. Bruselas   <\/p>\n<p> Mogherini, que <a href=\"https:\/\/www.elconfidencial.com\/mundo\/2025-12-02\/quien-es-dederica-mogherini-exvicepresidenta-ce-arrestada-malversacion-1qrt_4258758\/\" target=\"_self\" rel=\"nofollow noopener\">hab\u00eda dirigido el brazo de la diplomacia europea durante cinco a\u00f1os<\/a>, pas\u00f3 despu\u00e9s a dirigir el Colegio de Europa, pero dej\u00f3 a <strong>su mano derecha, Stefano Sannino<\/strong>, como secretario general del SEAE. Sannino, que se encontraba la semana pasada en Barcelona y que ha dejado su puesto, que ahora ocupa la espa\u00f1ola Bel\u00e9n Mart\u00ednez Carbonell, <strong>tambi\u00e9n ha sido detenido<\/strong>. Actualmente, Sannino era director general de la Comisi\u00f3n Europea para Oriente Medio, \u00c1frica del Norte y el Golfo. En el momento en el que se produjo el posible fraude, entre 2021 y 2022, el espa\u00f1ol <strong>Josep Borrell <\/strong>era el Alto Representante de la Uni\u00f3n.  <\/p>\n<p> La italiana fue una de las principales figuras de la pol\u00edtica europea durante la presidencia de la Comisi\u00f3n Europea de <strong>Jean-Claude Juncker<\/strong>, entre 2014 y 2019. Su gran hito fue la firma en 2015 del <strong>acuerdo nuclear con Ir\u00e1n<\/strong> (JCPOA, por sus siglas en ingl\u00e9s), del que EEUU sali\u00f3 en 2018, durante <strong>la primera presidencia de Donald Trump<\/strong>. El equipo que le sustituy\u00f3 al frente del SEAE, con Borrell al frente, trat\u00f3 en vano de que la administraci\u00f3n americana volviera al JCPOA durante la presidencia del dem\u00f3crata <strong>Joe Biden.<\/strong>  <\/p>\n<p>              <img decoding=\"async\" class=\"inTextNews__img\" alt=\"Foto: Federica Mogherini, exjefa de la diplomacia de la UE y exvicepresidenta de la Comisi\u00f3n Europea. (Foto: Reuters)\" src=\"https:\/\/www.europesays.com\/es\/wp-content\/uploads\/2025\/12\/f.elconfidencial.com\/original\/96b\/2b3\/54a\/96b2b354a9ad0164a0124f4f433e4acf.jpg\"  \/>     <\/p>\n<p>TE PUEDE INTERESAR<\/p>\n<p>      <a class=\"inTextNews__title\" href=\"https:\/\/www.elconfidencial.com\/mundo\/2025-12-02\/quien-es-dederica-mogherini-exvicepresidenta-ce-arrestada-malversacion-1qrt_4258758\/\" onclick=\"window.ECCO.emit(&#039;amplitude&#039;, { dataEventName: &#039;click_related_article_module&#039;, data: { related_article_url: &#039;https:\/\/www.elconfidencial.com\/mundo\/2025-12-02\/quien-es-dederica-mogherini-exvicepresidenta-ce-arrestada-malversacion-1qrt_4258758\/&#039;, related_article_author: &#039;Jorge Garc\u00eda Gonz\u00e1lez&#039;, related_article_section: &#039;mundo&#039; } })\" rel=\"nofollow noopener\" target=\"_blank\"> Qui\u00e9n es Federica Mogherini: de figura clave en la UE y una carrera marcada por la diplomacia a una detenci\u00f3n inesperada <\/a>   <\/p>\n<p>    El Confidencial   <\/p>\n<p> Antes, durante un breve per\u00edodo, Mogherini hab\u00eda sido<strong> ministra de Asuntos Exteriores italiana<\/strong> como parte de un Gobierno liderado por su partido, el Partido Dem\u00f3crata (PD), parte de los socialdem\u00f3cratas europeos (S&amp;D). Se trata de un nuevo esc\u00e1ndalo que golpea al coraz\u00f3n del barrio europeo, siguiendo el m\u00e1s sonado, el del \u2018Qatargate\u2019, en el que un grupo de eurodiputados y sus asistentes, la inmensa mayor\u00eda socialistas italianos, participaron en <a href=\"https:\/\/www.elconfidencial.com\/mundo\/europa\/2022-12-09\/redada-bruselas-supuesta-trama-sobornos-limpiar-imagen-qatar_3537465\/\" target=\"_self\" rel=\"nofollow noopener\">un esquema de sobornos para tratar de influir en las votaciones del Parlamento Europeo<\/a> respecto a algunos pa\u00edses como <strong>Qatar<\/strong>, pero tambi\u00e9n otros como <strong>Marruecos<\/strong>.  <\/p>\n<p> Cuando asumi\u00f3 el rectorado del Colegio de Europa en 2020, poco despu\u00e9s de haber dejado el SEAE, <strong>ya hubo cr\u00edticas respecto a su nombramiento<\/strong>, ya que la instituci\u00f3n est\u00e1 financiada en gran parte por la Uni\u00f3n Europea. Al frente del consejo de administraci\u00f3n que escoge al rector se encuentra, de hecho, otra figura de peso de la pol\u00edtica europea como es el belga <strong>Herman Van Rompuy<\/strong>, que fue el primer presidente del Consejo Europeo, el foro de l\u00edderes europeos, entre 2009 y 2014.  <\/p>\n<p> La \u2018burbuja europea\u2019 de Bruselas se ha vuelto a ver sacudida este martes por <strong>una investigaci\u00f3n anticorrupci\u00f3n<\/strong>, con el registro de la sede del Servicio Europeo de Acci\u00f3n Exterior (SEAE) y del Colegio de Europa, una instituci\u00f3n educativa que forma a buena parte de los futuros altos funcionarios europeos. En el marco de esta investigaci\u00f3n, <strong>Federica Mogherini<\/strong>, actual rectora del Colegio y <a href=\"https:\/\/www.elconfidencial.com\/mundo\/europa\/2019-07-07\/borrell-union-europea-ministro-exteriores-diplomacia_2108763\/\" target=\"_self\" rel=\"nofollow noopener\">antigua Alta Representante de la Uni\u00f3n para Pol\u00edtica Exterior y de Seguridad <\/a>durante el per\u00edodo 2014 &#8211; 2029, con cargo adem\u00e1s de vicepresidenta de la Comisi\u00f3n Europea, ha sido detenida por la polic\u00eda federal belga en unas pesquisas lideradas por la Fiscal\u00eda Europea (EPPO) y por la oficina europea de lucha contra el fraude (OLAF).  <\/p>\n","protected":false},"excerpt":{"rendered":"La \u2018burbuja europea\u2019 de Bruselas se ha vuelto a ver sacudida este martes por una investigaci\u00f3n anticorrupci\u00f3n, con&hellip;\n","protected":false},"author":2,"featured_media":267502,"comment_status":"","ping_status":"","sticky":false,"template":"","format":"standard","meta":{"footnotes":""},"categories":[42],"tags":[17,18,13,14,11,61,62,63,64,19,20,9,10,15,16,12,21,22,65,66,67],"class_list":{"0":"post-267501","1":"post","2":"type-post","3":"status-publish","4":"format-standard","5":"has-post-thumbnail","7":"category-internacional","8":"tag-breaking-news","9":"tag-breakingnews","10":"tag-featured-news","11":"tag-featurednews","12":"tag-headlines","13":"tag-internacional","14":"tag-international","15":"tag-international-news","16":"tag-internationalnews","17":"tag-latest-news","18":"tag-latestnews","19":"tag-news","20":"tag-noticias","21":"tag-noticias-destacadas","22":"tag-noticiasdestacadas","23":"tag-titulares","24":"tag-ultimas-noticias","25":"tag-ultimasnoticias","26":"tag-world","27":"tag-world-news","28":"tag-worldnews"},"share_on_mastodon":{"url":"https:\/\/pubeurope.com\/@es\/115650976283577221","error":""},"_links":{"self":[{"href":"https:\/\/www.europesays.com\/es\/wp-json\/wp\/v2\/posts\/267501","targetHints":{"allow":["GET"]}}],"collection":[{"href":"https:\/\/www.europesays.com\/es\/wp-json\/wp\/v2\/posts"}],"about":[{"href":"https:\/\/www.europesays.com\/es\/wp-json\/wp\/v2\/types\/post"}],"author":[{"embeddable":true,"href":"https:\/\/www.europesays.com\/es\/wp-json\/wp\/v2\/users\/2"}],"replies":[{"embeddable":true,"href":"https:\/\/www.europesays.com\/es\/wp-json\/wp\/v2\/comments?post=267501"}],"version-history":[{"count":0,"href":"https:\/\/www.europesays.com\/es\/wp-json\/wp\/v2\/posts\/267501\/revisions"}],"wp:featuredmedia":[{"embeddable":true,"href":"https:\/\/www.europesays.com\/es\/wp-json\/wp\/v2\/media\/267502"}],"wp:attachment":[{"href":"https:\/\/www.europesays.com\/es\/wp-json\/wp\/v2\/media?parent=267501"}],"wp:term":[{"taxonomy":"category","embeddable":true,"href":"https:\/\/www.europesays.com\/es\/wp-json\/wp\/v2\/categories?post=267501"},{"taxonomy":"post_tag","embeddable":true,"href":"https:\/\/www.europesays.com\/es\/wp-json\/wp\/v2\/tags?post=267501"}],"curies":[{"name":"wp","href":"https:\/\/api.w.org\/{rel}","templated":true}]}}