{"id":267503,"date":"2025-12-02T16:43:08","date_gmt":"2025-12-02T16:43:08","guid":{"rendered":"https:\/\/www.europesays.com\/es\/267503\/"},"modified":"2025-12-02T16:43:08","modified_gmt":"2025-12-02T16:43:08","slug":"el-bulo-del-borrado-de-los-cribados-de-cancer-que-pedro-sanchez-compro-y-por-el-que-le-pidio-responsabilidades-a-feijoo","status":"publish","type":"post","link":"https:\/\/www.europesays.com\/es\/267503\/","title":{"rendered":"El bulo del borrado de los cribados de c\u00e1ncer que Pedro S\u00e1nchez compr\u00f3 y por el que le pidi\u00f3 \u00abresponsabilidades\u00bb a Feij\u00f3o"},"content":{"rendered":"<p style=\"\">El <strong>PSOE<\/strong>, de arriba a abajo, guarda un espeso silencio acerca del archivo de la Fiscal\u00eda de Sevilla de la denuncia de la Asociaci\u00f3n de Mujeres de Mama de Sevilla (<strong>Amama<\/strong>) acerca del supuesto borrado de historiales m\u00e9dicos, tal y como<a href=\"https:\/\/www.abc.es\/espana\/andalucia\/antonio-sanz-urge-partidos-izquierda-pedir-perdon-20251202101617-nts.html\" target=\"_self\" data-voc-vtm-id=\"in-text-traffic\" title=\" ha avanzado &#039;ABC de Sevilla&#039;\" data-mrf-link=\"www.abc.es\" rel=\"nofollow noopener\"> ha avanzado &#8216;ABC de Sevilla&#8217;<\/a> &#8230; . <\/p>\n<p class=\"voc-p\" style=\"\">El mutismo es id\u00e9ntico al que caracteriz\u00f3 a los socialistas cuando hace dos semanas la entidad que lidera<strong> \u00c1ngela Claverol<\/strong> reconoci\u00f3 que desconoc\u00eda cu\u00e1ntos casos de pacientes afectadas por los errores hab\u00eda y, despu\u00e9s de negarle informaci\u00f3n al <strong>Servicio Andaluz de Salud (SAS), <\/strong><a href=\"https:\/\/www.abc.es\/espana\/andalucia\/amama-admite-sabe-cuantas-mujeres-afectadas-fallos-20251121130159-nts.html\" target=\"_self\" data-voc-vtm-id=\"in-text-traffic\" title=\"recul\u00f3\" data-mrf-link=\"www.abc.es\" rel=\"nofollow noopener\">recul\u00f3<\/a> y dijo que los 4.000 expedientes de los que llevaba semanas hablando eran en realidad llamadas atendidas en su asociaci\u00f3n.<\/p>\n<p class=\"voc-p\" style=\"\">Los partidos pol\u00edticos han madrugado para valorar la informaci\u00f3n adelantada por este peri\u00f3dico -a las declaraciones del consejero de Sanidad, Presidencia y Emergencias, Antonio <strong>Sanz<\/strong>, se han sumado las de<strong> Adelante Andaluc\u00eda y Vox<\/strong>&#8211; pero el <strong>PSOE<\/strong> no se ha dado por enterado de la actualidad.<\/p>\n<p class=\"voc-p\" style=\"\">Las \u00fanicas declaraciones al respecto han sido de la portavoz adjunta del Grupo Socialista en el Parlamento andaluz, <strong>\u00c1ngeles F\u00e9rriz<\/strong>, ha subrayado este martes que \u00aben la Fiscal\u00eda\u00bb sigue habiendo \u00abcientos de denuncias\u00bb presentadas por mujeres afectadas por el \u00abesc\u00e1ndalo\u00bb derivado de los fallos detectados en el programa de cribados del c\u00e1ncer de mama en la sanidad andaluza.<\/p>\n<p class=\"voc-p\" style=\"\">Esta postura contrasta fuertemente con la munici\u00f3n gruesa que los dirigentes socialistas de m\u00e1s alto nivel emplearon hace un mes para respaldar la denuncia de <strong>Amama<\/strong> en la Fiscal\u00eda. Con la crisis de los cribados en la cresta de la ola, las cr\u00edticas a la <strong>Junta de Andaluc\u00eda<\/strong> llegaron desde lo m\u00e1s alto. Desde la misma c\u00faspide del partido.<\/p>\n<p class=\"voc-title\">\u00ab\u00bfPor qu\u00e9 desaparecieron las pruebas y las mamograf\u00edas? \u00bfPor qu\u00e9 dijo la Junta que era un infundio?\u00bb<\/p>\n<p class=\"voc-article-position__name\">Mar\u00eda Jes\u00fas Montero<\/p>\n<p class=\"voc-article-position__employ\">Vicepresidenta del Gobierno<\/p>\n<p class=\"voc-p\" style=\"\">El propio presidente del Gobierno, <strong>Pedro S\u00e1nchez<\/strong>, se hizo eco del bulo del borrado de las pruebas m\u00e9dicas en un debate en el Parlamento de la Naci\u00f3n, y le pidi\u00f3 al presidente nacional del PP, Alberto N\u00fa\u00f1ez Feij\u00f3o que exigiera \u00abresponsabilidades\u00bb por la crisis de los cribados al presidente de la Junta de Andaluc\u00eda, cuya reacci\u00f3n, a su juicio, estaba jalonada de \u00abmentiras, manipulaci\u00f3n, mala gesti\u00f3n, recortes y desprotecci\u00f3n\u00bb.<\/p>\n<p class=\"voc-p\" style=\"\">No se qued\u00f3 atr\u00e1s la ministra de Sanidad, <strong>M\u00f3nica Garc\u00eda<\/strong> (Sumar), que no dud\u00f3 en subirse al carro. \u00abEstamos hablando de un Partido Popular que daba martillazos a los discos duros y que cuando tiene algo que ocultar ejerce todas sus funciones\u00bb y pone \u00abal gobierno de Juan Manuel Moreno Bonilla a destruir las pruebas\u00bb, aseguraba.<\/p>\n<p>\nCara a cara con Bendodo\n<\/p>\n<p class=\"voc-p\" style=\"\">Y la vicepresidenta primera del Gobierno, ministra de Hacienda, l\u00edder del PSOE andaluz y candidata a la Presidencia de la Junta de Andaluc\u00eda,<strong> Mar\u00eda Jes\u00fas Montero<\/strong>, utiliz\u00f3 tambi\u00e9n este mi\u00e9rcoles el falso borrado en su r\u00e9plica en el Congreso al diputado malague\u00f1o del PP, El\u00edas Bendodo. Le pregunt\u00f3 por qu\u00e9 \u00abdesaparecieron las pruebas y las mamograf\u00edas\u00bb de la aplicaci\u00f3n <strong>ClicSalud+<\/strong>. <\/p>\n<p class=\"voc-p\" style=\"\">\u00ab\u00bfPor qu\u00e9 le dijeron a las mujeres que era un infundio cuando las propias mujeres hab\u00edan entrado en la historia y hab\u00edan visto que no estaba?\u00bb, a\u00f1adi\u00f3 la &#8216;n\u00famero dos&#8217; de S\u00e1nchez.<\/p>\n","protected":false},"excerpt":{"rendered":"El PSOE, de arriba a abajo, guarda un espeso silencio acerca del archivo de la Fiscal\u00eda de Sevilla&hellip;\n","protected":false},"author":2,"featured_media":267504,"comment_status":"","ping_status":"","sticky":false,"template":"","format":"standard","meta":{"footnotes":""},"categories":[8],"tags":[21505,17,18,24047,1066,35840,25995,25,24,13,14,9860,11,19,20,9,10,15,16,1822,4165,45901,199,23,12,21,22],"class_list":{"0":"post-267503","1":"post","2":"type-post","3":"status-publish","4":"format-standard","5":"has-post-thumbnail","7":"category-espana","8":"tag-borrado","9":"tag-breaking-news","10":"tag-breakingnews","11":"tag-bulo","12":"tag-cancer","13":"tag-compro","14":"tag-cribados","15":"tag-es","16":"tag-espana","17":"tag-featured-news","18":"tag-featurednews","19":"tag-feijoo","20":"tag-headlines","21":"tag-latest-news","22":"tag-latestnews","23":"tag-news","24":"tag-noticias","25":"tag-noticias-destacadas","26":"tag-noticiasdestacadas","27":"tag-pedro","28":"tag-pidio","29":"tag-responsabilidades","30":"tag-sanchez","31":"tag-spain","32":"tag-titulares","33":"tag-ultimas-noticias","34":"tag-ultimasnoticias"},"share_on_mastodon":{"url":"https:\/\/pubeurope.com\/@es\/115650979808473557","error":""},"_links":{"self":[{"href":"https:\/\/www.europesays.com\/es\/wp-json\/wp\/v2\/posts\/267503","targetHints":{"allow":["GET"]}}],"collection":[{"href":"https:\/\/www.europesays.com\/es\/wp-json\/wp\/v2\/posts"}],"about":[{"href":"https:\/\/www.europesays.com\/es\/wp-json\/wp\/v2\/types\/post"}],"author":[{"embeddable":true,"href":"https:\/\/www.europesays.com\/es\/wp-json\/wp\/v2\/users\/2"}],"replies":[{"embeddable":true,"href":"https:\/\/www.europesays.com\/es\/wp-json\/wp\/v2\/comments?post=267503"}],"version-history":[{"count":0,"href":"https:\/\/www.europesays.com\/es\/wp-json\/wp\/v2\/posts\/267503\/revisions"}],"wp:featuredmedia":[{"embeddable":true,"href":"https:\/\/www.europesays.com\/es\/wp-json\/wp\/v2\/media\/267504"}],"wp:attachment":[{"href":"https:\/\/www.europesays.com\/es\/wp-json\/wp\/v2\/media?parent=267503"}],"wp:term":[{"taxonomy":"category","embeddable":true,"href":"https:\/\/www.europesays.com\/es\/wp-json\/wp\/v2\/categories?post=267503"},{"taxonomy":"post_tag","embeddable":true,"href":"https:\/\/www.europesays.com\/es\/wp-json\/wp\/v2\/tags?post=267503"}],"curies":[{"name":"wp","href":"https:\/\/api.w.org\/{rel}","templated":true}]}}