{"id":267505,"date":"2025-12-02T16:44:19","date_gmt":"2025-12-02T16:44:19","guid":{"rendered":"https:\/\/www.europesays.com\/es\/267505\/"},"modified":"2025-12-02T16:44:19","modified_gmt":"2025-12-02T16:44:19","slug":"quinientos-escolares-conocen-la-dimension-de-la-integracion-a-traves-del-deporte-inclusivo","status":"publish","type":"post","link":"https:\/\/www.europesays.com\/es\/267505\/","title":{"rendered":"Quinientos escolares conocen la dimensi\u00f3n de la integraci\u00f3n a trav\u00e9s del deporte inclusivo"},"content":{"rendered":"<p>Quinientos alumnos de primaria han participado en las jornadas de deporte inclusivo programada por el Consejo Local de personas con discapacidad que ha tenido como escenario la pista del pabell\u00f3n Santiago Ca\u00f1izares.<\/p>\n<p>El club de baloncesto en silla de ruedas Amiab, Club Paralimpico Puertollano y Club Deportivo Fuente Agria han dirigido el circuito de pruebas deportivas por el que han pasado los escolares de los colegios Vicente Aleixandre, Santa B\u00e1rbara, Ram\u00f3n y Cajal, Migue de Unamuno, Doctor Lim\u00f3n, Mireia Belmonte, Inmaculada Enpetrol, Calder\u00f3n de la Barca, David Jim\u00e9nez Avenda\u00f1o, Gonzalo de Berceo, Juan Ram\u00f3n Jim\u00e9nez, as\u00ed como de usuarios y socios de la asociaci\u00f3n Aldab\u00f3n y de la Fundaci\u00f3n SocioSanitaria.<\/p>\n<p><img fetchpriority=\"high\" decoding=\"async\" width=\"1200\" height=\"900\" src=\"https:\/\/www.europesays.com\/es\/wp-content\/uploads\/2025\/12\/disca-ca.jpg\" alt=\"\" class=\"wp-image-145119\"  \/><\/p>\n<p><strong>El deporte como herramienta para la inclusi\u00f3n<\/strong><\/p>\n<p>La concejala de bienestar social, <strong>Sagrario Almod\u00f3var<\/strong>, y el concejal de deportes, <strong>Javier Trujillo<\/strong>, han resaltado el deporte como herramienta de integraci\u00f3n e inclusi\u00f3n y en este caso con la participaci\u00f3n de los escolares que desde edades tempranas han podido comprobar las dificultades diarias que tienen que superar las personas con discapacidad.<\/p>\n<p>Unos escolares que han pasado por diversas pruebas deportivas, como baloncesto en silla de ruedas, atletismo, b\u00e1dminton y tenis de mesa, entre otros.<\/p>\n<p>Las actividades programadas por el Consejo Local se completar\u00e1n el pr\u00f3ximo mi\u00e9rcoles, 3 de diciembre, d\u00eda Internacional de la Discapacidad, con una masterclass de zumba de la Asociaci\u00f3n Aldab\u00f3n, de 10 a 12 horas, y lectura de manifiesto en el Centro Cultural.<\/p>\n<p><img loading=\"lazy\" decoding=\"async\" width=\"1200\" height=\"820\" src=\"https:\/\/www.europesays.com\/es\/wp-content\/uploads\/2025\/12\/disca-a.jpg\" alt=\"\" class=\"wp-image-145120\"  \/><br \/>\n<img loading=\"lazy\" decoding=\"async\" width=\"1200\" height=\"750\" src=\"https:\/\/www.europesays.com\/es\/wp-content\/uploads\/2025\/12\/disca-b.jpg\" alt=\"\" class=\"wp-image-145121\"  \/><br \/>\n<img loading=\"lazy\" decoding=\"async\" width=\"1200\" height=\"900\" src=\"https:\/\/www.europesays.com\/es\/wp-content\/uploads\/2025\/12\/disca-f-1.jpg\" alt=\"\" class=\"wp-image-145129\"  \/><br \/>\n<img loading=\"lazy\" decoding=\"async\" width=\"1200\" height=\"1458\" src=\"https:\/\/www.europesays.com\/es\/wp-content\/uploads\/2025\/12\/disca-b1.jpg\" alt=\"\" class=\"wp-image-145122\"  \/><br \/>\n<img loading=\"lazy\" decoding=\"async\" width=\"1200\" height=\"788\" src=\"https:\/\/www.europesays.com\/es\/wp-content\/uploads\/2025\/12\/disca-c.jpg\" alt=\"\" class=\"wp-image-145123\"  \/><br \/>\n<img loading=\"lazy\" decoding=\"async\" width=\"1200\" height=\"900\" src=\"https:\/\/www.europesays.com\/es\/wp-content\/uploads\/2025\/12\/disca-ed.jpg\" alt=\"\" class=\"wp-image-145127\"  \/><br \/>\n<img loading=\"lazy\" decoding=\"async\" width=\"1200\" height=\"900\" src=\"https:\/\/www.europesays.com\/es\/wp-content\/uploads\/2025\/12\/disca-g.jpg\" alt=\"\" class=\"wp-image-145125\"  \/><br \/>\n<img loading=\"lazy\" decoding=\"async\" width=\"1200\" height=\"1346\" src=\"https:\/\/www.europesays.com\/es\/wp-content\/uploads\/2025\/12\/disca-h.jpg\" alt=\"\" class=\"wp-image-145128\"  \/><\/p>\n","protected":false},"excerpt":{"rendered":"Quinientos alumnos de primaria han participado en las jornadas de deporte inclusivo programada por el Consejo Local de&hellip;\n","protected":false},"author":2,"featured_media":267506,"comment_status":"","ping_status":"","sticky":false,"template":"","format":"standard","meta":{"footnotes":""},"categories":[5],"tags":[17,18,25,24,13,14,11,19,20,9,10,15,16,23,12,21,22],"class_list":{"0":"post-267505","1":"post","2":"type-post","3":"status-publish","4":"format-standard","5":"has-post-thumbnail","7":"category-titulares","8":"tag-breaking-news","9":"tag-breakingnews","10":"tag-es","11":"tag-espana","12":"tag-featured-news","13":"tag-featurednews","14":"tag-headlines","15":"tag-latest-news","16":"tag-latestnews","17":"tag-news","18":"tag-noticias","19":"tag-noticias-destacadas","20":"tag-noticiasdestacadas","21":"tag-spain","22":"tag-titulares","23":"tag-ultimas-noticias","24":"tag-ultimasnoticias"},"share_on_mastodon":{"url":"https:\/\/pubeurope.com\/@es\/115650984188239995","error":""},"_links":{"self":[{"href":"https:\/\/www.europesays.com\/es\/wp-json\/wp\/v2\/posts\/267505","targetHints":{"allow":["GET"]}}],"collection":[{"href":"https:\/\/www.europesays.com\/es\/wp-json\/wp\/v2\/posts"}],"about":[{"href":"https:\/\/www.europesays.com\/es\/wp-json\/wp\/v2\/types\/post"}],"author":[{"embeddable":true,"href":"https:\/\/www.europesays.com\/es\/wp-json\/wp\/v2\/users\/2"}],"replies":[{"embeddable":true,"href":"https:\/\/www.europesays.com\/es\/wp-json\/wp\/v2\/comments?post=267505"}],"version-history":[{"count":0,"href":"https:\/\/www.europesays.com\/es\/wp-json\/wp\/v2\/posts\/267505\/revisions"}],"wp:featuredmedia":[{"embeddable":true,"href":"https:\/\/www.europesays.com\/es\/wp-json\/wp\/v2\/media\/267506"}],"wp:attachment":[{"href":"https:\/\/www.europesays.com\/es\/wp-json\/wp\/v2\/media?parent=267505"}],"wp:term":[{"taxonomy":"category","embeddable":true,"href":"https:\/\/www.europesays.com\/es\/wp-json\/wp\/v2\/categories?post=267505"},{"taxonomy":"post_tag","embeddable":true,"href":"https:\/\/www.europesays.com\/es\/wp-json\/wp\/v2\/tags?post=267505"}],"curies":[{"name":"wp","href":"https:\/\/api.w.org\/{rel}","templated":true}]}}