{"id":267513,"date":"2025-12-02T16:54:11","date_gmt":"2025-12-02T16:54:11","guid":{"rendered":"https:\/\/www.europesays.com\/es\/267513\/"},"modified":"2025-12-02T16:54:11","modified_gmt":"2025-12-02T16:54:11","slug":"fin-al-contrato-que-les-obligaba-a-entenderse","status":"publish","type":"post","link":"https:\/\/www.europesays.com\/es\/267513\/","title":{"rendered":"fin al contrato que les obligaba a entenderse"},"content":{"rendered":"<p><a title=\"Mar Flores\" href=\"https:\/\/www.larazon.es\/gente\/famosos\/mar-flores-aparca-rencor-tiene-emotivas-palabras-hijo-carlo-costanzia_202511136916410139b3f1652be8aa0f.html\" target=\"_blank\" rel=\"nofollow noopener\">Mar Flores<\/a> ha removido mucho el pasado con la publicaci\u00f3n de su libro de memorias, \u2018<a title=\"Mar en calma\" href=\"https:\/\/www.larazon.es\/gente\/famosos\/ultima-confesion-mar-flores-sus-hijos-pequenos-han-tenido-padre-que-les-envenene-cabeza-hablandoles-mal-madre_2025102768ff6d96744eb0288cfc6932.html\" target=\"_blank\" rel=\"nofollow noopener\">Mar en calma<\/a>\u2019. Quiz\u00e1 demasiado. Y es que algunos de los aludidos en su autobiograf\u00eda se han sentido atacados y han respondido con ferocidad a sus confesiones. Es el caso de <a title=\"Alessandro Lequio\" href=\"https:\/\/www.larazon.es\/gente\/famosos\/boris-izaguirre-frank-blanco-mojan-opinar-despido-alessandro-lequio_202511276928801b55584d48fb5ff2c2.html\" target=\"_blank\" rel=\"nofollow noopener\">Alessandro Lequio<\/a>, que carg\u00f3 muy duro contra las acusaciones de su expareja, as\u00ed como <a title=\"Carlo Costanzia padre\" href=\"https:\/\/www.larazon.es\/gente\/famosos\/felicitacion-carlo-costanzia-padre-nieto-dia-santo-rueda-vida-gira_20251104690a0554513f437cb8f81675.html\" target=\"_blank\" rel=\"nofollow noopener\">Carlo Costanzia padre<\/a>, que incluso ha prometido acciones legales en su contra. Aqu\u00ed entra en juego el hijo que ambos tuvieron, <a title=\"Carlo Costanzia junior\" href=\"https:\/\/www.larazon.es\/gente\/famosos\/felicitacion-carlo-costanzia-padre-nieto-dia-santo-rueda-vida-gira_20251104690a0554513f437cb8f81675.html\" target=\"_blank\" rel=\"nofollow noopener\">Carlo Costanzia junior<\/a>, quien <b>no ha querido posicionarse en la nueva batalla medi\u00e1tica de sus padres, aunque al final ha terminado velando m\u00e1s por su progenitor<\/b>. <\/p>\n<p>Haberse convertido en pap\u00e1 junto a <a title=\"Alejandra Rubio\" href=\"https:\/\/www.larazon.es\/gente\/tv\/maria-patino-arremete-alejandra-rubio-carlo-costanzia-parece-indecente_202510306903b23204f676734938995d.html\" target=\"_blank\" rel=\"nofollow noopener\">Alejandra Rubio<\/a> le acerc\u00f3 a su madre. Su relaci\u00f3n se hab\u00eda vuelto m\u00e1s tensa despu\u00e9s de las confesiones del joven en los plat\u00f3s de televisi\u00f3n, tras su resurgir como personaje p\u00fablico. <b>Culpaba a sus padres de sus males de adicciones y con la justicia, mientras que segu\u00eda teniendo encuentros con uno y no tanto con la otra<\/b>. Pero el nieto abland\u00f3 a la abuela, que acerc\u00f3 posiciones para ocupar su lugar. As\u00ed lleg\u00f3 un proyecto televisivo que les un\u00eda tambi\u00e9n en lo profesional, apostando por mostrar su renovada armon\u00eda. Pero las cosas se tensaron de nuevo, a pesar de que <b>han estado obligados a entenderse estos \u00faltimos meses<\/b>. <\/p>\n<p>Mar Flores y Carlo Costanzia, al fin libres de contrato<\/p>\n<p>Mar Flores quiso reconciliarse con su pasado y escribir los cap\u00edtulos m\u00e1s destacados de su vida a modo de terapia. <b>As\u00ed public\u00f3 el libro. Pero, seg\u00fan su hijo, lo hizo sin decirle nada del proyecto y, a\u00fan menos, del contenido. Cuando se enter\u00f3 de las fuertes acusaciones alert\u00f3 a su padre para acudiese a interponer una demanda<\/b> para proteger su honor y buen nombre. El hijo plant\u00f3 a su madre en la presentaci\u00f3n de sus memorias, dando mucho que hablar. \u00c9l confirm\u00f3 despu\u00e9s que fue para no posicionarse, a la vez que reprochaba lo que le hab\u00eda hecho su madre a su padre, pero excusando en todo lo que \u00e9ste acusaba a su exmarido. Con ello, tomaba partido.<\/p>\n<p><img decoding=\"async\" loading=\"lazy\" src=\"https:\/\/www.europesays.com\/es\/wp-content\/uploads\/2025\/12\/mar-flores-carlo-costanzia-carlo-costanzia-padre_58.jpg\" alt=\"Mar Flores, Carlo Costanzia Jr. y Carlo Costanzia padre\" width=\"900\" height=\"600\"\/><b>Mar Flores, Carlo Costanzia Jr. y Carlo Costanzia padre<\/b>La Raz\u00f3nGtres<\/p>\n<p>En sus numerosas intervenciones televisivas al final Carlo termin\u00f3 tomando partido y velando por su padre, a quien ve\u00eda an\u00edmicamente afectado. Tambi\u00e9n por ver a sus dos hijos menores cumpliendo condena en Tur\u00edn por intento de homicidio a otro joven. <b>\u201cMi madre deber\u00eda haber mantenido ciertas cosas en privado y ciertas haberlas resuelto, si as\u00ed hubieran sucedido, por v\u00eda judicial\u201d. \u00c9l es de la opini\u00f3n de que \u201clos trapos sucios se lavan en casa\u201d, aunque esto lo dec\u00eda en un plat\u00f3 de televisi\u00f3n,<\/b> enfadando a su madre. \u201cDice cosas fuertes de mi padre de las que no quiero formar parte. No es plato de buen gusto que Espa\u00f1a sepa todo\u201d, recalcaba. <\/p>\n<p>Palabras muy duras contra su progenitora, con la que en esos momentos estaba en medio de las grabaciones de \u2018<a title=\"DecoMasters\" href=\"https:\/\/www.larazon.es\/television\/programas\/mar-flores-hijo-carlos-constanzia-unen-reality-decomasters-rtve_20250730688a22abffbf4a1a6748da00.html\" target=\"_blank\" rel=\"nofollow noopener\">DecoMasters<\/a>\u2019. <b>Madre e hijo firmaron un contrato para concursar juntos en un reality de TVE en el que demostrar\u00e1n sus dotes como decoradores de interiores.<\/b> Es su primer proyecto en televisi\u00f3n juntos, <b>despu\u00e9s de que el hijo haya plantado a su madre en su debut como dise\u00f1adora y en su debut en las librer\u00edas<\/b>. El ambiente entre ellos estaba tenso, pero despu\u00e9s de unos meses trabajando codo con codo, tratando de hacer ver al p\u00fablico que todo estaba bien, aunque se reprochaban cosas en p\u00fablico entre pullitas.<\/p>\n<p>Pero, <b>tanto Mar Flores como su hijo Carlo Costanzia, ya son libres. Ya han terminado las grabaciones del reality<\/b> de reformas del hogar. Una aventura que a\u00fan no ha sido emitida por la cadena p\u00fablica y en la que demostrar\u00edan c\u00f3mo se manejan frente a situaciones de estr\u00e9s y en plena competencia. Presumen de tener una excelente relaci\u00f3n, aunque no faltan los reproches y los trastos lanzados al aire. <\/p>\n<p>Habr\u00e1 que esperar a su estreno, previsto para la pr\u00f3xima temporada. Eso s\u00ed, ya fueron cazados por los paparazzi en plenas grabaciones y se destac\u00f3 en su d\u00eda que estaban distantes y con el rictus serio. Y eso que Mar Flores dec\u00eda que <b>\u201ccompartir esta aventura juntos es un regalo. Somos madre e hijo, nos unen muchas cosas y esta experiencia juntos en \u2018DecoMasters\u2019 va a estar llena de creatividad y dise\u00f1o. Con ilusi\u00f3n, con ganas de aprender el uno del otro y con mucho cari\u00f1o\u201d<\/b>. \u00bfLo habr\u00e1n disfrutado como una oportunidad para estrechar lazos? \u00bfO como una obligaci\u00f3n impuesta por contrato? Sea como fuere, ya pueden actuar con normalidad y verse si lo desean, sin necesidad de que est\u00e9n las c\u00e1maras del reality. Quiz\u00e1 si la de las agencias que siguen a diario sus pasos. <\/p>\n","protected":false},"excerpt":{"rendered":"Mar Flores ha removido mucho el pasado con la publicaci\u00f3n de su libro de memorias, \u2018Mar en calma\u2019.&hellip;\n","protected":false},"author":2,"featured_media":267514,"comment_status":"","ping_status":"","sticky":false,"template":"","format":"standard","meta":{"footnotes":""},"categories":[174],"tags":[255,146,147,25,24,256,23],"class_list":{"0":"post-267513","1":"post","2":"type-post","3":"status-publish","4":"format-standard","5":"has-post-thumbnail","7":"category-famosos","8":"tag-celebrities","9":"tag-entertainment","10":"tag-entretenimiento","11":"tag-es","12":"tag-espana","13":"tag-famosos","14":"tag-spain"},"share_on_mastodon":{"url":"https:\/\/pubeurope.com\/@es\/115651023312967381","error":""},"_links":{"self":[{"href":"https:\/\/www.europesays.com\/es\/wp-json\/wp\/v2\/posts\/267513","targetHints":{"allow":["GET"]}}],"collection":[{"href":"https:\/\/www.europesays.com\/es\/wp-json\/wp\/v2\/posts"}],"about":[{"href":"https:\/\/www.europesays.com\/es\/wp-json\/wp\/v2\/types\/post"}],"author":[{"embeddable":true,"href":"https:\/\/www.europesays.com\/es\/wp-json\/wp\/v2\/users\/2"}],"replies":[{"embeddable":true,"href":"https:\/\/www.europesays.com\/es\/wp-json\/wp\/v2\/comments?post=267513"}],"version-history":[{"count":0,"href":"https:\/\/www.europesays.com\/es\/wp-json\/wp\/v2\/posts\/267513\/revisions"}],"wp:featuredmedia":[{"embeddable":true,"href":"https:\/\/www.europesays.com\/es\/wp-json\/wp\/v2\/media\/267514"}],"wp:attachment":[{"href":"https:\/\/www.europesays.com\/es\/wp-json\/wp\/v2\/media?parent=267513"}],"wp:term":[{"taxonomy":"category","embeddable":true,"href":"https:\/\/www.europesays.com\/es\/wp-json\/wp\/v2\/categories?post=267513"},{"taxonomy":"post_tag","embeddable":true,"href":"https:\/\/www.europesays.com\/es\/wp-json\/wp\/v2\/tags?post=267513"}],"curies":[{"name":"wp","href":"https:\/\/api.w.org\/{rel}","templated":true}]}}