{"id":267515,"date":"2025-12-02T16:57:10","date_gmt":"2025-12-02T16:57:10","guid":{"rendered":"https:\/\/www.europesays.com\/es\/267515\/"},"modified":"2025-12-02T16:57:10","modified_gmt":"2025-12-02T16:57:10","slug":"alvaro-desvela-el-embarazo-secreto-de-mayeli-en-la-isla-de-las-tentaciones","status":"publish","type":"post","link":"https:\/\/www.europesays.com\/es\/267515\/","title":{"rendered":"\u00c1lvaro desvela el embarazo secreto de Mayeli en &#8216;La isla de las tentaciones&#8217;"},"content":{"rendered":"<p class=\"v-mdl-ath__p v-mdl-ath__p--6\">\nMartes, 2 de diciembre 2025, 13:31<\/p>\n<p>| Actualizado 13:40h.<\/p>\n<p class=\"v-p\">La novena edici\u00f3n de &#8216;La isla de las tentaciones&#8217; se ha visto sacudida por un aut\u00e9ntico terremoto durante la hoguera de las consecuencias. Despu\u00e9s de d\u00edas de rumores, la participante Mayeli ha confirmado que est\u00e1 embarazada, algo que hab\u00eda mantenido en secreto hasta el \u00faltimo momento. La confesi\u00f3n lleg\u00f3 despu\u00e9s de que su pareja, \u00c1lvaro, anunciara sin previo aviso que iban a ser padres. <\/p>\n<p class=\"v-p\">Todo sucedi\u00f3 durante el tenso encuentro con Sandra Barneda. El joven vio sus im\u00e1genes junto a Erika y despu\u00e9s de que su novia le recriminara su comportamiento se levant\u00f3 y espet\u00f3: \u00abMira, Sandra.\u00a0Voy a ser completamente sincero&#8230; Mayeli y yo vamos a ser padres\u00bb. Una frase que dej\u00f3 estupefacta a la presentadora, experta en manejar momentos imprevisibles. \u00ab\u00bfPerdona? \u00bfMayeli, est\u00e1s embarazada?\u00bb, pregunt\u00f3 Barneda todav\u00eda en shock. Tras volver a insistir, lleg\u00f3 la confirmaci\u00f3n cargada de reproches hacia \u00c1varo: \u00abEso es algo que me corresponde decir a m\u00ed,\u00a0no te corresponde a ti\u00bb, le dijo. \u00abEs mi cuerpo y si quiero lo digo y, si no, no\u00bb, expres\u00f3 mientras \u00e9l se romp\u00eda. Tama\u00f1o secreto ha llevado a la organizaci\u00f3n del programa a la expulsi\u00f3n directa de los dos participantes. <\/p>\n<p class=\"v-p\">Por su parte, Mayeli ha emitido un comunicado asegurando que tiene previsto contar su versi\u00f3n de los hechos. De momento, est\u00e1 retirada de la vida p\u00fablica y no est\u00e1 siguiendo el programa para preservar su salud mental. Tampoco ha trascendido si la pareja sigue junta. Habr\u00e1 que esperar al programa de los seis meses despu\u00e9s para conocer c\u00f3mo termina esta historia. <\/p>\n<p>Reporta un error<\/p>\n","protected":false},"excerpt":{"rendered":"Martes, 2 de diciembre 2025, 13:31 | Actualizado 13:40h. La novena edici\u00f3n de &#8216;La isla de las tentaciones&#8217;&hellip;\n","protected":false},"author":2,"featured_media":267516,"comment_status":"","ping_status":"","sticky":false,"template":"","format":"standard","meta":{"footnotes":""},"categories":[171],"tags":[2607,4083,929,146,147,25,24,65881,7463,23,214],"class_list":{"0":"post-267515","1":"post","2":"type-post","3":"status-publish","4":"format-standard","5":"has-post-thumbnail","7":"category-tv","8":"tag-alvaro","9":"tag-desvela","10":"tag-embarazo","11":"tag-entertainment","12":"tag-entretenimiento","13":"tag-es","14":"tag-espana","15":"tag-mayeli","16":"tag-secreto","17":"tag-spain","18":"tag-tv"},"share_on_mastodon":{"url":"https:\/\/pubeurope.com\/@es\/115651034901988590","error":""},"_links":{"self":[{"href":"https:\/\/www.europesays.com\/es\/wp-json\/wp\/v2\/posts\/267515","targetHints":{"allow":["GET"]}}],"collection":[{"href":"https:\/\/www.europesays.com\/es\/wp-json\/wp\/v2\/posts"}],"about":[{"href":"https:\/\/www.europesays.com\/es\/wp-json\/wp\/v2\/types\/post"}],"author":[{"embeddable":true,"href":"https:\/\/www.europesays.com\/es\/wp-json\/wp\/v2\/users\/2"}],"replies":[{"embeddable":true,"href":"https:\/\/www.europesays.com\/es\/wp-json\/wp\/v2\/comments?post=267515"}],"version-history":[{"count":0,"href":"https:\/\/www.europesays.com\/es\/wp-json\/wp\/v2\/posts\/267515\/revisions"}],"wp:featuredmedia":[{"embeddable":true,"href":"https:\/\/www.europesays.com\/es\/wp-json\/wp\/v2\/media\/267516"}],"wp:attachment":[{"href":"https:\/\/www.europesays.com\/es\/wp-json\/wp\/v2\/media?parent=267515"}],"wp:term":[{"taxonomy":"category","embeddable":true,"href":"https:\/\/www.europesays.com\/es\/wp-json\/wp\/v2\/categories?post=267515"},{"taxonomy":"post_tag","embeddable":true,"href":"https:\/\/www.europesays.com\/es\/wp-json\/wp\/v2\/tags?post=267515"}],"curies":[{"name":"wp","href":"https:\/\/api.w.org\/{rel}","templated":true}]}}