{"id":267522,"date":"2025-12-02T17:01:11","date_gmt":"2025-12-02T17:01:11","guid":{"rendered":"https:\/\/www.europesays.com\/es\/267522\/"},"modified":"2025-12-02T17:01:11","modified_gmt":"2025-12-02T17:01:11","slug":"la-oms-recomienda-el-uso-de-medicamentos-para-diabetes-en-pacientes-con-obesidad","status":"publish","type":"post","link":"https:\/\/www.europesays.com\/es\/267522\/","title":{"rendered":"La OMS recomienda el uso de medicamentos para diabetes en pacientes con obesidad"},"content":{"rendered":"<p class=\"article-text\">\n        La Organizaci\u00f3n Mundial de la Salud (<a href=\"https:\/\/www.infolibre.es\/temas\/oms\/\" class=\"link\" rel=\"nofollow noopener\" target=\"_blank\">OMS<\/a>) emiti\u00f3 este lunes una recomendaci\u00f3n<strong> en favor del uso de tres medicamentos an\u00e1logos del GLP-1<\/strong>, concebidos originalmente para tratar la diabetes tipo 2, en pacientes con obesidad,<strong> una enfermedad que afecta a 1.000 millones de personas<\/strong>, cifra que podr\u00eda duplicarse en apenas cinco a\u00f1os.\n    <\/p>\n<p class=\"article-text\">\n        Se trata de tres medicamentos (<strong>semaglutida, liraglutida, tirzepatida<\/strong>) que imitan hormonas intestinales y que tiene el efecto de<strong> reducir el apetito, retardar el vaciado g\u00e1strico (hacen que la persona se sienta llena m\u00e1s tiempo) y mejorar la regulaci\u00f3n de la glucosa<\/strong>, pero su uso para ayudar a la gente a perder peso ha sido pol\u00e9mico.\n    <\/p>\n<p class=\"article-text\">\n        Entre las razones est\u00e1 que <strong>su uso masivo para adelgazar provoc\u00f3 escasez de estos productos para los pacientes diab\u00e9ticos<\/strong>, al tiempo que surgi\u00f3 un debate \u00e9tico sobre su utilizaci\u00f3n con fines est\u00e9ticos y su elevado precio para los sistemas sanitarios nacionales.\n    <\/p>\n<p class=\"article-text\">\n        Asimismo se han criticado estas terapias porque<strong> hay tendencia a recuperar gran parte del peso perdido si se deja el medicamento<\/strong>, lo que puede convertirlos en un tratamiento de uso cr\u00f3nico.\n    <\/p>\n<p class=\"article-text\">\n        Frente a ello se encuentra la realidad de una <strong>crisis de obesidad<\/strong>, convertida en un problema mayor de salud y que la OMS asocia a <strong>3,7 millones de muertes ocurridas en 2024<\/strong>, mientras que el costo que genera es exorbitante: ser\u00e1n <strong>3.000 millones de d\u00f3lares en 2030.<\/strong>\n    <\/p>\n<p class=\"article-text\">\n        La <strong>obesidad<\/strong>, adem\u00e1s, tambi\u00e9n es un <strong>factor de enfermedades no transmisibles, como las cardiovasculares, la diabetes tipo 2 y algunos tipos de c\u00e1ncer<\/strong>, y contribuye a empeorar los resultados de los pacientes con enfermedades infecciosas.\n    <\/p>\n<p class=\"article-text\">\n        \u00abAunque la medicaci\u00f3n por s\u00ed sola no resolver\u00e1 esta crisis sanitaria mundial, <strong>las terapias con GLP-1 pueden ayudar a millones de personas a superar la obesidad y reducir los da\u00f1os<\/strong> asociados a ella\u00bb, se\u00f1al\u00f3 el director general de la OMS, <strong>Tedros Adhanom Ghebreyesus<\/strong>.\n    <\/p>\n<p class=\"article-text\">\n        En funci\u00f3n de los datos recolectados en ensayos cl\u00ednicos,<strong> la OMS decidi\u00f3 recomendar los an\u00e1logos GLP-1 en adultos<\/strong> (mujeres embarazadas excluidas) para tratamientos de obesidad de larga duraci\u00f3n, es decir seis meses o m\u00e1s.\n    <\/p>\n<p class=\"article-text\">\n        No obstante, enfatiz\u00f3 que <strong>esta recomendaci\u00f3n \u00abes condicional\u00bb debido a la escasez de datos sobre su eficacia y seguridad a largo plazo<\/strong>, sus costes actuales, la preparaci\u00f3n inadecuada del sistema sanitario y las posibles implicaciones en materia de equidad\u00bb.\n    <\/p>\n<p class=\"article-text\">\n        La organizaci\u00f3n tambi\u00e9n ha se\u00f1alado que<strong> se pueden ofrecer intervenciones que incluyan una dieta saludable y actividad f\u00edsica a los adultos con obesidad<\/strong> a los que se hayan prescrito terapias con GLP-1, aunque la evidencia de que esto puede ayudar a mejorar los resultados del tratamiento es baja.\n    <\/p>\n<p><a href=\"https:\/\/www.infolibre.es\/internacional\/oms-detecta-malnutricion-7-ninos-gazaties-examinados-alto-fuego_1_2101863.html\" class=\"news-know-more partner-vertical-tablet-desktop\" data-dl-event=\"select_content\" data-dl-params=\"{&quot;content_type&quot;:&quot;ver_mas&quot;,&quot;im_link_page_name&quot;:&quot;articulo\\\/internacional\\\/2101863&quot;,&quot;im_link_text&quot;:&quot;La OMS detecta malnutrici\\u00f3n en un 7% de los ni\\u00f1os gazat\\u00edes examinados tras el alto el fuego&quot;}\" rel=\"nofollow noopener\" target=\"_blank\"><\/p>\n<p>            <img decoding=\"async\" class=\"lazy\" src=\"data:image\/svg+xml,%3Csvg xmlns=\" http:=\"\" viewbox=\"0 0 1200 675\" alt=\"La OMS detecta malnutrici\u00f3n en un 7% de los ni\u00f1os gazat\u00edes examinados tras el alto el fuego\"\/><\/p>\n<p>La OMS detecta malnutrici\u00f3n en un 7% de los ni\u00f1os gazat\u00edes examinados tras el alto el fuego<\/p>\n<p>Ver m\u00e1s<\/p>\n<p><\/a><\/p>\n<p class=\"article-text\">\n        Asimismo, <strong>la gu\u00eda de la OMS plantea el problema de un acceso desigual a las terapias con GLP-1<\/strong> y de preparar los sistemas de salud para el uso de estos medicamentos.\n    <\/p>\n<p class=\"article-text\">\n        \u00abSin pol\u00edticas adecuadas, <strong>el acceso a estas terapias podr\u00eda agravar las disparidades sanitarias existentes<\/strong>\u00ab, reconoce la organizaci\u00f3n.\n    <\/p>\n<p class=\"article-text\">\n        Incluso con una r\u00e1pida expansi\u00f3n de la producci\u00f3n, <strong>se prev\u00e9 que las terapias con GLP-1 lleguen a menos del 10% de las personas que podr\u00edan beneficiarse de ellas en 2030<\/strong>, por lo cual se plantean estrategias para mejorar el acceso, como compras conjuntas, precios escalonados o acuerdos para que las compa\u00f1\u00edas que poseen las patentes autoricen a otras a fabricarlos y venderlos con el fin de bajar los precios.\n    <\/p>\n","protected":false},"excerpt":{"rendered":"La Organizaci\u00f3n Mundial de la Salud (OMS) emiti\u00f3 este lunes una recomendaci\u00f3n en favor del uso de tres&hellip;\n","protected":false},"author":2,"featured_media":267523,"comment_status":"","ping_status":"","sticky":false,"template":"","format":"standard","meta":{"footnotes":""},"categories":[92],"tags":[4807,25,24,165,5698,5693,3572,1817,4591,166,23],"class_list":{"0":"post-267522","1":"post","2":"type-post","3":"status-publish","4":"format-standard","5":"has-post-thumbnail","7":"category-salud","8":"tag-diabetes","9":"tag-es","10":"tag-espana","11":"tag-health","12":"tag-medicamentos","13":"tag-obesidad","14":"tag-oms","15":"tag-pacientes","16":"tag-recomienda","17":"tag-salud","18":"tag-spain"},"share_on_mastodon":{"url":"https:\/\/pubeurope.com\/@es\/115651050572233538","error":""},"_links":{"self":[{"href":"https:\/\/www.europesays.com\/es\/wp-json\/wp\/v2\/posts\/267522","targetHints":{"allow":["GET"]}}],"collection":[{"href":"https:\/\/www.europesays.com\/es\/wp-json\/wp\/v2\/posts"}],"about":[{"href":"https:\/\/www.europesays.com\/es\/wp-json\/wp\/v2\/types\/post"}],"author":[{"embeddable":true,"href":"https:\/\/www.europesays.com\/es\/wp-json\/wp\/v2\/users\/2"}],"replies":[{"embeddable":true,"href":"https:\/\/www.europesays.com\/es\/wp-json\/wp\/v2\/comments?post=267522"}],"version-history":[{"count":0,"href":"https:\/\/www.europesays.com\/es\/wp-json\/wp\/v2\/posts\/267522\/revisions"}],"wp:featuredmedia":[{"embeddable":true,"href":"https:\/\/www.europesays.com\/es\/wp-json\/wp\/v2\/media\/267523"}],"wp:attachment":[{"href":"https:\/\/www.europesays.com\/es\/wp-json\/wp\/v2\/media?parent=267522"}],"wp:term":[{"taxonomy":"category","embeddable":true,"href":"https:\/\/www.europesays.com\/es\/wp-json\/wp\/v2\/categories?post=267522"},{"taxonomy":"post_tag","embeddable":true,"href":"https:\/\/www.europesays.com\/es\/wp-json\/wp\/v2\/tags?post=267522"}],"curies":[{"name":"wp","href":"https:\/\/api.w.org\/{rel}","templated":true}]}}