{"id":267524,"date":"2025-12-02T17:02:08","date_gmt":"2025-12-02T17:02:08","guid":{"rendered":"https:\/\/www.europesays.com\/es\/267524\/"},"modified":"2025-12-02T17:02:08","modified_gmt":"2025-12-02T17:02:08","slug":"reparto-de-temas-para-la-gala-12-de-ot-2025-todas-las-canciones-que-cantaran-los-concursantes","status":"publish","type":"post","link":"https:\/\/www.europesays.com\/es\/267524\/","title":{"rendered":"Reparto de temas para la Gala 12 de OT 2025: todas las canciones que cantar\u00e1n los concursantes"},"content":{"rendered":"<p>Cada vez queda menos para que las puertas de la Academia de OT 2025 cierre sus puertas, concretamente <a href=\"https:\/\/los40.com\/2025\/12\/02\/cuando-y-a-que-hora-es-la-final-de-ot-2025\/\" target=\"_blank\" rel=\"noreferrer nofollow noopener\" title=\"https:\/\/los40.com\/2025\/12\/02\/cuando-y-a-que-hora-es-la-final-de-ot-2025\/\">la final de Operaci\u00f3n Triunfo<\/a> ser\u00e1 <b>el pr\u00f3ximo 15 de diciembre de 2025<\/b> cuando los focos de Terrassa se apaguen. Esto significa varias cosas: cada vez quedan menos concursantes, las despedidas son m\u00e1s dif\u00edciles, el himno de esta edici\u00f3n ya est\u00e1 casi listo y, por supuesto, que los momentos preferidos de la audiencia est\u00e1n a punto de llegar a su fin. <\/p>\n<p>Entre esos momentos est\u00e1n <b>los repartos de temas<\/b> que cada martes a las 16:00 horas nos entretienen la tarde y que desembocan en una semana intensa de preparaci\u00f3n que podemos ver en los pase de micros. <\/p>\n<p>Reparto de temas de &#8216;OT 2025&#8217; para la Gala 12<\/p>\n<p>Estas son las canciones del pen\u00faltimo reparto de temas de OT 2025:<\/p>\n<p><img decoding=\"async\" src=\"https:\/\/los40.com\/pf\/resources\/img\/logo-40-v-c.svg?d=916\" alt=\"LOS40\" class=\"i-pro\" width=\"68\" height=\"68\" loading=\"lazy\"\/>Directo<\/p>\n<p class=\"t-un\">LOS40<\/p>\n<p class=\"programa\">LOS40<\/p>\n<p>Reproducir LOS40<\/p>\n<ul>\n<li><b>Canci\u00f3n grupal: <\/b>Chenoa &#8211; Todo ir\u00e1 bien<\/li>\n<\/ul>\n<ul>\n<li><b>Guillo Rist:<\/b> David Guetta &#8211; Say My Name<\/li>\n<\/ul>\n<ul>\n<li><b>Tinho<\/b>: Samura\u00ef &#8211; Palabra prohibida<\/li>\n<\/ul>\n<ul>\n<li><b>Olivia<\/b>: Amaia &#8211; Tengo un pensamiento<\/li>\n<\/ul>\n<ul>\n<li><b>Cristina<\/b>: Jessie J &#8211; Mamma Knows Best<\/li>\n<\/ul>\n<ul>\n<li><b>Claudia<\/b>: Tini &#8211; El cielo<\/li>\n<\/ul>\n<ul>\n<li><b>Guille Toledano: <\/b>Luis Miguel &#8211; Tengo todo excepto a ti<\/li>\n<\/ul>\n<ul>\n<li><b>Cristina y Guille Toledano: <\/b>Aitana y Sangiovanni &#8211; Mariposas<\/li>\n<\/ul>\n<ul>\n<li><b>Olivia y Claudia Arenas: <\/b>Baccara &#8211; Yes sir, I can boogie<\/li>\n<\/ul>\n","protected":false},"excerpt":{"rendered":"Cada vez queda menos para que las puertas de la Academia de OT 2025 cierre sus puertas, concretamente&hellip;\n","protected":false},"author":2,"featured_media":267525,"comment_status":"","ping_status":"","sticky":false,"template":"","format":"standard","meta":{"footnotes":""},"categories":[91],"tags":[146,147,25,24,23],"class_list":{"0":"post-267524","1":"post","2":"type-post","3":"status-publish","4":"format-standard","5":"has-post-thumbnail","7":"category-entretenimiento","8":"tag-entertainment","9":"tag-entretenimiento","10":"tag-es","11":"tag-espana","12":"tag-spain"},"share_on_mastodon":{"url":"https:\/\/pubeurope.com\/@es\/115651054837372002","error":""},"_links":{"self":[{"href":"https:\/\/www.europesays.com\/es\/wp-json\/wp\/v2\/posts\/267524","targetHints":{"allow":["GET"]}}],"collection":[{"href":"https:\/\/www.europesays.com\/es\/wp-json\/wp\/v2\/posts"}],"about":[{"href":"https:\/\/www.europesays.com\/es\/wp-json\/wp\/v2\/types\/post"}],"author":[{"embeddable":true,"href":"https:\/\/www.europesays.com\/es\/wp-json\/wp\/v2\/users\/2"}],"replies":[{"embeddable":true,"href":"https:\/\/www.europesays.com\/es\/wp-json\/wp\/v2\/comments?post=267524"}],"version-history":[{"count":0,"href":"https:\/\/www.europesays.com\/es\/wp-json\/wp\/v2\/posts\/267524\/revisions"}],"wp:featuredmedia":[{"embeddable":true,"href":"https:\/\/www.europesays.com\/es\/wp-json\/wp\/v2\/media\/267525"}],"wp:attachment":[{"href":"https:\/\/www.europesays.com\/es\/wp-json\/wp\/v2\/media?parent=267524"}],"wp:term":[{"taxonomy":"category","embeddable":true,"href":"https:\/\/www.europesays.com\/es\/wp-json\/wp\/v2\/categories?post=267524"},{"taxonomy":"post_tag","embeddable":true,"href":"https:\/\/www.europesays.com\/es\/wp-json\/wp\/v2\/tags?post=267524"}],"curies":[{"name":"wp","href":"https:\/\/api.w.org\/{rel}","templated":true}]}}