{"id":267530,"date":"2025-12-02T17:05:10","date_gmt":"2025-12-02T17:05:10","guid":{"rendered":"https:\/\/www.europesays.com\/es\/267530\/"},"modified":"2025-12-02T17:05:10","modified_gmt":"2025-12-02T17:05:10","slug":"el-documento-ha-sido-perfeccionado","status":"publish","type":"post","link":"https:\/\/www.europesays.com\/es\/267530\/","title":{"rendered":"\u00abEl documento ha sido perfeccionado\u00bb"},"content":{"rendered":"<p style=\"\">El <a href=\"https:\/\/www.abc.es\/internacional\/desolacion-kiev-sintonia-enviado-trump-rusia-20251126191726-nt.html\" target=\"_self\" data-voc-vtm-id=\"in-text-traffic\" title=\"presidente de Ucrania\" data-mrf-link=\"www.abc.es\" rel=\"nofollow noopener\">presidente de Ucrania<\/a> ha escuchado en persona a la delegaci\u00f3n ucraniana que particip\u00f3 el pasado fin de semana en las conversaciones de Florida. El mandatario ucraniano subray\u00f3 que en esta nueva reuni\u00f3n se abord\u00f3 \u00abla viabilidad de diversas medidas en el frente y  &#8230; los desaf\u00edos para garantizar la protecci\u00f3n contra los ataques rusos y prevenir violaciones de los acuerdos en caso de un alto el fuego\u00bb.<\/p>\n<p class=\"voc-p\" style=\"\">El <a href=\"https:\/\/www.abc.es\/internacional\/ucrania-asegura-nuevo-plan-paz-incluye-prioridades-20251123183230-nt.html\" target=\"_self\" data-voc-vtm-id=\"in-text-traffic\" title=\"mensaje de Zelenski\" data-mrf-link=\"www.abc.es\" rel=\"nofollow noopener\">mensaje de Zelenski<\/a> se produce horas antes de que el pol\u00e9mico enviado de <strong>Donald Trump<\/strong> para Ucrania, <strong>Steve Witkoff<\/strong>, se re\u00fana con Putin para discutir el documento elaborado por los equipos de Washington y Kiev. <\/p>\n<p class=\"voc-p\" style=\"\"> Zelenski se\u00f1ala que la base de esta nueva etapa de las negociaciones es el documento salido de Ginebra, que seg\u00fan el mandatario \u00abha sido perfeccionado\u00bb. Sin embargo, todav\u00eda quedan cuestiones importantes que abordar. \u00abDi instrucciones para continuar la colaboraci\u00f3n m\u00e1s constructiva posible con el equipo del presidente Trump, as\u00ed como con nuestros socios europeos\u00bb, afirm\u00f3.<\/p>\n<p class=\"voc-p\" style=\"\"><a href=\"https:\/\/www.abc.es\/internacional\/eeuu-ucrania-aliados-europeos-debaten-hoy-ginebra-20251123112719-nt.html\" target=\"_self\" data-voc-vtm-id=\"in-text-traffic\" title=\"Kiev quiere involucrar a los pa\u00edses europeos\" data-mrf-link=\"www.abc.es\" rel=\"nofollow noopener\">Kiev quiere involucrar a los pa\u00edses europeos<\/a> y participantes en la Coalici\u00f3n de la Voluntad en la toma de decisiones que van a definir el futuro de la arquitectura de seguridad del viejo continente. <\/p>\n<p class=\"voc-p\" style=\"\">El jefe de Estado del pa\u00eds invadido resalta la total implicaci\u00f3n de su pa\u00eds con las actuales negociaciones de paz y los esfuerzos diplom\u00e1ticos. \u00abEste es precisamente el nivel de compromiso que debe exigirse a Rusia, y esta tarea solo puede lograrse en colaboraci\u00f3n con nuestros socios\u00bb manifest\u00f3.<\/p>\n<p class=\"voc-p\" style=\"\">Ucrania desconf\u00eda de las intenciones rusas en las negociaciones de paz y Zelenski advierte que Mosc\u00fa pretende usar \u00abla diplomacia como pretexto para debilitar las sanciones y bloquear importantes decisiones colectivas europeas\u00bb. Zelenski denuncia que el Kremlin est\u00e1 preparando \u00abcampa\u00f1as de desinformaci\u00f3n\u00bb <strong>ante la llegada de Witkoff a Mosc\u00fa<\/strong>.<\/p>\n<blockquote class=\"twitter-tweet\">\n<p lang=\"en\" dir=\"ltr\">A detailed briefing by the Ukrainian delegation following all their meetings in the United States. We discussed in person the matters that cannot be addressed over the phone.<\/p>\n<p>Rustem Umerov and participants in the negotiations in Florida reported on the key points raised by the\u2026 <a href=\"https:\/\/t.co\/FIMDjtUfXp\" rel=\"nofollow\">pic.twitter.com\/FIMDjtUfXp<\/a><\/p>\n<p>\u2014 Volodymyr Zelenskyy \/ \u0412\u043e\u043b\u043e\u0434\u0438\u043c\u0438\u0440 \u0417\u0435\u043b\u0435\u043d\u0441\u044c\u043a\u0438\u0439 (@ZelenskyyUa) <a href=\"https:\/\/twitter.com\/ZelenskyyUa\/status\/1995802973444673831?ref_src=twsrc%5Etfw\" rel=\"nofollow noopener\" target=\"_blank\">December 2, 2025<\/a><\/p><\/blockquote>\n<p class=\"voc-p\" style=\"\">Este martes, Putin anunci\u00f3 la toma de Pokrovsk, en la regi\u00f3n de Donetsk, y Vovchanks, en la frontera entre Ucrania y Rusia en la provincia de J\u00e1rkov. Un v\u00eddeo publicado en redes sociales muestra a varios soldados de las fuerzas de ocupaci\u00f3n rusas mostrando una bandera rusa en una de las c\u00e9ntricas calles de la ciudad fortaleza de Pokrovks.<\/p>\n<p class=\"voc-p\" style=\"\">El Estado Mayor de Ucrania afirma que es falso. \u00abEste es un nuevo intento del Kremlin de utilizar el v\u00eddeo de la \u00abde la bandera\u00bb con f<strong>ines propagand\u00edsticos<\/strong> para influir en los participantes en las negociaciones internacionales\u00bb. <\/p>\n<p class=\"voc-p\" style=\"\">Grupos de monitoreo ucranianos han se\u00f1alado que las tropas de Mosc\u00fa, controlan gran parte de la localidad, aunque todav\u00eda quedan posiciones defensivas en el norte. Seg\u00fan la informaci\u00f3n publicada por el medio &#8216;Ukrainska Pravda&#8217;, Rusia ha desplegado tanques y morteros dentro de Pokrovsk.<\/p>\n<p><script async src=\"https:\/\/platform.twitter.com\/widgets.js\" charset=\"utf-8\"><\/script><\/p>\n","protected":false},"excerpt":{"rendered":"El presidente de Ucrania ha escuchado en persona a la delegaci\u00f3n ucraniana que particip\u00f3 el pasado fin de&hellip;\n","protected":false},"author":2,"featured_media":267531,"comment_status":"","ping_status":"","sticky":false,"template":"","format":"standard","meta":{"footnotes":""},"categories":[42],"tags":[17,18,5133,66047,13,14,11,61,62,63,64,19,20,9,10,15,16,11506,66048,2568,12,936,21,22,8922,65,66,67,2318],"class_list":{"0":"post-267530","1":"post","2":"type-post","3":"status-publish","4":"format-standard","5":"has-post-thumbnail","7":"category-internacional","8":"tag-breaking-news","9":"tag-breakingnews","10":"tag-bueno","11":"tag-documento","12":"tag-featured-news","13":"tag-featurednews","14":"tag-headlines","15":"tag-internacional","16":"tag-international","17":"tag-international-news","18":"tag-internationalnews","19":"tag-latest-news","20":"tag-latestnews","21":"tag-news","22":"tag-noticias","23":"tag-noticias-destacadas","24":"tag-noticiasdestacadas","25":"tag-paz","26":"tag-perfeccionado","27":"tag-plan","28":"tag-titulares","29":"tag-trump","30":"tag-ultimas-noticias","31":"tag-ultimasnoticias","32":"tag-visto","33":"tag-world","34":"tag-world-news","35":"tag-worldnews","36":"tag-zelenski"},"share_on_mastodon":{"url":"https:\/\/pubeurope.com\/@es\/115651066272140031","error":""},"_links":{"self":[{"href":"https:\/\/www.europesays.com\/es\/wp-json\/wp\/v2\/posts\/267530","targetHints":{"allow":["GET"]}}],"collection":[{"href":"https:\/\/www.europesays.com\/es\/wp-json\/wp\/v2\/posts"}],"about":[{"href":"https:\/\/www.europesays.com\/es\/wp-json\/wp\/v2\/types\/post"}],"author":[{"embeddable":true,"href":"https:\/\/www.europesays.com\/es\/wp-json\/wp\/v2\/users\/2"}],"replies":[{"embeddable":true,"href":"https:\/\/www.europesays.com\/es\/wp-json\/wp\/v2\/comments?post=267530"}],"version-history":[{"count":0,"href":"https:\/\/www.europesays.com\/es\/wp-json\/wp\/v2\/posts\/267530\/revisions"}],"wp:featuredmedia":[{"embeddable":true,"href":"https:\/\/www.europesays.com\/es\/wp-json\/wp\/v2\/media\/267531"}],"wp:attachment":[{"href":"https:\/\/www.europesays.com\/es\/wp-json\/wp\/v2\/media?parent=267530"}],"wp:term":[{"taxonomy":"category","embeddable":true,"href":"https:\/\/www.europesays.com\/es\/wp-json\/wp\/v2\/categories?post=267530"},{"taxonomy":"post_tag","embeddable":true,"href":"https:\/\/www.europesays.com\/es\/wp-json\/wp\/v2\/tags?post=267530"}],"curies":[{"name":"wp","href":"https:\/\/api.w.org\/{rel}","templated":true}]}}