{"id":267532,"date":"2025-12-02T17:06:12","date_gmt":"2025-12-02T17:06:12","guid":{"rendered":"https:\/\/www.europesays.com\/es\/267532\/"},"modified":"2025-12-02T17:06:12","modified_gmt":"2025-12-02T17:06:12","slug":"un-jefe-de-emergencias-conservo-las-imagenes-de-las-camaras-de-seguridad-del-cecopi-que-muestran-la-llegada-de-mazon-el-dia-de-la-dana","status":"publish","type":"post","link":"https:\/\/www.europesays.com\/es\/267532\/","title":{"rendered":"Un jefe de Emergencias conserv\u00f3 las im\u00e1genes de las c\u00e1maras de seguridad del CECOPI que muestran la llegada de Maz\u00f3n el d\u00eda de la DANA"},"content":{"rendered":"<p class=\"L6-news-detail__text\">El coordinador de Prevenci\u00f3n de Emergencias, Alfonso L\u00f3pez de Vicu\u00f1a, ha declarado ante la jueza de la DANA que las im\u00e1genes de las <b>c\u00e1maras de seguridad<\/b> en las que se ven a <b><a title=\"Carlos Maz\u00f3n\" href=\"https:\/\/www.lasexta.com\/noticias\/nacional\/perez-llorca-regala-cargo-carlos-mazon-sera-portavoz-comision-cobrara-extra-casi-9000-euros_20251201692d97679261f37ec737ea84.html\" target=\"_blank\" rel=\"nofollow noopener\">Carlos Maz\u00f3n<\/a><\/b> y su equipo llegando a la reuni\u00f3n del Centro de Coordinaci\u00f3n Operativa Integrado (CECOPI) el <b>d\u00eda de la DANA<\/b> se conservan.<\/p>\n<p class=\"L6-news-detail__text\">Seg\u00fan ha dicho el testigo, hay disponibles las im\u00e1genes de <b>cuatro c\u00e1maras exteriores<\/b>: de los accesos de los veh\u00edculos, de la puerta principal, del aparcamiento interior y de la puerta lateral del Centro de Emergencias. Tambi\u00e9n de las c\u00e1maras del edificio que albergaba la reuni\u00f3n del CECOPI.<\/p>\n<p class=\"L6-news-detail__text\">Maz\u00f3n lleg\u00f3 en un coche con dos personas y en un segundo veh\u00edculo iba otra persona. El testigo ha comentado que no sab\u00eda qui\u00e9nes eran los acompa\u00f1antes del por entonces president de la Generalitat, aunque <b>daba por hecho que eran personal de su gabinete<\/b>.<\/p>\n<p class=\"L6-news-detail__text\">L\u00f3pez de Vicu\u00f1a ha asegurado ante la jueza que las im\u00e1genes no se eliminaron y \u00ab<b>se protegieron de la eliminaci\u00f3n autom\u00e1tica que se hace al mes<\/b>\u00bb porque as\u00ed lo decidi\u00f3 \u00e9l mismo. Seg\u00fan se\u00f1ala, el funcionario someti\u00f3 \u00aba consideraci\u00f3n\u00bb la conservaci\u00f3n de las im\u00e1genes al subdirector general de Emergencias, Jorge Su\u00e1rez. \u00abLe pareci\u00f3 perfecto\u00bb, ha dicho.<\/p>\n<p class=\"L6-news-detail__text\">La decisi\u00f3n de conservar las im\u00e1genes de las c\u00e1maras de seguridad del CECOPI contrasta con la del Palau de la Generalitat, cuyas im\u00e1genes de las c\u00e1maras de seguridad de aquella jornada fueron borradas.<\/p>\n<p><b><a title=\"*Sigue a laSexta en Google. Toda la actualidad y el mejor contenido aqu\u00ed.\" href=\"https:\/\/profile.google.com\/cp\/CgkvbS8wZG5xejA\" target=\"_blank\" rel=\"nofollow noopener\">*Sigue a laSexta en Google. Toda la actualidad y el mejor contenido aqu\u00ed.<\/a><\/b>\t    <\/p>\n<p class=\"L6-support-news-video__title\">A nadie le ha convencido<\/p>\n<p>            <a href=\"https:\/\/www.lasexta.com\/noticias\/nacional\/expertos-ven-error-video-promocional-juan-carlos-sensacion-que-esta-poco-solo-estaba-bien-asesorado_20251202692efbf89261f37ec7396c99.html\" class=\"L6-news__link\" rel=\"nofollow noopener\" target=\"_blank\"><br \/>\n                Los expertos ven un error el v\u00eddeo promocional de Juan Carlos I: \u00abDa la sensaci\u00f3n de que est\u00e1 un poco solo. No estaba bien asesorado\u00bb<\/p>\n<p class=\"recirculation-video-desc\">El contexto Un v\u00eddeo muy peculiar del rey em\u00e9rito ha llegado a muchos periodistas por correo electr\u00f3nico desde una cuenta de Gmail, y tambi\u00e9n est\u00e1 circulando por redes sociales. Se trata de una promoci\u00f3n de sus memorias, que salen en Espa\u00f1a en dos d\u00edas.<\/p>\n<p>            <\/a><\/p>\n","protected":false},"excerpt":{"rendered":"El coordinador de Prevenci\u00f3n de Emergencias, Alfonso L\u00f3pez de Vicu\u00f1a, ha declarado ante la jueza de la DANA&hellip;\n","protected":false},"author":2,"featured_media":267533,"comment_status":"","ping_status":"","sticky":false,"template":"","format":"standard","meta":{"footnotes":""},"categories":[8],"tags":[17,18,25,24,13,14,11,19,20,9,10,15,16,23,12,21,22],"class_list":{"0":"post-267532","1":"post","2":"type-post","3":"status-publish","4":"format-standard","5":"has-post-thumbnail","7":"category-espana","8":"tag-breaking-news","9":"tag-breakingnews","10":"tag-es","11":"tag-espana","12":"tag-featured-news","13":"tag-featurednews","14":"tag-headlines","15":"tag-latest-news","16":"tag-latestnews","17":"tag-news","18":"tag-noticias","19":"tag-noticias-destacadas","20":"tag-noticiasdestacadas","21":"tag-spain","22":"tag-titulares","23":"tag-ultimas-noticias","24":"tag-ultimasnoticias"},"share_on_mastodon":{"url":"https:\/\/pubeurope.com\/@es\/115651070564246831","error":""},"_links":{"self":[{"href":"https:\/\/www.europesays.com\/es\/wp-json\/wp\/v2\/posts\/267532","targetHints":{"allow":["GET"]}}],"collection":[{"href":"https:\/\/www.europesays.com\/es\/wp-json\/wp\/v2\/posts"}],"about":[{"href":"https:\/\/www.europesays.com\/es\/wp-json\/wp\/v2\/types\/post"}],"author":[{"embeddable":true,"href":"https:\/\/www.europesays.com\/es\/wp-json\/wp\/v2\/users\/2"}],"replies":[{"embeddable":true,"href":"https:\/\/www.europesays.com\/es\/wp-json\/wp\/v2\/comments?post=267532"}],"version-history":[{"count":0,"href":"https:\/\/www.europesays.com\/es\/wp-json\/wp\/v2\/posts\/267532\/revisions"}],"wp:featuredmedia":[{"embeddable":true,"href":"https:\/\/www.europesays.com\/es\/wp-json\/wp\/v2\/media\/267533"}],"wp:attachment":[{"href":"https:\/\/www.europesays.com\/es\/wp-json\/wp\/v2\/media?parent=267532"}],"wp:term":[{"taxonomy":"category","embeddable":true,"href":"https:\/\/www.europesays.com\/es\/wp-json\/wp\/v2\/categories?post=267532"},{"taxonomy":"post_tag","embeddable":true,"href":"https:\/\/www.europesays.com\/es\/wp-json\/wp\/v2\/tags?post=267532"}],"curies":[{"name":"wp","href":"https:\/\/api.w.org\/{rel}","templated":true}]}}