{"id":267536,"date":"2025-12-02T17:12:24","date_gmt":"2025-12-02T17:12:24","guid":{"rendered":"https:\/\/www.europesays.com\/es\/267536\/"},"modified":"2025-12-02T17:12:24","modified_gmt":"2025-12-02T17:12:24","slug":"lo-que-le-dice-almeida-a-nadal-en-la-alfombra-roja-de-los-premios-as-provoca-su-reaccion-inmediata","status":"publish","type":"post","link":"https:\/\/www.europesays.com\/es\/267536\/","title":{"rendered":"Lo que le dice Almeida a Nadal en la alfombra roja de los Premios AS provoca su reacci\u00f3n inmediata"},"content":{"rendered":"<p>Este lunes 1 de diciembre se han celebrado los Premios AS del Deporte 2025 con <b><a href=\"https:\/\/www.huffingtonpost.es\/deporte\/rafa-nadal-discurso-premio-leyenda-as.html\" rel=\"nofollow noopener\" target=\"_blank\">Rafa Nadal como gran protagonista de la noche.<\/a><\/b> En la alfombra roja han pasado numerosos deportistas y personalidades del mundillo como la gran jugadora de b\u00e1dminton Carolina Mar\u00edn, <a href=\"https:\/\/www.huffingtonpost.es\/virales\/maria-perez-reivindicacion-madre-soltera-hay-dar-conocer-dar-ese-paso.html\" rel=\"nofollow noopener\" target=\"_blank\">la atleta Mar\u00eda P\u00e9rez<\/a>, el futbolista franc\u00e9s Rapha\u00ebl Varane o el exfutbolista Ra\u00fal Gonz\u00e1lez, entre muchos otros.<\/p>\n<p>En un momento de<a href=\"https:\/\/www.huffingtonpost.es\/virales\/la-aparicion-sorpresa-dejado-cuadros-rafa-nadal-homenaje-premios-as-deporte.html\" rel=\"nofollow noopener\" target=\"_blank\"> la alfombra roja<\/a>, Nadal se ha encontrado con el alcalde de Madrid, Jos\u00e9 Luis Mart\u00ednez Almeida, un confeso fan del Atl\u00e9tico de Madrid, uno de los m\u00e1ximos rivales del Real Madrid, del que es seguidor el tenista e incluso han llegado a vincular a una futura presidencia en sustituci\u00f3n de Florentino P\u00e9rez.<\/p>\n<p>Se ha escuchado perfectamente gracias a las c\u00e1maras del Diario AS lo que le ha dicho durante un momento.<b> \u00abA esta plaza (la de Neptuno) vamos a venir este a\u00f1o\u00bb<\/b>, le ha achacado, en referencia a que el Atl\u00e9tico de Madrid celebrar\u00e1 la consecuci\u00f3n de un t\u00edtulo, ya sea LaLiga, la Copa del Rey, la Supercopa de Espa\u00f1a o la mism\u00edsima Champions.<\/p>\n<p>La reacci\u00f3n de Rafael Nadal es inmejorable, pero es que el que primero responde ha sido el exfutbolista del Real Madrid, Ra\u00fal Gonz\u00e1lez Blanco, entre risas:<b> \u00abVamos a ver&#8230;\u00bb<\/b>. Sin embargo, Nadal ha sido otra cosa, mientras re\u00eda, <b>negaba insistentemente con la cabeza: \u00abNo, no\u00bb.<\/b><\/p>\n<p>Un d\u00eda emotivo para Nadal<\/p>\n<p>Al ser el gran protagonista del acto, antes de subir al escenario de la gala para recoger el Premio AS Leyenda del Deporte, un viejo conocido ha aparecido sobre el escenario mientras locutaba el v\u00eddeo homenaje al extenista. Era Marc Maury, el famoso speaker de Roland Garros al que siempre le toma de m\u00e1s relatar todos los t\u00edtulos de Nadal en el Philippe Chatrier.<\/p>\n<p>Adem\u00e1s, el propio Maury contaba una an\u00e9cdota con Nadal, al conocerle en 2003, en el que le iba a entrevistar: \u00abLa primera vez que vi a Rafa fue en Montecarlo, con Albert Costa en la cancha. Entr\u00f3 a la entrevista y me dijo &#8216;yo no hablo ingl\u00e9s, no hablo ingl\u00e9s'\u00bb.<\/p>\n","protected":false},"excerpt":{"rendered":"Este lunes 1 de diciembre se han celebrado los Premios AS del Deporte 2025 con Rafa Nadal como&hellip;\n","protected":false},"author":2,"featured_media":267537,"comment_status":"","ping_status":"","sticky":false,"template":"","format":"standard","meta":{"footnotes":""},"categories":[274],"tags":[168,25,24,3516,6894,23,167,327,326],"class_list":{"0":"post-267536","1":"post","2":"type-post","3":"status-publish","4":"format-standard","5":"has-post-thumbnail","7":"category-tenis","8":"tag-deportes","9":"tag-es","10":"tag-espana","11":"tag-jose-luis-martinez-almeida","12":"tag-rafa-nadal","13":"tag-spain","14":"tag-sports","15":"tag-tenis","16":"tag-tennis"},"share_on_mastodon":{"url":"https:\/\/pubeurope.com\/@es\/115651093848221140","error":""},"_links":{"self":[{"href":"https:\/\/www.europesays.com\/es\/wp-json\/wp\/v2\/posts\/267536","targetHints":{"allow":["GET"]}}],"collection":[{"href":"https:\/\/www.europesays.com\/es\/wp-json\/wp\/v2\/posts"}],"about":[{"href":"https:\/\/www.europesays.com\/es\/wp-json\/wp\/v2\/types\/post"}],"author":[{"embeddable":true,"href":"https:\/\/www.europesays.com\/es\/wp-json\/wp\/v2\/users\/2"}],"replies":[{"embeddable":true,"href":"https:\/\/www.europesays.com\/es\/wp-json\/wp\/v2\/comments?post=267536"}],"version-history":[{"count":0,"href":"https:\/\/www.europesays.com\/es\/wp-json\/wp\/v2\/posts\/267536\/revisions"}],"wp:featuredmedia":[{"embeddable":true,"href":"https:\/\/www.europesays.com\/es\/wp-json\/wp\/v2\/media\/267537"}],"wp:attachment":[{"href":"https:\/\/www.europesays.com\/es\/wp-json\/wp\/v2\/media?parent=267536"}],"wp:term":[{"taxonomy":"category","embeddable":true,"href":"https:\/\/www.europesays.com\/es\/wp-json\/wp\/v2\/categories?post=267536"},{"taxonomy":"post_tag","embeddable":true,"href":"https:\/\/www.europesays.com\/es\/wp-json\/wp\/v2\/tags?post=267536"}],"curies":[{"name":"wp","href":"https:\/\/api.w.org\/{rel}","templated":true}]}}