{"id":267544,"date":"2025-12-02T17:17:14","date_gmt":"2025-12-02T17:17:14","guid":{"rendered":"https:\/\/www.europesays.com\/es\/267544\/"},"modified":"2025-12-02T17:17:14","modified_gmt":"2025-12-02T17:17:14","slug":"dos-oscar-una-vida-marcada-por-el-dolor-y-una-hija-a-la-que-perdio-para-siempre","status":"publish","type":"post","link":"https:\/\/www.europesays.com\/es\/267544\/","title":{"rendered":"dos Oscar, una vida marcada por el dolor y una hija a la que perdi\u00f3 para siempre"},"content":{"rendered":"<p id=\"e0RYKNL8W5N\" data-wc=\"94\">Las memorias de <strong>Anthony Hopkins,<\/strong> tituladas Lo hicimos bien, chico, ofrecen un relato \u00edntimo y sincero sobre <strong>la vida de uno de los actores m\u00e1s grandes de nuestro tiempo<\/strong>, destacando su resiliencia y capacidad de reinventarse. El legendario artista comparte sus vivencias y en ellas habla desde su dura infancia en la ciudad industrial de Port Talbot, Gales, marcada por una familia dif\u00edcil y <strong>una relaci\u00f3n complicada con su padre<\/strong>, hasta su descubrimiento temprano de la pasi\u00f3n por la interpretaci\u00f3n gracias a Hamlet, que le salv\u00f3 de un destino que parec\u00eda condenado al fracaso.<\/p>\n<p> <img src=\"https:\/\/www.europesays.com\/es\/wp-content\/uploads\/2025\/12\/bc684e55f095-gettyimages-1388067844.jpg\"   width=\"704\" height=\"1024\" loading=\"lazy\" decoding=\"async\" alt=\"Anthony Hopkins \" fetchpriority=\"auto\" class=\"image ho-image\"\/>\u00a9 Getty ImagesAnthony Hopkins, de 87 a\u00f1os, escribe sus memorias <\/p>\n<p id=\"eZePDptjHgp\" data-wc=\"183\">El protagonista de El silencio de los corderos, de 87 a\u00f1os, reflexiona sobre el impacto psicol\u00f3gico de su infancia, el sentimiento de inutilidad y c\u00f3mo el miedo y la inseguridad influyeron en su car\u00e1cter y sus logros art\u00edsticos. Del mismo modo comparte <strong>fotograf\u00edas de su \u00e1lbum familiar<\/strong>, entre ellas <strong>una con su padre cuando \u00e9l ten\u00eda 3 a\u00f1os<\/strong>, el primer recuerdo de su infancia. \u00a0Una foto que acompa\u00f1a una leyenda que dice as\u00ed: \u00abUna ma\u00f1ana gris de 1941, en las dunas de arena de la playa de Aberavon, un amigo de mi padre, Cliff, me dio una pastilla para la tos (&#8230;). Titube\u00e9 y el caramelo se me cay\u00f3 en la arena y empec\u00e9 a berrear. Mi padre y Cliff se rieron. Cliff me dio un segundo caramelo. Mi padre se agach\u00f3 para tranquilizarme. No m\u00e1s l\u00e1grimas. Cliff tom\u00f3 la foto. Es uno de mis primeros recuerdos. Ten\u00eda tres a\u00f1os. Ahora, a los 87, de vez en cuando miro esa foto y siento ganas de decirle a aquel confundido ni\u00f1o peque\u00f1o<strong>: \u00abLo hicimos bien, chico\u00bb,<\/strong> que es el t\u00edtulo que llevan sus memorias.<\/p>\n<p> <img src=\"https:\/\/www.europesays.com\/es\/wp-content\/uploads\/2025\/12\/1f47f619cb56-memorias-anthony.jpg\"   width=\"662\" height=\"1024\" loading=\"lazy\" decoding=\"async\" alt=\"Memorias de Anthony Hopkins\" fetchpriority=\"auto\" class=\"image ho-image\"\/>Memorias de Anthony Hopkins<\/p>\n<p id=\"equuKlgvFK\" data-wc=\"139\">El protagonista de El silencio de los corderos habla de dolor, de cura y del misterio de estar vivo. Hopkins narra sin censura<a class=\"hm-link ho-link\" href=\"https:\/\/www.hola.com\/actualidad\/20180523124533\/anthony-hopkins-distanciamiento-hija\/\" data-mrf-recirculation=\"article-body-link\" rel=\"nofollow noopener\" target=\"_blank\">\u00a0su lucha contra el alcoholismo<\/a>, que comenz\u00f3 en su juventud y se agrav\u00f3 con el tiempo, afectando a su salud, vida familiar y profesional, hasta el d\u00eda en 1975 en que decidi\u00f3 dejar la bebida para siempre y buscar ayuda en Alcoh\u00f3licos An\u00f3nimos. Este per\u00edodo de adicci\u00f3n tuvo consecuencias devastadoras en su vida personal. <strong>Su primer matrimonio con Petronella Barker\u00a0<\/strong>termin\u00f3 irremediablemente por este motivo, y adem\u00e1s<strong>\u00a0<\/strong><a class=\"hm-link ho-link\" href=\"https:\/\/www.hola.com\/actualidad\/20251113867451\/anthony-hopkins-se-sincera-sobre-la-mala-relacion-con-su-hija\/\" data-mrf-recirculation=\"article-body-link\" rel=\"nofollow noopener\" target=\"_blank\">la relaci\u00f3n con su \u00fanica hija, Abigail, se rompi\u00f3 para siempre<\/a>. \u00abAbigail nunca pareci\u00f3 ser capaz de perdonarme por haber abandonado a la familia cuando ella era un beb\u00e9\u00bb, revela el actor, y aunque entiende sus razones, este distanciamiento le causa un dolor inmenso y \u00able rompe el coraz\u00f3n\u00bb. \u00a0<\/p>\n<p id=\"eXRSugZYIV\" data-wc=\"189\">Respecto a su papel m\u00e1s ic\u00f3nico, el de Hannibal Lecter en El silencio de los corderos, Hopkins cuenta que la clave no fue interpretar a un monstruo evidente, sino a <strong>\u00abuna versi\u00f3n tranquila y amable de ese monstruo\u00bb.\u00a0<\/strong>Su punto de vista fue crear <strong>una especie de \u00abromance\u00bb psicol\u00f3gico con Clarice Starling,\u00a0<\/strong>seduci\u00e9ndola y tomando el control de las conversaciones en un juego de gato y rat\u00f3n. Este juego ten\u00eda un lado divertido que atra\u00eda al p\u00fablico y pon\u00eda en evidencia la compleja naturaleza del personaje. Seg\u00fan \u00e9l, detr\u00e1s de esta historia se esconde un mito similar al de \u00abLa Bella y la Bestia\u00bb, donde la aparente monstruosidad de Lecter se oculta tras una fachada que puede parecer amistosa. \u00a0<strong>Gracias a esta pel\u00edcula obtuvo el Osca<\/strong>r y, la noche en que lo gan\u00f3, llam\u00f3 a su madre. \u00abTu padre estar\u00eda orgulloso de ti. El chico de Wern Road de Port Talbot\u00bb, le dijo ella. \u00abY eso fue todo, hab\u00eda vencido mi ansiedad\u00bb, subraya tras la dif\u00edcil relaci\u00f3n que mantuvo con su padre. Precisamente la pel\u00edcula con el t\u00edtulo de El padre le vali\u00f3 el segundo Oscar de su carrera.\u00a0<\/p>\n<p> <img src=\"https:\/\/www.europesays.com\/es\/wp-content\/uploads\/2025\/12\/995d3efe1f4f-hopkins-foster3-z.jpg\"   width=\"1024\" height=\"710\" loading=\"lazy\" decoding=\"async\" alt=\"hopkins foster3\" fetchpriority=\"auto\" class=\"image ho-image\"\/>\u00a9 Cordon PressEl silencio de los corderos<\/p>\n<p id=\"ezYjorsQH6\" data-wc=\"176\">Anthony confiesa que <strong>solo ha sido feliz en los \u00faltimos a\u00f1os<\/strong> porque logr\u00f3 dejar atr\u00e1s una vida marcada por el alcoholismo, que casi le cuesta la vida. En 1975 decidi\u00f3 dejar de beber, tras un episodio peligroso conduciendo ebrio, y ha vivido casi 50 a\u00f1os de sobriedad, lo que le ha permitido encontrar una estabilidad emocional y personal que antes no ten\u00eda. Despu\u00e9s de romper un segundo matrimonio con Jennifer Lynton, <strong>el actor se cas\u00f3 con Stella Arroyave<\/strong>, con quien encontr\u00f3 verdaderamente la calma. Comenz\u00f3 a aceptar su personalidad, incluyendo rasgos del espectro autista que no hab\u00eda reconocido antes, y se mantiene activo con el trabajo, la pintura, la m\u00fasica y la lectura. Reconoce que con la edad ha desarrollado una mayor serenidad y una manera m\u00e1s amable de vivir, apreciando m\u00e1s la vida y sinti\u00e9ndose m\u00e1s feliz que nunca. En estos momentos participa en la serie Those about to die,\u00a0 donde interpreta al emperador Vespasiano, \u00a0y protagonizar\u00e1 un biopic sobre la familia Maserati, Maserati: The Brothers,\u00a0 junto a Al Pacino, Andy Garc\u00eda y Jessica Alba.<\/p>\n","protected":false},"excerpt":{"rendered":"Las memorias de Anthony Hopkins, tituladas Lo hicimos bien, chico, ofrecen un relato \u00edntimo y sincero sobre la&hellip;\n","protected":false},"author":2,"featured_media":267545,"comment_status":"","ping_status":"","sticky":false,"template":"","format":"standard","meta":{"footnotes":""},"categories":[174],"tags":[517,56832,255,146,147,25,24,256,23],"class_list":{"0":"post-267544","1":"post","2":"type-post","3":"status-publish","4":"format-standard","5":"has-post-thumbnail","7":"category-famosos","8":"tag-actualidad","9":"tag-anthony-hopkins","10":"tag-celebrities","11":"tag-entertainment","12":"tag-entretenimiento","13":"tag-es","14":"tag-espana","15":"tag-famosos","16":"tag-spain"},"share_on_mastodon":{"url":"https:\/\/pubeurope.com\/@es\/115651113548874349","error":""},"_links":{"self":[{"href":"https:\/\/www.europesays.com\/es\/wp-json\/wp\/v2\/posts\/267544","targetHints":{"allow":["GET"]}}],"collection":[{"href":"https:\/\/www.europesays.com\/es\/wp-json\/wp\/v2\/posts"}],"about":[{"href":"https:\/\/www.europesays.com\/es\/wp-json\/wp\/v2\/types\/post"}],"author":[{"embeddable":true,"href":"https:\/\/www.europesays.com\/es\/wp-json\/wp\/v2\/users\/2"}],"replies":[{"embeddable":true,"href":"https:\/\/www.europesays.com\/es\/wp-json\/wp\/v2\/comments?post=267544"}],"version-history":[{"count":0,"href":"https:\/\/www.europesays.com\/es\/wp-json\/wp\/v2\/posts\/267544\/revisions"}],"wp:featuredmedia":[{"embeddable":true,"href":"https:\/\/www.europesays.com\/es\/wp-json\/wp\/v2\/media\/267545"}],"wp:attachment":[{"href":"https:\/\/www.europesays.com\/es\/wp-json\/wp\/v2\/media?parent=267544"}],"wp:term":[{"taxonomy":"category","embeddable":true,"href":"https:\/\/www.europesays.com\/es\/wp-json\/wp\/v2\/categories?post=267544"},{"taxonomy":"post_tag","embeddable":true,"href":"https:\/\/www.europesays.com\/es\/wp-json\/wp\/v2\/tags?post=267544"}],"curies":[{"name":"wp","href":"https:\/\/api.w.org\/{rel}","templated":true}]}}