{"id":267546,"date":"2025-12-02T17:20:12","date_gmt":"2025-12-02T17:20:12","guid":{"rendered":"https:\/\/www.europesays.com\/es\/267546\/"},"modified":"2025-12-02T17:20:12","modified_gmt":"2025-12-02T17:20:12","slug":"quien-dara-las-campanadas-2026-en-cada-canal-de-la-tdt","status":"publish","type":"post","link":"https:\/\/www.europesays.com\/es\/267546\/","title":{"rendered":"\u00bfQui\u00e9n dar\u00e1 las Campanadas 2026 en cada canal de la TDT?"},"content":{"rendered":"<p>La cuenta atr\u00e1s para dar la bienvenida a 2026 se acerca. Como siempre, los canales preparan su especial para las<strong> Campanadas<\/strong> con presentadores de primer nivel, que acompa\u00f1ar\u00e1n a millones de familias espa\u00f1olas a trav\u00e9s de la televisi\u00f3n. Las principales cadenas de la TDT ya han confirmado cu\u00e1les ser\u00e1n los famosos que se encargar\u00e1n de dar las uvas para despedir 2025 y dar comienzo al nuevo a\u00f1o. Algunas caras se repiten, mientras que otros debutan en una noche en la que todos compiten por liderar la audiencia televisiva.<\/p>\n<p>David Broncano y Lalachus en La 1 lograron destronar al vestido de la Pedroche en Antena 3 en las campanadas de 2025. Tras a\u00f1os de liderazgo, el canal de Atresmedia no super\u00f3 al pol\u00e9mico d\u00fao de la cadena p\u00fablica de RTVE, que atrajo al 33%1 de la cuota de pantalla, seg\u00fan el an\u00e1lisis de Barlovento Comunicaci\u00f3n. Ambos especiales obtuvieron m\u00e1s de 5 millones y medio de espectadores, dejando en la cola al resto de la TDT, con n\u00fameros que no alcanzaron ni el mill\u00f3n.<\/p>\n<p>A medida que se acerca la fecha del 31 de diciembre de 2025, los canales han ido anunciando qu\u00e9 rostros ser\u00e1n los que veremos al comer las tradicionales 12 uvas.<\/p>\n<p><img decoding=\"async\" loading=\"lazy\" width=\"1280\" height=\"720\" src=\"https:\/\/www.europesays.com\/es\/wp-content\/uploads\/2025\/12\/familiares-bindando-cena-nochevieja.png\" alt=\"familiares bindando cena nochevieja\"\/><\/p>\n<p>Los principales canales de la TDT ya tienen a los presentadores de las Campanadas 2026 que te acompa\u00f1ar\u00e1n en la cena de Nochevieja. Fuente de la imagen: Freepik.<br \/>\nLas apuestas de los canales nacionales de la TDT<\/p>\n<p>Cada <strong>canal de la TDT<\/strong> busca conquistar a la audiencia en la noche m\u00e1s televisiva del a\u00f1o a su modo. Algunos apuestan por presentadores veteranos, que nos han acompa\u00f1ado comiendo las uvas otros a\u00f1os. Otros prueban a nuevos fichajes que debutan en la Puerta del Sol de Madrid. Incluso hay cadenas que cambian la localizaci\u00f3n tradicional para dar la bienvenida a 2026.<\/p>\n<p>La 1 de TVE<\/p>\n<p>La televisi\u00f3n p\u00fablica espa\u00f1ola anunci\u00f3 que, en La 1, <strong>Andreu Buenafuente y Silvia Abril <\/strong>dar\u00edan las Campanadas desde la Puerta del Sol. Esta pareja de humoristas que est\u00e1n casados en la vida real, toma el relevo a Broncano y Lalachus, que dejaron el list\u00f3n bastante alto.<\/p>\n<p>Cabe se\u00f1alar RTVE comunic\u00f3 que Buenafuente est\u00e1 en un \u00abpar\u00f3n temporal en su agenda profesional\u00bb por prescripci\u00f3n m\u00e9dica. De momento, el especial de A\u00f1o Nuevo se mantiene seg\u00fan lo esperado, pero no se descartan posibles cambios de \u00faltima hora.<\/p>\n<blockquote class=\"gaz-tweet\" onclick=\"window.open('https:\/\/x.com\/RTVE_Com\/status\/1991864415143043104', '_blank').focus()\">\n<p>                        Comunicado RTVE<\/p>\n<p>Por motivos de exceso de carga laboral y por prescripci\u00f3n m\u00e9dica, Andreu Buenafuente se ve obligado a hacer un par\u00f3n temporal en su agenda profesional para descansar y recuperarse. <\/p>\n<p>\u00abTengo que parar un poco para recuperarme y volver con la energ\u00eda que se merece https:\/\/t.co\/hsIdIYtrmS\n                    <\/p>\n<p>\n                        21 de noviembre, 2025 \u2022 14:40\n                    <\/p>\n<\/blockquote>\n<p>Antena 3 de Atresmedia<\/p>\n<p>A Atresmedia lleva funcion\u00e1ndoles el d\u00fao de <strong>Cristina Pedroche y Alberto Chicot<\/strong>e desde las Campanadas del a\u00f1o 2014. Las primeras fueron en LaSexta y, despu\u00e9s, pasaron a Antena 3, generando siempre gran expectaci\u00f3n y controversia por el secretismo que gira en torno al vestido de Pedroche. Para su indumentaria del a\u00f1o pasado, la presentadora llam\u00f3 la atenci\u00f3n por usar miles de cristales hechos a partir de su propia leche materna.<\/p>\n<p>Pedroche explic\u00f3 el simbolismo de su vestido justo antes de que el reloj de la Puerta del Sol marcase las 12, con un mensaje claro de protecci\u00f3n a la infancia, en colaboraci\u00f3n con UNICEF Espa\u00f1a: \u00abCada ni\u00f1o y ni\u00f1a, sin importar su historia o circunstancias, tiene derecho a vivir en un mundo en paz, libre de violencia, abuso o explotaci\u00f3n, y lleno de oportunidades\u00bb.<\/p>\n<p>Telecinco y Cuatro de Mediaset<\/p>\n<p>Mediaset es la tercera alternativa audiovisual para ver las Campanadas este a\u00f1o. Aunque tradicionalmente su audiencia no llegue a los n\u00fameros de las otras cadenas, no se rinde a ofrecer una propuesta especial para sus telespectadores a trav\u00e9s de Telecinco y Cuatro.<\/p>\n<p>Para las uvas con las que dar\u00e1n la bienvenida a 2026, han escogido a la presentadora <strong>Sandra Barneda<\/strong> y al cantante, creador de contenido y personalidad televisiva <strong>Xuso Jones<\/strong>. Adem\u00e1s, buscan diferenciarse de los otros canales alej\u00e1ndose de la Puerta del Sol de Madrid. En lugar de la m\u00edtica ubicaci\u00f3n, Mediaset ha escogido retransmitir las Campanadas 2026 desde<strong> Formigal, en el Pirineo aragon\u00e9s.\u00a0<\/strong><\/p>\n<blockquote class=\"gaz-tweet\" onclick=\"window.open('https:\/\/x.com\/telecincoes\/status\/1986121476823785821', '_blank').focus()\">\n<p>\n                        .@SandraBarneda y @XusoJones dar\u00e1n las campanadas en Mediaset Espa\u00f1a \ud83e\udd42\ud83c\udf47 https:\/\/t.co\/amXgGklJS1\n                    <\/p>\n<p>\n                        05 de noviembre, 2025 \u2022 18:20\n                    <\/p>\n<\/blockquote>\n<p>Los presentadores locales de canales auton\u00f3micos<\/p>\n<p>M\u00e1s all\u00e1 de los canales nacionales, hay cadenas auton\u00f3micas que tambi\u00e9n preparan especiales para despedir 2025 a lo grande. De momento, los \u00fanicos confirmados son los de la televisi\u00f3n catalana:<\/p>\n<ul>\n<li><strong>TV3<\/strong> repite con el cantante Miki Nu\u00f1ez y la influencer Laura Escanes.<\/li>\n<\/ul>\n<p>Todav\u00eda esperamos a que ETB (Pa\u00eds Vasco), Telemadrid (Madrid), \u00c0 Punt (Valencia), TVG (Galicia) y TV Canaria (Canarias) anuncien qu\u00e9 caras acompa\u00f1ar\u00e1n a los espectadores auton\u00f3micos para comer las uvas.<\/p>\n","protected":false},"excerpt":{"rendered":"La cuenta atr\u00e1s para dar la bienvenida a 2026 se acerca. Como siempre, los canales preparan su especial&hellip;\n","protected":false},"author":2,"featured_media":267547,"comment_status":"","ping_status":"","sticky":false,"template":"","format":"standard","meta":{"footnotes":""},"categories":[171],"tags":[146,147,25,24,23,214],"class_list":{"0":"post-267546","1":"post","2":"type-post","3":"status-publish","4":"format-standard","5":"has-post-thumbnail","7":"category-tv","8":"tag-entertainment","9":"tag-entretenimiento","10":"tag-es","11":"tag-espana","12":"tag-spain","13":"tag-tv"},"share_on_mastodon":{"url":"https:\/\/pubeurope.com\/@es\/115651125646084951","error":""},"_links":{"self":[{"href":"https:\/\/www.europesays.com\/es\/wp-json\/wp\/v2\/posts\/267546","targetHints":{"allow":["GET"]}}],"collection":[{"href":"https:\/\/www.europesays.com\/es\/wp-json\/wp\/v2\/posts"}],"about":[{"href":"https:\/\/www.europesays.com\/es\/wp-json\/wp\/v2\/types\/post"}],"author":[{"embeddable":true,"href":"https:\/\/www.europesays.com\/es\/wp-json\/wp\/v2\/users\/2"}],"replies":[{"embeddable":true,"href":"https:\/\/www.europesays.com\/es\/wp-json\/wp\/v2\/comments?post=267546"}],"version-history":[{"count":0,"href":"https:\/\/www.europesays.com\/es\/wp-json\/wp\/v2\/posts\/267546\/revisions"}],"wp:featuredmedia":[{"embeddable":true,"href":"https:\/\/www.europesays.com\/es\/wp-json\/wp\/v2\/media\/267547"}],"wp:attachment":[{"href":"https:\/\/www.europesays.com\/es\/wp-json\/wp\/v2\/media?parent=267546"}],"wp:term":[{"taxonomy":"category","embeddable":true,"href":"https:\/\/www.europesays.com\/es\/wp-json\/wp\/v2\/categories?post=267546"},{"taxonomy":"post_tag","embeddable":true,"href":"https:\/\/www.europesays.com\/es\/wp-json\/wp\/v2\/tags?post=267546"}],"curies":[{"name":"wp","href":"https:\/\/api.w.org\/{rel}","templated":true}]}}