{"id":267548,"date":"2025-12-02T17:21:10","date_gmt":"2025-12-02T17:21:10","guid":{"rendered":"https:\/\/www.europesays.com\/es\/267548\/"},"modified":"2025-12-02T17:21:10","modified_gmt":"2025-12-02T17:21:10","slug":"aparecio-en-el-estreno-de-avatar-con-un-anillo-de-compromiso","status":"publish","type":"post","link":"https:\/\/www.europesays.com\/es\/267548\/","title":{"rendered":"apareci\u00f3 en el estreno de Avatar con un anillo de compromiso"},"content":{"rendered":"<p>A pesar de haber tenido grandes decepciones amorosas a lo largo de su vida, parece que<strong> Miley Cyrus finalmente est\u00e1 lista para volver a dar el s\u00ed.<\/strong> Este lunes 1 de diciembre en el Dolby Theatre de Los \u00c1ngeles, durante <a href=\"https:\/\/www.clarin.com\/espectaculos\/avatar-premiere-mundial-lujo-hollywood-james-cameron-miley-cyrus-billie-eilish_0_gaSLxXDHK9.html\" target=\"_blank\" title=\"la alfombra roja por la avant-premiere de Avatar: Fuego y Cenizas\" alt=\"la alfombra roja por la avant-premiere de Avatar: Fuego y Cenizas\" rel=\"nofollow noopener\">la alfombra roja por la <\/a><a href=\"https:\/\/www.clarin.com\/espectaculos\/avatar-premiere-mundial-lujo-hollywood-james-cameron-miley-cyrus-billie-eilish_0_gaSLxXDHK9.html\" target=\"_blank\" title=\"la alfombra roja por la avant-premiere de Avatar: Fuego y Cenizas\" alt=\"la alfombra roja por la avant-premiere de Avatar: Fuego y Cenizas\" rel=\"nofollow noopener\">avant-premiere<\/a><a href=\"https:\/\/www.clarin.com\/espectaculos\/avatar-premiere-mundial-lujo-hollywood-james-cameron-miley-cyrus-billie-eilish_0_gaSLxXDHK9.html\" target=\"_blank\" title=\"la alfombra roja por la avant-premiere de Avatar: Fuego y Cenizas\" alt=\"la alfombra roja por la avant-premiere de Avatar: Fuego y Cenizas\" rel=\"nofollow noopener\"> de <\/a><strong><a href=\"https:\/\/www.clarin.com\/espectaculos\/avatar-premiere-mundial-lujo-hollywood-james-cameron-miley-cyrus-billie-eilish_0_gaSLxXDHK9.html\" target=\"_blank\" title=\"la alfombra roja por la avant-premiere de Avatar: Fuego y Cenizas\" alt=\"la alfombra roja por la avant-premiere de Avatar: Fuego y Cenizas\" rel=\"nofollow noopener\">Avatar: Fuego y Cenizas<\/a><\/strong>, la cantante pos\u00f3 con un enorme diamante en su dedo, que parece haber confirmado su compromiso con su pareja, <strong>Maxx Morando,<\/strong> quien tambi\u00e9n estuvo presente en la gala.<\/p>\n<p>La ex chica Disney, quien coescribi\u00f3 y canta el tema principal de <strong>Avatar: Fuego y cenizas<\/strong>, titulado Dream As One -que ya suena para el Oscar- lleg\u00f3 a al estreno con una sonrisa radiante, abraz\u00f3 al director <strong>James Cameron<\/strong> y luego fue a buscar a su ahora prometido para posar junto a \u00e9l. Por casualidad -o causalidad-<strong> eligi\u00f3 poner su mano izquierda sobre el pecho el m\u00fasico, para que pueda lucirse el anillo que llevaba sobre su dedo anular. <\/strong><\/p>\n<p>En cuesti\u00f3n de minutos, apenas se difundieron las primeras im\u00e1genes, los medios de comunicaci\u00f3n y las redes sociales estallaron con especulaciones sobre el compromiso de Miley Cyrus, aunque<strong> por ahora no habl\u00f3 personalmente ni a trav\u00e9s de su equipo de representantes al respecto<\/strong>. A pesar de ello, para muchos, la foto dice m\u00e1s que mil palabras.<\/p>\n<p>Vale la pena recordar que <strong>Miley y Maxx hicieron p\u00fablico su romance en el a\u00f1o 2022, despu\u00e9s de cuatro meses de especulaciones p\u00fablicas sobre la relaci\u00f3n<\/strong>. Su primer acercamiento se dio en el escenario en la fiesta de Nochevieja de Miley, a principios de ese mismo a\u00f1o, que fue transmitida en vivo por NBC.<\/p>\n<p>Posteriormente, en una entrevista con la revista British Vougue, <strong>Cyrus confes\u00f3 que no conoci\u00f3 a su novio baterista por la m\u00fasica, sino a trav\u00e9s de una cita a ciegas que le organizaron unos amigos en com\u00fan.<\/strong> \u00abBueno, fue una experiencia ciega para m\u00ed, pero no para \u00e9l\u00bb, aclar\u00f3 con humor en dicha oportunidad. Y sum\u00f3: . \u00abPens\u00e9: &#8216;Lo peor que puede pasar es que me vaya'\u00bb.<\/p>\n<p>Si Miley Cyrus efectivamente se casa con Morando, <strong>no ser\u00e1 la primera vez que camine hacia el altar<\/strong>. El 23 de diciembre de 2018, la artista se cas\u00f3 con el actor australiano <strong>Liam Hemsworth,<\/strong> despu\u00e9s de 10 a\u00f1os de un noviazgo con varias idas, vueltas y pol\u00e9micas en medio. <\/p>\n<p>Sin embargo, su etapa matrimonial dur\u00f3 poco tiempo. De acuerdo con los rumores difundidos por la prensa estadounidense,<strong> el 10 de agosto de 2019, menos de un a\u00f1o despu\u00e9s de la boda, Liam y Miley se separaron.<\/strong> Esto se oficializ\u00f3 legalmente d\u00edas m\u00e1s tarde, cuando el protagonista de Los juegos del hambre present\u00f3 la petici\u00f3n de divorcio formal.<\/p>\n<p>All\u00ed empez\u00f3 una batalla judicial bastante ardua entre ambos, con varios esc\u00e1ndalos medi\u00e1ticos en el medio que apuntaban a infidelidades del actor, <strong>que culmin\u00f3 con la declaraci\u00f3n oficial de su divorcio, en febrero de 2020. <\/strong><\/p>\n<p>Ahora, m\u00e1s de cinco a\u00f1os despu\u00e9s de aquel traum\u00e1tico y dif\u00edcil momento para Miley, finalmente parece haber un lugar especial reservado nuevamente para el amor en su vida. Se espera que, en los pr\u00f3ximos meses, aparezca m\u00e1s informaci\u00f3n sobre este supuesto matrimonio, que<strong> se sumar\u00eda al de otras ex chicas Disney de su generaci\u00f3n -como Selena Gomez y Demi Lovato- que tambi\u00e9n dieron el s\u00ed este a\u00f1o. <\/strong><\/p>\n","protected":false},"excerpt":{"rendered":"A pesar de haber tenido grandes decepciones amorosas a lo largo de su vida, parece que Miley Cyrus&hellip;\n","protected":false},"author":2,"featured_media":267549,"comment_status":"","ping_status":"","sticky":false,"template":"","format":"standard","meta":{"footnotes":""},"categories":[170],"tags":[146,147,25,24,184,185,23],"class_list":{"0":"post-267548","1":"post","2":"type-post","3":"status-publish","4":"format-standard","5":"has-post-thumbnail","7":"category-musica","8":"tag-entertainment","9":"tag-entretenimiento","10":"tag-es","11":"tag-espana","12":"tag-music","13":"tag-musica","14":"tag-spain"},"share_on_mastodon":{"url":"https:\/\/pubeurope.com\/@es\/115651129313219392","error":""},"_links":{"self":[{"href":"https:\/\/www.europesays.com\/es\/wp-json\/wp\/v2\/posts\/267548","targetHints":{"allow":["GET"]}}],"collection":[{"href":"https:\/\/www.europesays.com\/es\/wp-json\/wp\/v2\/posts"}],"about":[{"href":"https:\/\/www.europesays.com\/es\/wp-json\/wp\/v2\/types\/post"}],"author":[{"embeddable":true,"href":"https:\/\/www.europesays.com\/es\/wp-json\/wp\/v2\/users\/2"}],"replies":[{"embeddable":true,"href":"https:\/\/www.europesays.com\/es\/wp-json\/wp\/v2\/comments?post=267548"}],"version-history":[{"count":0,"href":"https:\/\/www.europesays.com\/es\/wp-json\/wp\/v2\/posts\/267548\/revisions"}],"wp:featuredmedia":[{"embeddable":true,"href":"https:\/\/www.europesays.com\/es\/wp-json\/wp\/v2\/media\/267549"}],"wp:attachment":[{"href":"https:\/\/www.europesays.com\/es\/wp-json\/wp\/v2\/media?parent=267548"}],"wp:term":[{"taxonomy":"category","embeddable":true,"href":"https:\/\/www.europesays.com\/es\/wp-json\/wp\/v2\/categories?post=267548"},{"taxonomy":"post_tag","embeddable":true,"href":"https:\/\/www.europesays.com\/es\/wp-json\/wp\/v2\/tags?post=267548"}],"curies":[{"name":"wp","href":"https:\/\/api.w.org\/{rel}","templated":true}]}}