{"id":267550,"date":"2025-12-02T17:22:14","date_gmt":"2025-12-02T17:22:14","guid":{"rendered":"https:\/\/www.europesays.com\/es\/267550\/"},"modified":"2025-12-02T17:22:14","modified_gmt":"2025-12-02T17:22:14","slug":"la-sala-borja-proyecta-el-11-de-diciembre-un-documental-sobre-la-controversia-de-valladolid","status":"publish","type":"post","link":"https:\/\/www.europesays.com\/es\/267550\/","title":{"rendered":"La Sala Borja proyecta el 11 de diciembre un documental sobre La Controversia de Valladolid"},"content":{"rendered":"<p><a class=\"v-mdl-ath__fig-a\" href=\"https:\/\/www.elnortedecastilla.es\/autor\/el-norte-2102.html\" title=\"El Norte\" rel=\"nofollow noopener\" target=\"_blank\"><br \/>\n<img decoding=\"async\" class=\"v-mdl-ath__img\" src=\"https:\/\/www.europesays.com\/es\/wp-content\/uploads\/2025\/09\/1758600071_110_autor-2102-foto-2.png\" alt=\"El Norte\"\/><br \/>\n<\/a><\/p>\n<p class=\"v-mdl-ath__p v-mdl-ath__p--6\">\nMartes, 2 de diciembre 2025, 12:16<\/p>\n<p class=\"v-p\">La Sala Borja proyectar\u00e1 el 11 de diciembre, a partir de las 18:00 horas, el documental &#8216;La Controversia de Valladolid: El amanecer de los Derechos Humanos&#8217;, en el marco de la programaci\u00f3n que lleva a cabo el Ayuntamiento con motivo del 475 aniversario de la Controversia de Valladolid, a lo que seguir\u00e1 un coloquio relacionado con este acontecimiento hist\u00f3rico y todo lo que supuso a nivel social y cultural. Adem\u00e1s, los s\u00e1bados de este mes se llevar\u00e1 a cabo una visita teatralizada que versar\u00e1 sobre esta efem\u00e9rides, seg\u00fan recogi\u00f3 Ical.<\/p>\n<p class=\"v-p\">En la fecha elegida se celebra el D\u00eda Internacional de los Derechos Humanos y del D\u00eda Internacional del Migrante. La sesi\u00f3n contar\u00e1 con la intervenci\u00f3n del director y productor del documental, Juan Rodr\u00edguez Briso-Montiano; el responsable del \u00e1rea de guion y producci\u00f3n en Omnicorp Estudio, Enrique Jes\u00fas Mart\u00ednez P\u00e9rez, subdirector del Observatorio de Derechos Humanos de la Universidad de Valladolid y catedr\u00e1tico de Derecho Internacional P\u00fablico y Relaciones Internacionales, en una cita moderada por Carlos Fern\u00e1ndez Aganzo, director de Relaciones Institucionales de El Norte de Castilla y director de la Fundaci\u00f3n Vocento. Una iniciativa dirigida a todos los ciudadanos de <a href=\"https:\/\/www.elnortedecastilla.es\/valladolid\/\" data-voc-vtm-id=\"in-text-traffic\" title=\"Valladolid\" data-mrf-link=\"www.elnortedecastilla.es\" rel=\"nofollow noopener\" target=\"_blank\">Valladolid<\/a> que est\u00e9n interesados en conocer este acontecimiento hist\u00f3rico y que quieran profundizar en la situaci\u00f3n de los Derechos Humanos en nuestra sociedad actual.<\/p>\n<p><a href=\"http:\/\/www.elnortedecastilla.es\/valladolid\/ruta-guiada-recorre-oscuras-tumbas-noche-cementerio-20251108132453-nt.html#vtm_modulosEngag=mod-rel:valladolid:noticia:1:cmp:1-not\" class=\"v-a-link\" title=\"Una ruta guiada recorre a oscuras, entre tumbas y de noche, el cementerio del Carmen de Valladolid\" rel=\"nofollow noopener\" target=\"_blank\"><br \/>\n<img decoding=\"async\" loading=\"lazy\" src=\"https:\/\/www.europesays.com\/es\/wp-content\/uploads\/2025\/12\/asdad-k8pH--1200x840@El Norte.jpg\" class=\"v-a-img\" width=\"258\" height=\"180\" alt=\"Una ruta guiada recorre a oscuras, entre tumbas y de noche, el cementerio del Carmen de Valladolid\"\/><\/p>\n<p><\/a><\/p>\n<p class=\"v-p\">Esta proyecci\u00f3n llega tras la celebraci\u00f3n en el lunes de la segunda conferencia del ciclo &#8216;<a href=\"https:\/\/www.elnortedecastilla.es\/valladolid\/controversia-debe-patrimonio-etico-moral-espana-mundo-20251030224355-nt.html\" data-voc-vtm-id=\"in-text-traffic\" title=\"Protagonistas de la Controversia\" rel=\"nofollow noopener\" target=\"_blank\">Protagonistas de la Controversia<\/a>&#8216; y cuyas sesiones se mantendr\u00e1n durante el pr\u00f3ximo a\u00f1o. Adem\u00e1s, los s\u00e1bados 6, 13 y 20 de diciembre tendr\u00e1 lugar la visita teatralizada &#8216;La Controversia de Valladolid&#8217;, a las 11 horas, desde el Palacio de Santa Cruz.<\/p>\n<p class=\"v-p\">Por otro lado, el &#8216;videomapping&#8217; &#8216;La Controversia&#8217; programado para los d\u00edas 6 y 7 de diciembre en la fachada de la iglesia de San Pablo se aplaza y tendr\u00e1 lugar durante la primavera de 2026 a la espera de confirmar las nuevas fechas de su celebraci\u00f3n.<\/p>\n<p>Contin\u00faa en 2026<\/p>\n<p class=\"v-p\">El ciclo de &#8216;Protagonistas de la <a href=\"https:\/\/www.elnortedecastilla.es\/valladolid\/expertos-coinciden-recuperar-memoria-viva-20251030224259-nt.html\" data-voc-vtm-id=\"in-text-traffic\" title=\"Controversia\" rel=\"nofollow noopener\" target=\"_blank\">Controversia<\/a>&#8216;, que se inici\u00f3 el pasado 4 de noviembre, continuar\u00e1 mensualmente durante el pr\u00f3ximo a\u00f1o. Las conferencias tendr\u00e1n lugar a las 19.30 horas en el C\u00edrculo del Recreo y estar\u00e1n abiertas al p\u00fablico hasta completar aforo. As\u00ed, el 13 de enero tiene lugar &#8216;La pol\u00edtica indigenista de la monarqu\u00eda espa\u00f1ola&#8217;, de la mano de Mar\u00eda Luisa Mart\u00ednez de Salinas; el 3 de febrero, &#8216;Los dominicos en Castilla y Le\u00f3n: San Pablo y San Gregorio de Valladolid&#8217; con Javier Burrieza S\u00e1nchez; el 3 de marzo, &#8216;El Valladolid de las controversias&#8217; con Sandra Bertolini; el 7 de abril, &#8216;La Orden de Predicadores y las Indias&#8217;, con Sixto Castro Rodr\u00edguez; y el 5 de mayo, &#8216;La escuela de Salamanca&#8217;, con Enrique Marcano Buenaga.<\/p>\n<p class=\"v-p\">Ya el 9 de junio tiene lugar la conferencia &#8216;Juan Gin\u00e9s de Sep\u00falveda&#8217;, con Miguel Anxo Pena; el 22 de septiembre, &#8216;Bartolom\u00e9 de las Casas&#8217;, con Bernat Hern\u00e1ndez Hern\u00e1ndez; el 6 de octubre, &#8216;Francisco Tenamaztle&#8217;, con Carmen Mart\u00ednez Mart\u00ednez; el 3 de noviembre, &#8216;La Leyenda Negra&#8217;, con Miguel Molina Mart\u00ednez; y el 1 de diciembre de 2026, &#8216;Los debates de la Controversia&#8217;, con F\u00e9lix J. Mart\u00ednez Llorente y Mariano Delgado Casado.<\/p>\n<p>Reporta un error<\/p>\n","protected":false},"excerpt":{"rendered":"Martes, 2 de diciembre 2025, 12:16 La Sala Borja proyectar\u00e1 el 11 de diciembre, a partir de las&hellip;\n","protected":false},"author":2,"featured_media":267551,"comment_status":"","ping_status":"","sticky":false,"template":"","format":"standard","meta":{"footnotes":""},"categories":[169],"tags":[7533,177,54361,35329,6084,146,147,25,24,176,175,36014,3932,57,23,1607],"class_list":{"0":"post-267550","1":"post","2":"type-post","3":"status-publish","4":"format-standard","5":"has-post-thumbnail","7":"category-cine","8":"tag-borja","9":"tag-cine","10":"tag-controversia","11":"tag-diciembre","12":"tag-documental","13":"tag-entertainment","14":"tag-entretenimiento","15":"tag-es","16":"tag-espana","17":"tag-film","18":"tag-movies","19":"tag-proyecta","20":"tag-sala","21":"tag-sobre","22":"tag-spain","23":"tag-valladolid"},"share_on_mastodon":{"url":"https:\/\/pubeurope.com\/@es\/115651133548560111","error":""},"_links":{"self":[{"href":"https:\/\/www.europesays.com\/es\/wp-json\/wp\/v2\/posts\/267550","targetHints":{"allow":["GET"]}}],"collection":[{"href":"https:\/\/www.europesays.com\/es\/wp-json\/wp\/v2\/posts"}],"about":[{"href":"https:\/\/www.europesays.com\/es\/wp-json\/wp\/v2\/types\/post"}],"author":[{"embeddable":true,"href":"https:\/\/www.europesays.com\/es\/wp-json\/wp\/v2\/users\/2"}],"replies":[{"embeddable":true,"href":"https:\/\/www.europesays.com\/es\/wp-json\/wp\/v2\/comments?post=267550"}],"version-history":[{"count":0,"href":"https:\/\/www.europesays.com\/es\/wp-json\/wp\/v2\/posts\/267550\/revisions"}],"wp:featuredmedia":[{"embeddable":true,"href":"https:\/\/www.europesays.com\/es\/wp-json\/wp\/v2\/media\/267551"}],"wp:attachment":[{"href":"https:\/\/www.europesays.com\/es\/wp-json\/wp\/v2\/media?parent=267550"}],"wp:term":[{"taxonomy":"category","embeddable":true,"href":"https:\/\/www.europesays.com\/es\/wp-json\/wp\/v2\/categories?post=267550"},{"taxonomy":"post_tag","embeddable":true,"href":"https:\/\/www.europesays.com\/es\/wp-json\/wp\/v2\/tags?post=267550"}],"curies":[{"name":"wp","href":"https:\/\/api.w.org\/{rel}","templated":true}]}}