{"id":267560,"date":"2025-12-02T17:28:09","date_gmt":"2025-12-02T17:28:09","guid":{"rendered":"https:\/\/www.europesays.com\/es\/267560\/"},"modified":"2025-12-02T17:28:09","modified_gmt":"2025-12-02T17:28:09","slug":"si-europa-quiere-guerra-con-rusia-estamos-listos-dw-02-12-2025","status":"publish","type":"post","link":"https:\/\/www.europesays.com\/es\/267560\/","title":{"rendered":"si Europa quiere guerra con Rusia, \u00abestamos listos\u00bb \u2013 DW \u2013 02\/12\/2025"},"content":{"rendered":"<p>El presidente ruso <a class=\"internal-link\" href=\"https:\/\/www.dw.com\/es\/vladimir-putin\/t-17409853\" rel=\"nofollow noopener\" target=\"_blank\">Vladimir Putin<\/a> asegur\u00f3 este martes (02.12.2025) que <a class=\"internal-link\" href=\"https:\/\/www.dw.com\/es\/rusia\/t-17410119\" rel=\"nofollow noopener\" target=\"_blank\">Rusia<\/a> no deseaba una guerra con las potencias europeas, pero que estaba dispuesta a enfrentarse si\u00a0Europa deseaba un conflicto directo con el r\u00e9gimen de Mosc\u00fa.<\/p>\n<p>\u00abNo tenemos intenci\u00f3n combatir contra Europa, lo he dicho 100 veces, pero si Europa quiere y empieza, estamos listos inmediatamente\u00bb, amenaz\u00f3 el l\u00edder del Kremlin, que tambi\u00e9n acus\u00f3 a los europeos de querer impedir los <a class=\"internal-link\" href=\"https:\/\/www.dw.com\/es\/ucrania-destaca-avances-significativos-tras-di\u00e1logo-con-estados-unidos\/a-74974466\" rel=\"nofollow noopener\" target=\"_blank\">esfuerzos de Estados Unidos para poner fin a la invasi\u00f3n de Ucrania<\/a>.<\/p>\n<p>\u00abLos europeos est\u00e1n molestos por haber sido excluidos de las negociaciones, pero (&#8230;) ellos mismos se apartaron, fue una iniciativa suya\u00bb, afirm\u00f3.<\/p>\n<p><strong>Europa tiene la \u00abilusi\u00f3n\u00bb de que puede imponer una \u00abderrota estrat\u00e9gica\u00bb<\/strong><\/p>\n<p>\u00abNo tienen un programa de paz, est\u00e1n del lado de la guerra\u00bb, declar\u00f3 a la prensa en referencia a Europa antes de una reuni\u00f3n clave con emisarios estadounidenses en Mosc\u00fa.<\/p>\n<p>El mandatario ruso llam\u00f3 a los dirigentes europeos a renunciar a \u00abvivir bajo la ilusi\u00f3n\u00bb de que pueden infligir una \u00abderrota estrat\u00e9gica a Rusia\u00bb y volver \u00aba la realidad, con base en la situaci\u00f3n sobre el terreno\u00bb.<\/p>\n<p><a class=\"internal-link\" href=\"https:\/\/www.dw.com\/es\/kremlin-putin-vuelve-a-recibir-el-martes-al-enviado-de-ee-uu-steve-witkoff\/a-74964791\" rel=\"nofollow noopener\" target=\"_blank\">Putin se reunir\u00e1 con los enviados estadounidenses Steve Witkoff<\/a> y Jared Kushner este\u00a0martes en el Kremlin para discutir el plan de Washington para poner fin al conflicto entre Rusia y Ucrania.<\/p>\n<p>rr afp\/reuters\/dpa\/the kiev independent<\/p>\n","protected":false},"excerpt":{"rendered":"El presidente ruso Vladimir Putin asegur\u00f3 este martes (02.12.2025) que Rusia no deseaba una guerra con las potencias&hellip;\n","protected":false},"author":2,"featured_media":267561,"comment_status":"","ping_status":"","sticky":false,"template":"","format":"standard","meta":{"footnotes":""},"categories":[42],"tags":[17,18,13,14,11,61,62,63,64,19,20,9,10,15,16,12,21,22,65,66,67],"class_list":{"0":"post-267560","1":"post","2":"type-post","3":"status-publish","4":"format-standard","5":"has-post-thumbnail","7":"category-internacional","8":"tag-breaking-news","9":"tag-breakingnews","10":"tag-featured-news","11":"tag-featurednews","12":"tag-headlines","13":"tag-internacional","14":"tag-international","15":"tag-international-news","16":"tag-internationalnews","17":"tag-latest-news","18":"tag-latestnews","19":"tag-news","20":"tag-noticias","21":"tag-noticias-destacadas","22":"tag-noticiasdestacadas","23":"tag-titulares","24":"tag-ultimas-noticias","25":"tag-ultimasnoticias","26":"tag-world","27":"tag-world-news","28":"tag-worldnews"},"share_on_mastodon":{"url":"https:\/\/pubeurope.com\/@es\/115651156721077238","error":""},"_links":{"self":[{"href":"https:\/\/www.europesays.com\/es\/wp-json\/wp\/v2\/posts\/267560","targetHints":{"allow":["GET"]}}],"collection":[{"href":"https:\/\/www.europesays.com\/es\/wp-json\/wp\/v2\/posts"}],"about":[{"href":"https:\/\/www.europesays.com\/es\/wp-json\/wp\/v2\/types\/post"}],"author":[{"embeddable":true,"href":"https:\/\/www.europesays.com\/es\/wp-json\/wp\/v2\/users\/2"}],"replies":[{"embeddable":true,"href":"https:\/\/www.europesays.com\/es\/wp-json\/wp\/v2\/comments?post=267560"}],"version-history":[{"count":0,"href":"https:\/\/www.europesays.com\/es\/wp-json\/wp\/v2\/posts\/267560\/revisions"}],"wp:featuredmedia":[{"embeddable":true,"href":"https:\/\/www.europesays.com\/es\/wp-json\/wp\/v2\/media\/267561"}],"wp:attachment":[{"href":"https:\/\/www.europesays.com\/es\/wp-json\/wp\/v2\/media?parent=267560"}],"wp:term":[{"taxonomy":"category","embeddable":true,"href":"https:\/\/www.europesays.com\/es\/wp-json\/wp\/v2\/categories?post=267560"},{"taxonomy":"post_tag","embeddable":true,"href":"https:\/\/www.europesays.com\/es\/wp-json\/wp\/v2\/tags?post=267560"}],"curies":[{"name":"wp","href":"https:\/\/api.w.org\/{rel}","templated":true}]}}