{"id":267562,"date":"2025-12-02T17:29:09","date_gmt":"2025-12-02T17:29:09","guid":{"rendered":"https:\/\/www.europesays.com\/es\/267562\/"},"modified":"2025-12-02T17:29:09","modified_gmt":"2025-12-02T17:29:09","slug":"la-policia-toma-declaracion-a-familiares-y-testigos-para-saber-por-que-se-suicidaron-las-adolescentes-de-jaen","status":"publish","type":"post","link":"https:\/\/www.europesays.com\/es\/267562\/","title":{"rendered":"La Polic\u00eda toma declaraci\u00f3n a familiares y testigos para saber por qu\u00e9 se suicidaron las adolescentes de Ja\u00e9n"},"content":{"rendered":"<p style=\"\">La Polic\u00eda Nacional sigue haciendo diligencias de investigaci\u00f3n sobre el doble suicidio de Ja\u00e9n. Este martes, los agentes encargados del caso han tomado declaraci\u00f3n a <strong>testigos y familiares<\/strong>. Adem\u00e1s, se est\u00e1n volcando ordenadores y tel\u00e9fonos m\u00f3viles para analizar los mensajes que intercambiaron las dos  &#8230; adolescentes. Hasta el momento, las pesquisas descartan que haya una participaci\u00f3n de terceras personas. <\/p>\n<p class=\"voc-p\" style=\"\">Fuentes consultadas por ABC ya explicaron que tras las pesquisas realizadas por la Polic\u00eda Cient\u00edfica no hall\u00f3 evidencias de la participaci\u00f3n de terceras personas. As\u00ed, el propio delegado del Gobierno en Andaluc\u00eda, Pedro Fern\u00e1ndez, que ha rese\u00f1ado al mismo tiempo que <strong>\u00abno se descarta ninguna l\u00ednea de investigaci\u00f3n\u00bb<\/strong>. El delegado ha pedido \u00abprudencia\u00bb, porque la investigaci\u00f3n est\u00e1 bajo secreto del sumario.<\/p>\n<p class=\"voc-p\" style=\"\">El delegado del Gobierno ha apuntado que el doble suicidio \u00aben este momento est\u00e1 siendo objeto de investigaci\u00f3n por parte de la Polic\u00eda Nacional\u00bb. Adem\u00e1s, ha detallado que se tienen que llevar a cabo \u00abmuchas <strong>diligencias muy concretas<\/strong> del entorno, de los espacios, de lo que son tambi\u00e9n los elementos propios de las dos menores tr\u00e1gicamente fallecidas y por lo tanto eso requiere de un an\u00e1lisis pormenorizado\u00ab.<\/p>\n<p class=\"voc-p\" style=\"\">Por eso, ha advertido que \u00abcualquier conclusi\u00f3n que se pueda hacer, cualquier suposici\u00f3n en este momento, no solamente es prematura, sino que e<strong>s da\u00f1ina para todo el entorno familiar<\/strong> y para el respeto y la memoria de las dos menores\u00ab.<\/p>\n<p class=\"voc-p\" style=\"\">En este sentido ha pedido \u00abm\u00e1ximo respeto\u00bb por \u00abes<strong>a tr\u00e1gica muerte de las dos menores<\/strong>\u00ab, al tiempo que ha resaltado que \u00bbtodo est\u00e1 absolutamente abierto y est\u00e1 sometido al escrutinio pormenorizado de testigos, del entorno, de la familia y de aquellos otros elementos personales de los que se puedan derivar cualquier tipo, evidentemente, de informaci\u00f3n\u00ab que contribuya a \u00bbaclarar qu\u00e9 es lo que ha ocurrido\u00ab.<\/p>\n","protected":false},"excerpt":{"rendered":"La Polic\u00eda Nacional sigue haciendo diligencias de investigaci\u00f3n sobre el doble suicidio de Ja\u00e9n. Este martes, los agentes&hellip;\n","protected":false},"author":2,"featured_media":267563,"comment_status":"","ping_status":"","sticky":false,"template":"","format":"standard","meta":{"footnotes":""},"categories":[8],"tags":[17,18,9439,7537,25,24,13,14,11,3619,19,20,9,10,15,16,2599,3477,586,23,12421,65407,12,21,22],"class_list":{"0":"post-267562","1":"post","2":"type-post","3":"status-publish","4":"format-standard","5":"has-post-thumbnail","7":"category-espana","8":"tag-breaking-news","9":"tag-breakingnews","10":"tag-descarta","11":"tag-doble","12":"tag-es","13":"tag-espana","14":"tag-featured-news","15":"tag-featurednews","16":"tag-headlines","17":"tag-jaen","18":"tag-latest-news","19":"tag-latestnews","20":"tag-news","21":"tag-noticias","22":"tag-noticias-destacadas","23":"tag-noticiasdestacadas","24":"tag-participacion","25":"tag-personas","26":"tag-policia","27":"tag-spain","28":"tag-suicidio","29":"tag-terceras","30":"tag-titulares","31":"tag-ultimas-noticias","32":"tag-ultimasnoticias"},"share_on_mastodon":{"url":"https:\/\/pubeurope.com\/@es\/115651160660966327","error":""},"_links":{"self":[{"href":"https:\/\/www.europesays.com\/es\/wp-json\/wp\/v2\/posts\/267562","targetHints":{"allow":["GET"]}}],"collection":[{"href":"https:\/\/www.europesays.com\/es\/wp-json\/wp\/v2\/posts"}],"about":[{"href":"https:\/\/www.europesays.com\/es\/wp-json\/wp\/v2\/types\/post"}],"author":[{"embeddable":true,"href":"https:\/\/www.europesays.com\/es\/wp-json\/wp\/v2\/users\/2"}],"replies":[{"embeddable":true,"href":"https:\/\/www.europesays.com\/es\/wp-json\/wp\/v2\/comments?post=267562"}],"version-history":[{"count":0,"href":"https:\/\/www.europesays.com\/es\/wp-json\/wp\/v2\/posts\/267562\/revisions"}],"wp:featuredmedia":[{"embeddable":true,"href":"https:\/\/www.europesays.com\/es\/wp-json\/wp\/v2\/media\/267563"}],"wp:attachment":[{"href":"https:\/\/www.europesays.com\/es\/wp-json\/wp\/v2\/media?parent=267562"}],"wp:term":[{"taxonomy":"category","embeddable":true,"href":"https:\/\/www.europesays.com\/es\/wp-json\/wp\/v2\/categories?post=267562"},{"taxonomy":"post_tag","embeddable":true,"href":"https:\/\/www.europesays.com\/es\/wp-json\/wp\/v2\/tags?post=267562"}],"curies":[{"name":"wp","href":"https:\/\/api.w.org\/{rel}","templated":true}]}}