{"id":267564,"date":"2025-12-02T17:30:19","date_gmt":"2025-12-02T17:30:19","guid":{"rendered":"https:\/\/www.europesays.com\/es\/267564\/"},"modified":"2025-12-02T17:30:19","modified_gmt":"2025-12-02T17:30:19","slug":"honduras-en-vilo-tras-interrumpirse-el-conteo-de-votos-de-las-presidenciales-con-un-empate-tecnico-entre-el-conservador-asfura-y-el-centrista-nasralla","status":"publish","type":"post","link":"https:\/\/www.europesays.com\/es\/267564\/","title":{"rendered":"Honduras en vilo tras interrumpirse el conteo de votos de las presidenciales con un \u00abempate t\u00e9cnico\u00bb entre el conservador Asfura y el centrista Nasralla"},"content":{"rendered":"<p><img fetchpriority=\"high\" decoding=\"async\" src=\"https:\/\/www.europesays.com\/es\/wp-content\/uploads\/2025\/12\/3cac3e50-cf80-11f0-8390-cf8c18f355e0.jpg.webp.webp\"   alt=\"El conservador Nasry Asfura y el centrista Salvador Nasralla\" loading=\"eager\" width=\"2478\" height=\"1394\" style=\"aspect-ratio:2478 \/ 1394\" class=\"css-4ejld5\"\/><\/p>\n<p class=\"css-by8ykd\" role=\"text\">Fuente de la imagen, Getty Images<\/p>\n<p>Pie de foto, Ambos, el conservador Nasry Asfura y el centrista Salvador Nasralla, alegan tener la ventaja de las elecciones, seg\u00fan sus datos internos. La autoridad electoral de Honduras a\u00fan no termina el conteo de actas. <strong id=\"article-byline\" aria-hidden=\"true\" class=\"css-m04vo2\">Informaci\u00f3n del art\u00edculo<\/strong><\/p>\n<ul class=\"css-1rvtlej\">\n<li class=\"css-oe8da4\"\/>\n<li class=\"css-1clfxfc\">2 diciembre 2025, 13:40 GMT\n<p>Actualizado 1 hora<\/p>\n<\/li>\n<li class=\"css-1clfxfc\"\/><\/ul>\n<p dir=\"ltr\" class=\"css-oygqes e17g058b0\"><b>Una elecci\u00f3n general que mantiene en vilo a Honduras.<\/b><\/p>\n<p dir=\"ltr\" class=\"css-oygqes e17g058b0\">El Consejo Nacional Electoral (CNE) dijo el lunes que hab\u00eda un <a href=\"https:\/\/www.bbc.com\/mundo\/articles\/c5yjx8yw950o\" class=\"focusIndicatorReducedWidth css-n8oauk e1p3sufg0\" rel=\"nofollow noopener\" target=\"_blank\">\u00abempate t\u00e9cnico\u00bb <\/a>entre el conservador Nasry Asfura y el centrista Salvador Nasralla, antes de anunciar la interrupci\u00f3n temporal del escrutinio.<\/p>\n<p dir=\"ltr\" class=\"css-oygqes e17g058b0\">Con el 57% de las actas escrutadas, Asfura \u2014respaldado en la recta final por el presidente estadounidense Donald Trump\u2014 suma 749.022 votos (39,92%), mientras que Nasralla, un afamado expresentador de televisi\u00f3n, alcanza 748.507 (39,89%). <\/p>\n<p dir=\"ltr\" class=\"css-oygqes e17g058b0\">Apenas los separan 515 sufragios.<\/p>\n<p dir=\"ltr\" class=\"css-oygqes e17g058b0\">En tercer lugar figura la oficialista Rixi Moncada, exministra de Defensa y delf\u00edn de la presidenta Xiomara Castro, con 19,16%, lejos de los dos punteros.<\/p>\n<p dir=\"ltr\" class=\"css-oygqes e17g058b0\">Ante la incertidumbre, el CNE pidi\u00f3 \u00abpaciencia y prudencia\u00bb hasta que haya la declaraci\u00f3n oficial de un ganador.<\/p>\n<p dir=\"ltr\" class=\"css-oygqes e17g058b0\">La jornada electoral, en la que tambi\u00e9n se renov\u00f3 el Congreso y autoridades locales, transcurri\u00f3 en paz, aunque semanas antes tanto Libre, el partido oficialista, como la oposici\u00f3n denunciaron posibles fraudes, lo que aliment\u00f3 temores sobre la transparencia del proceso.<\/p>\n<p dir=\"ltr\" class=\"css-oygqes e17g058b0\">Ahora, los dos candidatos que van a la delantera aseguran tener la ventaja seg\u00fan sus conteos internos, mientras Moncada denuncia una presunta \u00abinflaci\u00f3n de actas\u00bb en favor del Partido Nacional, en el que milita Asfura.<\/p>\n<p>\u00bfQu\u00e9 pasa ahora?<\/p>\n<p dir=\"ltr\" class=\"css-oygqes e17g058b0\">En Honduras no existe segunda vuelta electoral, por lo que quien obtenga la mayor\u00eda de votos, aunque sea por un margen m\u00ednimo, ser\u00e1 declarado ganador.<\/p>\n<p dir=\"ltr\" class=\"css-oygqes e17g058b0\">Esto ocurre \u00fanicamente cuando se concluye el conteo de todas las actas.<\/p>\n<p dir=\"ltr\" class=\"css-oygqes e17g058b0\">Actualmente, el CNE ha procesado el 57% de las boletas y la diferencia entre ambos candidatos es tan reducida que se encuentra dentro del margen de error estad\u00edstico.<\/p>\n<p dir=\"ltr\" class=\"css-oygqes e17g058b0\">Por ello, no es posible establecer una tendencia clara, una situaci\u00f3n que se conoce como empate t\u00e9cnico.<\/p>\n<p dir=\"ltr\" class=\"css-oygqes e17g058b0\">La autoridad electoral deber\u00e1 continuar con el conteo y, una vez finalizado, seg\u00fan la Ley hondure\u00f1a, informar qui\u00e9n result\u00f3 ganador o si hubo un empate num\u00e9rico.<\/p>\n<p dir=\"ltr\" class=\"css-oygqes e17g058b0\">Este anuncio debe realizarse a m\u00e1s tardar 30 d\u00edas calendario despu\u00e9s de los comicios y publicarse al d\u00eda siguiente en el diario oficial La Gaceta.<\/p>\n<p><img decoding=\"async\" src=\"https:\/\/www.europesays.com\/es\/wp-content\/uploads\/2025\/12\/7958a9f0-cf81-11f0-8390-cf8c18f355e0.jpg.webp.webp\"   alt=\" imagen de Nasry Asfura frente a un mapa electoral \" loading=\"lazy\" width=\"1024\" height=\"576\" style=\"aspect-ratio:1024 \/ 576\" class=\"css-4ejld5\"\/><\/p>\n<p class=\"css-by8ykd\" role=\"text\">Fuente de la imagen, Getty Images<\/p>\n<p>Pie de foto, Asfura fue alcalde de Tegucigalpa. Para los comicios de este a\u00f1o recibi\u00f3 el apoyo del presidente de Donald Trump, presidente de EE.UU.<\/p>\n<p dir=\"ltr\" class=\"css-oygqes e17g058b0\">En caso de un empate exacto, donde ambos candidatos obtengan el mismo n\u00famero de votos, se volver\u00edan a contar las boletas en un escrutinio especial.<\/p>\n<p dir=\"ltr\" class=\"css-oygqes e17g058b0\">Si tras este nuevo conteo persiste la igualdad, <a href=\"https:\/\/proceso.hn\/wp-content\/uploads\/2025\/02\/Ley_Electoral_y_Leyes_Relacionadas_DECRETO_No_35_2021.pdf\" class=\"focusIndicatorReducedWidth css-n8oauk e1p3sufg0\" aria-label=\"la legislaci\u00f3n establece , externo\" rel=\"nofollow noopener\" target=\"_blank\">la legislaci\u00f3n establece <\/a>que se debe convocar a una nueva elecci\u00f3n dentro de los 20 d\u00edas calendario siguientes a la declaraci\u00f3n del empate.<\/p>\n<p dir=\"ltr\" class=\"css-oygqes e17g058b0\">En este escenario, los comicios se realizar\u00edan \u00fanicamente entre los candidatos empatados.<\/p>\n<p dir=\"ltr\" class=\"css-oygqes e17g058b0\">Este panorama no es imposible, pero en t\u00e9rminos estad\u00edsticos resulta poco probable.<\/p>\n<p>Alegan ventaja <\/p>\n<p dir=\"ltr\" class=\"css-oygqes e17g058b0\">Este lunes, mientras el CNE ped\u00eda \u00abcalma\u00bb durante el conteo de votos, tanto Nasralla como Asfura aseguraban que ser\u00edan los ganadores de la elecci\u00f3n.<\/p>\n<p dir=\"ltr\" class=\"css-oygqes e17g058b0\">Nasralla public\u00f3 en sus redes sociales una proyecci\u00f3n de votos que, seg\u00fan \u00e9l, lo ubicar\u00eda como vencedor de los comicios del domingo.<\/p>\n<p dir=\"ltr\" class=\"css-oygqes e17g058b0\">M\u00e1s tarde aclar\u00f3 en otro mensaje: \u00abNo nos estamos declarando ganadores, solo estamos proyectando los resultados que van a ingresar al CNE en las pr\u00f3ximas horas\u00bb.<\/p>\n<p dir=\"ltr\" class=\"css-oygqes e17g058b0\">Este es el cuarto intento de Nasralla por llegar a la presidencia.<\/p>\n<p dir=\"ltr\" class=\"css-oygqes e17g058b0\">En 2022, en su anterior intento, renunci\u00f3 a sus aspiraciones y se integr\u00f3 a la f\u00f3rmula de la propuesta de izquierdas de Xiomara Castro como vicepresidente.<\/p>\n<p dir=\"ltr\" class=\"css-oygqes e17g058b0\">El conservador Asfura, por su parte, tambi\u00e9n se pronunci\u00f3 tras el cierre del conteo preliminar del CNE, pidiendo a sus correligionarios paciencia, aunque asegur\u00f3 que los resultados favorecen a su partido.<\/p>\n<p dir=\"ltr\" class=\"css-oygqes e17g058b0\">Esta es la segunda ocasi\u00f3n en la que el exalcalde de Tegucigalpa, quien hizo campa\u00f1a con su pegajoso lema \u00abPapi a la orden\u00bb (que tambi\u00e9n utiliz\u00f3 en otras elecciones), se postula al m\u00e1ximo cargo p\u00fablico en Honduras.<\/p>\n<p><img decoding=\"async\" src=\"https:\/\/www.europesays.com\/es\/wp-content\/uploads\/2025\/12\/80aabf90-cf81-11f0-8390-cf8c18f355e0.jpg.webp.webp\"   alt=\"cartel con la foto de Salvador Nasralla que afirma &quot;tenemos presidente&quot; \" loading=\"lazy\" width=\"1024\" height=\"576\" style=\"aspect-ratio:1024 \/ 576\" class=\"css-4ejld5\"\/><\/p>\n<p class=\"css-by8ykd\" role=\"text\">Fuente de la imagen, Getty Images<\/p>\n<p>Pie de foto, Nasralla ha sido presentador en la televisi\u00f3n hondure\u00f1a por 40 a\u00f1os. Fue parte de la f\u00f3rmula presidencial de la actual mandataria Xiomara Castro. <\/p>\n<p dir=\"ltr\" class=\"css-oygqes e17g058b0\">En los d\u00edas previos a las elecciones, Donald Trump le dio expl\u00edcitamente su apoyo en varios mensajes publicados en su red social Truth Social y anunci\u00f3 el indulto al expresidente hondure\u00f1o Juan Orlando Hern\u00e1ndez, quien cumpl\u00eda una condena de 45 a\u00f1os en EE.UU. por narcotr\u00e1fico y en el pasado fue l\u00edder del Partido Nacional.<\/p>\n<p dir=\"ltr\" class=\"css-oygqes e17g058b0\">Trump tambi\u00e9n amenaz\u00f3 con recortar la ayuda financiera al pa\u00eds centroamericano si no ganaba Asfura, a quien las encuestas previas a los comicios situaban en tercer lugar.<\/p>\n<p dir=\"ltr\" class=\"css-oygqes e17g058b0\">En la tarde del lunes, Trump public\u00f3 un mensaje en el que hizo referencia al proceso de recuento de votos.<\/p>\n<p dir=\"ltr\" class=\"css-oygqes e17g058b0\">\u00abParece que Honduras est\u00e1 tratando de cambiar los resultados de su elecci\u00f3n presidencial. \u00a1Si lo hacen, habr\u00e1 infierno que pagar!\u00bb, escribi\u00f3 el mandatario en redes sociales sin aportar pruebas.<\/p>\n<p dir=\"ltr\" class=\"css-oygqes e17g058b0\">Adem\u00e1s de elegir presidente, los hondure\u00f1os deb\u00edan votar por los 128 integrantes del Parlamento nacional, 20 representantes al Parlamento Centroamericano y las autoridades de los 298 municipios del pa\u00eds.<\/p>\n<p dir=\"ltr\" class=\"css-oygqes e17g058b0\">El nuevo gobierno que surja de estas elecciones tendr\u00e1 que responder a las expectativas de un pa\u00eds donde m\u00e1s del 60% de los hogares vive en condiciones de pobreza y cuya realidad est\u00e1 marcada por el crimen organizado, la violencia pol\u00edtica y la corrupci\u00f3n.<\/p>\n<p><img decoding=\"async\" src=\"https:\/\/www.europesays.com\/es\/wp-content\/uploads\/2025\/12\/8ecaedc0-cf81-11f0-8390-cf8c18f355e0.jpg.webp.webp\"   alt=\"imagen de dos polic\u00edas frente a un mural que tiene la bandera de Honduras \" loading=\"lazy\" width=\"1024\" height=\"576\" style=\"aspect-ratio:1024 \/ 576\" class=\"css-4ejld5\"\/><\/p>\n<p class=\"css-by8ykd\" role=\"text\">Fuente de la imagen, Getty Images<\/p>\n<p>Pie de foto, Un 60% de los hogares en Honduras est\u00e1 en situaci\u00f3n de pobreza y el pa\u00eds lucha contra la inseguridad provocada por el crimen organizado y las pandillas. <img decoding=\"async\" src=\"https:\/\/www.europesays.com\/es\/wp-content\/uploads\/2025\/12\/17b1f660-cf69-11f0-9fb5-5f3a3703a365.jpg.webp.webp\"   alt=\"L\u00ednea gris que separa el texto \" loading=\"lazy\" width=\"800\" height=\"100\" style=\"aspect-ratio:800 \/ 100\" class=\"css-4ejld5\"\/><\/p>\n<p dir=\"ltr\" class=\"css-oygqes e17g058b0\"><a href=\"https:\/\/www.bbc.com\/mundo\/send\/u184973209\" class=\"focusIndicatorReducedWidth css-n8oauk e1p3sufg0\" rel=\"nofollow noopener\" target=\"_blank\">Suscr\u00edbete aqu\u00ed<\/a> a nuestro nuevo newsletter para recibir cada viernes una selecci\u00f3n de nuestro mejor contenido de la semana.<\/p>\n<p dir=\"ltr\" class=\"css-oygqes e17g058b0\">Y recuerda que puedes recibir notificaciones en nuestra app. Descarga la \u00faltima versi\u00f3n y act\u00edvalas.<\/p>\n","protected":false},"excerpt":{"rendered":"Fuente de la imagen, Getty Images Pie de foto, Ambos, el conservador Nasry Asfura y el centrista Salvador&hellip;\n","protected":false},"author":2,"featured_media":267565,"comment_status":"","ping_status":"","sticky":false,"template":"","format":"standard","meta":{"footnotes":""},"categories":[5],"tags":[17,18,25,24,13,14,11,19,20,9,10,15,16,23,12,21,22],"class_list":{"0":"post-267564","1":"post","2":"type-post","3":"status-publish","4":"format-standard","5":"has-post-thumbnail","7":"category-titulares","8":"tag-breaking-news","9":"tag-breakingnews","10":"tag-es","11":"tag-espana","12":"tag-featured-news","13":"tag-featurednews","14":"tag-headlines","15":"tag-latest-news","16":"tag-latestnews","17":"tag-news","18":"tag-noticias","19":"tag-noticias-destacadas","20":"tag-noticiasdestacadas","21":"tag-spain","22":"tag-titulares","23":"tag-ultimas-noticias","24":"tag-ultimasnoticias"},"share_on_mastodon":{"url":"https:\/\/pubeurope.com\/@es\/115651164819147361","error":""},"_links":{"self":[{"href":"https:\/\/www.europesays.com\/es\/wp-json\/wp\/v2\/posts\/267564","targetHints":{"allow":["GET"]}}],"collection":[{"href":"https:\/\/www.europesays.com\/es\/wp-json\/wp\/v2\/posts"}],"about":[{"href":"https:\/\/www.europesays.com\/es\/wp-json\/wp\/v2\/types\/post"}],"author":[{"embeddable":true,"href":"https:\/\/www.europesays.com\/es\/wp-json\/wp\/v2\/users\/2"}],"replies":[{"embeddable":true,"href":"https:\/\/www.europesays.com\/es\/wp-json\/wp\/v2\/comments?post=267564"}],"version-history":[{"count":0,"href":"https:\/\/www.europesays.com\/es\/wp-json\/wp\/v2\/posts\/267564\/revisions"}],"wp:featuredmedia":[{"embeddable":true,"href":"https:\/\/www.europesays.com\/es\/wp-json\/wp\/v2\/media\/267565"}],"wp:attachment":[{"href":"https:\/\/www.europesays.com\/es\/wp-json\/wp\/v2\/media?parent=267564"}],"wp:term":[{"taxonomy":"category","embeddable":true,"href":"https:\/\/www.europesays.com\/es\/wp-json\/wp\/v2\/categories?post=267564"},{"taxonomy":"post_tag","embeddable":true,"href":"https:\/\/www.europesays.com\/es\/wp-json\/wp\/v2\/tags?post=267564"}],"curies":[{"name":"wp","href":"https:\/\/api.w.org\/{rel}","templated":true}]}}