{"id":267566,"date":"2025-12-02T17:34:11","date_gmt":"2025-12-02T17:34:11","guid":{"rendered":"https:\/\/www.europesays.com\/es\/267566\/"},"modified":"2025-12-02T17:34:11","modified_gmt":"2025-12-02T17:34:11","slug":"el-mendoza-golf-tour-2025-corono-en-la-vacherie-al-ganador-de-la-temporada","status":"publish","type":"post","link":"https:\/\/www.europesays.com\/es\/267566\/","title":{"rendered":"El Mendoza Golf Tour 2025 coron\u00f3 en La Vacherie al ganador de la temporada"},"content":{"rendered":"\n<p> mendoza golf tour 1   <\/p>\n<p>  <img decoding=\"async\" src=\"https:\/\/www.europesays.com\/es\/wp-content\/uploads\/2025\/12\/mendoza-golf-tour-1.jpg\" alt=\"El Mendoza Golf Tour tuvo su cierre en La Vacherie Country Golf.\" title=\"El Mendoza Golf Tour tuvo su cierre en La Vacherie Country Golf.\" width=\"1200\" height=\"1200\" id=\"1737839-Libre-1187095181_embed\" crossorigin=\"anonymous\" fetchpriority=\"high\" decode=\"async\"\/>    <\/p>\n<p>El Mendoza Golf Tour tuvo su cierre en La Vacherie Country Golf.<\/p>\n<p>En el certamen organizado por <strong>GB Golf &amp; Travel<\/strong>, y auspiciado por Grupo Am\u00e9rica, <strong>De la Reta hizo un score de 67 golpes<\/strong> (5 bajo par) fue el mejor del certamen y as\u00ed se quedo con el premio del viaje a Floria para ver uno de los torneos m\u00e1s importantes del PGA Tour, el Arnold Palmer Invitational, que se disputar\u00e1 del 5 al 8 de marzo del 2026.<\/p>\n<p> mendoza golf tour 2   <\/p>\n<p>  <img loading=\"lazy\" decoding=\"async\" src=\"https:\/\/www.diariouno.com.ar\/css-custom\/298\/lazy.svg\" data-td-src-property=\"https:\/\/media.diariouno.com.ar\/p\/554ad62eee31d50f8581c878d593ab78\/adjuntos\/298\/imagenes\/009\/665\/0009665982\/1200x0\/smart\/mendoza-golf-tour-2.jpg\" alt=\"\" title=\"\" width=\"1200\" height=\"1200\" id=\"1737840-Libre-332721341_embed\"\/>       <\/p>\n<p><strong> Unos 500 jugadores participaron del Mendoza Golf Tour <\/strong>que este a\u00f1o se jugo en las canchas del Club de Campo Mendoza, La Vacherie (2 etapas), Mendoza Norte y El Nevado (San Rafael) para clasificar a los mejores a la etapa final.<\/p>\n","protected":false},"excerpt":{"rendered":"mendoza golf tour 1 El Mendoza Golf Tour tuvo su cierre en La Vacherie Country Golf. En el&hellip;\n","protected":false},"author":2,"featured_media":267567,"comment_status":"","ping_status":"","sticky":false,"template":"","format":"standard","meta":{"footnotes":""},"categories":[275],"tags":[168,25,24,329,23,167],"class_list":{"0":"post-267566","1":"post","2":"type-post","3":"status-publish","4":"format-standard","5":"has-post-thumbnail","7":"category-golf","8":"tag-deportes","9":"tag-es","10":"tag-espana","11":"tag-golf","12":"tag-spain","13":"tag-sports"},"share_on_mastodon":{"url":"https:\/\/pubeurope.com\/@es\/115651181230564219","error":""},"_links":{"self":[{"href":"https:\/\/www.europesays.com\/es\/wp-json\/wp\/v2\/posts\/267566","targetHints":{"allow":["GET"]}}],"collection":[{"href":"https:\/\/www.europesays.com\/es\/wp-json\/wp\/v2\/posts"}],"about":[{"href":"https:\/\/www.europesays.com\/es\/wp-json\/wp\/v2\/types\/post"}],"author":[{"embeddable":true,"href":"https:\/\/www.europesays.com\/es\/wp-json\/wp\/v2\/users\/2"}],"replies":[{"embeddable":true,"href":"https:\/\/www.europesays.com\/es\/wp-json\/wp\/v2\/comments?post=267566"}],"version-history":[{"count":0,"href":"https:\/\/www.europesays.com\/es\/wp-json\/wp\/v2\/posts\/267566\/revisions"}],"wp:featuredmedia":[{"embeddable":true,"href":"https:\/\/www.europesays.com\/es\/wp-json\/wp\/v2\/media\/267567"}],"wp:attachment":[{"href":"https:\/\/www.europesays.com\/es\/wp-json\/wp\/v2\/media?parent=267566"}],"wp:term":[{"taxonomy":"category","embeddable":true,"href":"https:\/\/www.europesays.com\/es\/wp-json\/wp\/v2\/categories?post=267566"},{"taxonomy":"post_tag","embeddable":true,"href":"https:\/\/www.europesays.com\/es\/wp-json\/wp\/v2\/tags?post=267566"}],"curies":[{"name":"wp","href":"https:\/\/api.w.org\/{rel}","templated":true}]}}