{"id":267570,"date":"2025-12-02T17:36:21","date_gmt":"2025-12-02T17:36:21","guid":{"rendered":"https:\/\/www.europesays.com\/es\/267570\/"},"modified":"2025-12-02T17:36:21","modified_gmt":"2025-12-02T17:36:21","slug":"zona-zero-y-saint-lary-dan-forma-al-mayor-territorio-ciclista-transfronterizo-de-los-pirineos","status":"publish","type":"post","link":"https:\/\/www.europesays.com\/es\/267570\/","title":{"rendered":"Zona Zero y Saint-Lary dan forma al mayor territorio ciclista transfronterizo de los Pirineos"},"content":{"rendered":"<p>La colaboraci\u00f3n entre la Asociaci\u00f3n Empresarial Zona Zero y la Oficina de Turismo de Saint-Lary-Soulan abre una etapa in\u00e9dita para el ciclismo pirenaico. Ambas entidades han firmado un acuerdo que consolida un destino conjunto a ambos lados de la cordillera, un proyecto que aspira a convertirse en referencia europea y que tendr\u00e1 vigencia hasta 2028.<\/p>\n<p><img decoding=\"async\" loading=\"lazy\" width=\"1200\" height=\"1200\" style=\"aspect-ratio: 1200\/1200;\" alt=\"Saint-Lary. Imagen: Zona Zero\" src=\"https:\/\/www.europesays.com\/es\/wp-content\/uploads\/2025\/12\/zona-zero-acuerdo-saint-lary.jpg\"\/>Saint-Lary. Imagen: Zona ZeroUn territorio continuo para MTB, carretera y actividades outdoor todo el a\u00f1o<\/p>\n<p>El convenio sella la internacionalizaci\u00f3n definitiva de Zona Zero y la integraci\u00f3n operativa con uno de los enclaves tur\u00edsticos m\u00e1s reconocidos de los Altos Pirineos franceses. La alianza busca aprovechar la complementariedad natural entre dos modelos ciclistas muy distintos, pero perfectamente engranables: la vertiente espa\u00f1ola, m\u00e1s t\u00e9cnica y salvaje, y la francesa, caracterizada por su estructura tur\u00edstica, su bike park y el acceso directo a puertos m\u00edticos del Tour de Francia (Pla d\u2019Adet, Portet, Aspin o Peyresourde).<\/p>\n<p>El proyecto permitir\u00e1 crear un territorio ciclista continuo que abarcar\u00e1 enduro, bike park, MTB familiar, rutas de largo recorrido por carretera, gravel y propuestas outdoor durante los 12 meses del a\u00f1o. Todo ello enmarcado en un entorno de alta monta\u00f1a rodeado por espacios protegidos como Ordesa, Sierra de Guara, N\u00e9ouvielle o Monte Perdido, y conectado mediante la carretera y el t\u00fanel de Aragnouet-Bielsa.<\/p>\n<p>Tanto Zona Zero como Saint-Lary llevan a\u00f1os desarrollando modelos tur\u00edsticos vinculados a la bicicleta, pero hasta ahora operaban de forma independiente. La firma del convenio permite derribar esa frontera administrativa y trabajar con un enfoque com\u00fan en se\u00f1alizaci\u00f3n, informaci\u00f3n al visitante, desarrollo de rutas y estrategia de comunicaci\u00f3n. La idea es facilitar a los ciclistas que puedan moverse sin barreras de un territorio a otro, con recursos homog\u00e9neos y una oferta coherente.<\/p>\n<p>El plan incluye la certificaci\u00f3n conjunta de itinerarios, la integraci\u00f3n del cat\u00e1logo de rutas de Saint-Lary dentro del ecosistema de Zona Zero y un programa de mejoras continuas en los recorridos. Tambi\u00e9n est\u00e1 prevista la creaci\u00f3n de productos tur\u00edsticos compartidos, desde paquetes orientados a MTB y enduro hasta propuestas de cicloturismo de larga distancia y experiencias de varios d\u00edas.<\/p>\n<p>Otro de los pilares ser\u00e1 el plan de comunicaci\u00f3n conjunto, orientado tanto al p\u00fablico general como a prensa y profesionales del sector. Se plantean acciones coordinadas, encuentros con operadores tur\u00edsticos y la programaci\u00f3n de eventos vinculados al ciclismo y la actividad al aire libre. Asimismo, Zona Zero contratar\u00e1 un gestor de proyectos para supervisar la ejecuci\u00f3n de todas las acciones.<\/p>\n<p>La duraci\u00f3n del acuerdo abarca el periodo 2026-2028, con planes de acci\u00f3n anuales que permitir\u00e1n adaptarse a la evoluci\u00f3n del sector. Para la comarca del Sobrarbe, la alianza supone un paso estrat\u00e9gico en su objetivo de consolidar un modelo tur\u00edstico estable m\u00e1s all\u00e1 de la temporada invernal. En el caso de Saint-Lary, refuerza una apuesta que combina nieve, bicicleta y turismo activo para expandir su atractivo fuera de los meses de esqu\u00ed.<\/p>\n<p>La creaci\u00f3n de este territorio ciclista transfronterizo responde a una tendencia sostenida al alza: el crecimiento del inter\u00e9s por la bicicleta en todas sus modalidades y la demanda creciente de destinos que permitan combinar deporte, naturaleza y cultura de monta\u00f1a. Zona Zero y Saint-Lary aspiran a liderar esta transici\u00f3n en el Pirineo y a posicionar el nuevo espacio como uno de los polos ciclistas m\u00e1s potentes del sur de Europa.<\/p>\n","protected":false},"excerpt":{"rendered":"La colaboraci\u00f3n entre la Asociaci\u00f3n Empresarial Zona Zero y la Oficina de Turismo de Saint-Lary-Soulan abre una etapa&hellip;\n","protected":false},"author":2,"featured_media":267571,"comment_status":"","ping_status":"","sticky":false,"template":"","format":"standard","meta":{"footnotes":""},"categories":[273],"tags":[313,312,168,25,24,23,167],"class_list":{"0":"post-267570","1":"post","2":"type-post","3":"status-publish","4":"format-standard","5":"has-post-thumbnail","7":"category-ciclismo","8":"tag-ciclismo","9":"tag-cycling","10":"tag-deportes","11":"tag-es","12":"tag-espana","13":"tag-spain","14":"tag-sports"},"share_on_mastodon":{"url":"https:\/\/pubeurope.com\/@es\/115651188422090137","error":""},"_links":{"self":[{"href":"https:\/\/www.europesays.com\/es\/wp-json\/wp\/v2\/posts\/267570","targetHints":{"allow":["GET"]}}],"collection":[{"href":"https:\/\/www.europesays.com\/es\/wp-json\/wp\/v2\/posts"}],"about":[{"href":"https:\/\/www.europesays.com\/es\/wp-json\/wp\/v2\/types\/post"}],"author":[{"embeddable":true,"href":"https:\/\/www.europesays.com\/es\/wp-json\/wp\/v2\/users\/2"}],"replies":[{"embeddable":true,"href":"https:\/\/www.europesays.com\/es\/wp-json\/wp\/v2\/comments?post=267570"}],"version-history":[{"count":0,"href":"https:\/\/www.europesays.com\/es\/wp-json\/wp\/v2\/posts\/267570\/revisions"}],"wp:featuredmedia":[{"embeddable":true,"href":"https:\/\/www.europesays.com\/es\/wp-json\/wp\/v2\/media\/267571"}],"wp:attachment":[{"href":"https:\/\/www.europesays.com\/es\/wp-json\/wp\/v2\/media?parent=267570"}],"wp:term":[{"taxonomy":"category","embeddable":true,"href":"https:\/\/www.europesays.com\/es\/wp-json\/wp\/v2\/categories?post=267570"},{"taxonomy":"post_tag","embeddable":true,"href":"https:\/\/www.europesays.com\/es\/wp-json\/wp\/v2\/tags?post=267570"}],"curies":[{"name":"wp","href":"https:\/\/api.w.org\/{rel}","templated":true}]}}