{"id":267580,"date":"2025-12-02T17:43:10","date_gmt":"2025-12-02T17:43:10","guid":{"rendered":"https:\/\/www.europesays.com\/es\/267580\/"},"modified":"2025-12-02T17:43:10","modified_gmt":"2025-12-02T17:43:10","slug":"su-bonita-amistad-con-olivia-el-peaje-de-ganar-la-voz-y-el-odio-en-redes","status":"publish","type":"post","link":"https:\/\/www.europesays.com\/es\/267580\/","title":{"rendered":"su \u00abbonita amistad\u00bb con Olivia, el peaje de ganar &#8216;La Voz&#8217; y el odio en redes"},"content":{"rendered":"<p class=\"article-text\">\n        Pocas horas despu\u00e9s de salir de la Academia, <strong>Crespo <\/strong>atiende a la prensa a\u00fan bastante descolocado tras dos meses y medio pr\u00e1cticamente aislado del exterior, pero con la inseparable sonrisa y buen humor con el que ha afrontado de principio a fin su paso por <strong>OT 2025<\/strong>. El joven andaluz, que result\u00f3 este lunes <a href=\"https:\/\/www.eldiario.es\/vertele\/noticias\/ot-2025-culmino-expulsion-amigos-escogio-cuatro-primeros-finalistas_1_12812525.html\" target=\"_blank\" data-mrf-recirculation=\"links-noticia\" class=\"link\" rel=\"nofollow noopener\">expulsado frente a su amigo Guillo<\/a>, hace balance de su trayectoria en el talent show de<strong> Amazon Prime Video<\/strong>, en el que se ha quedado a las puertas de la final a pesar de que en las primeras semanas lleg\u00f3 a ser uno de los favoritos del p\u00fablico.\n    <\/p>\n<p>    <a href=\"https:\/\/www.eldiario.es\/vertele\/noticias\/ot-2025-culmino-expulsion-amigos-escogio-cuatro-primeros-finalistas_1_12812525.html\" data-mrf-recirculation=\"saber-mas\" data-dl-event=\"saber-mas\" rel=\"nofollow noopener\" target=\"_blank\"><\/p>\n<p class=\"know-more__title\">&#8216;OT 2025&#8217; culmin\u00f3 la expulsi\u00f3n entre los dos amigos y escogi\u00f3 a sus cuatro primeros finalistas tras dar las notas<\/p>\n<p>            <img decoding=\"async\" class=\"lazy\" loading=\"lazy\" data-src=\"https:\/\/static.eldiario.es\/clip\/36dd3882-9aee-4d57-b67b-ea0f10d660f2_16-9-aspect-ratio_default_0.jpg\" src=\"data:image\/svg+xml,%3Csvg xmlns=\" http:=\"\" viewbox=\"0 0 880 495\" alt=\"'OT 2025' culmin\u00f3 la expulsi\u00f3n entre los dos amigos y escogi\u00f3 a sus cuatro primeros finalistas tras dar las notas\"\/><\/p>\n<p>                        <\/a><\/p>\n<p class=\"article-text\">\n        Con el transcurso de la edici\u00f3n, Crespo empez\u00f3 a ser objeto -como tambi\u00e9n lo han sido sus compa\u00f1eros en diferentes momentos de la temporada y por diversos motivos- de <strong>cr\u00edticas y mensajes de odio en redes sociales<\/strong>. Entre los comentarios m\u00e1s repetidos, el de que estaba \u201cprotegido por el jurado\u201d al no caer nominado durante varias galas o incluso la hip\u00f3tesis infudada de algunos de que era un \u201cenchufado\u201d de una compa\u00f1\u00eda discogr\u00e1fica.\n    <\/p>\n<p class=\"article-text\">\n        Todo ello, llev\u00f3 a Chenoa a lanzar este lunes, tras la despedida de Crespo, <a href=\"https:\/\/www.eldiario.es\/vertele\/noticias\/sentido-mensaje-chenoa-odio-expulsion-crespo-ot-2025-hate-ruido_1_12813190.html\" target=\"_blank\" data-mrf-recirculation=\"links-noticia\" class=\"link\" rel=\"nofollow noopener\">un importante discurso contra el &#8216;hate&#8217;<\/a> que muchos espectadores siguen vertiendo d\u00eda a d\u00eda contra los participantes a trav\u00e9s de cuentas an\u00f3nimas en Internet. Un alegato que el andaluz, algo desorientado a\u00fan, asegura desconocer: <strong>\u201cNo s\u00e9 muy bien a qu\u00e9 se refiere con eso y no he podido hablar con ella\u201d<\/strong>, expresa Crespo en una entrevista con <a href=\"https:\/\/www.eldiario.es\/vertele\" target=\"_blank\" data-mrf-recirculation=\"links-noticia\" class=\"link\" rel=\"nofollow noopener\">verTele <\/a>y otros medios antes de elogiar a la presentadora.\n    <\/p>\n<p class=\"article-text\">\n        \u201cMi momento previo con Chenoa fue superbonito. O sea, sent\u00ed las palabras cuando ella me las dijo antes de cruzar la pasarela para irme. Fue superbonito ver c\u00f3mo se emocionaba y sent\u00eda de verdad esas cosas que me dijo\u201d, valora el joven, que tambi\u00e9n ha sido se\u00f1alado por entrar en Operaci\u00f3n Triunfo despu\u00e9s de haber <a href=\"https:\/\/www.eldiario.es\/vertele\/noticias\/la-voz-ganador-javier-crespo-cancion-gala-final-antena3_1_9802593.html\" target=\"_blank\" data-mrf-recirculation=\"links-noticia\" class=\"link\" rel=\"nofollow noopener\">ganado en 2022 un programa como La Voz<\/a>. \u00bfLe ha podido desfavorecer esa victoria previa? \u201c<strong>No s\u00e9 si ha podido perjudicar, pero bueno, las cosas en la vida pasan cuando pasan <\/strong>y nos llevamos lo mejor de cada cosa que vivimos\u201d, expresa Crespo, que habla sobre <strong>su \u201cbonita amistad\u201d con Olivia<\/strong> y se moja al decir qui\u00e9n cree que va a ganar el programa y qui\u00e9n quiere que lo haga.\n    <\/p>\n<p>            <img decoding=\"async\" class=\"lazy\" loading=\"lazy\" data-src=\"https:\/\/static.eldiario.es\/clip\/2d6f74c2-dab7-4ecc-9103-a664cfc65be0_16-9-discover-aspect-ratio_default_0.jpg\" src=\"data:image\/svg+xml,%3Csvg xmlns=\" http:=\"\" viewbox=\"0 0 1200 675\" alt=\"Crespo y Guillo en el momento de la expulsi\u00f3n en 'OT 2025\"\/><\/p>\n<p class=\"article-text\">\n        <strong>\u00bfC\u00f3mo valoras tu paso por <\/strong><strong>OT<\/strong><strong>, teniendo en cuenta tu experiencia previa en otros talent shows como<\/strong><strong> La Voz<\/strong><strong>? <\/strong>\n    <\/p>\n<p class=\"article-text\">\n        S\u00ed, al final tengo una trayectoria televisiva bastante grande. He estado en otros programas, como ya sab\u00e9is. Y cada uno te aporta una cosita y te ense\u00f1a a ser mejor artista y mejor persona. Y siento que OT ha sido un programa muy clave en eso, porque he estado dos meses y medio en una academia sin parar de trabajar en m\u00fasica y eso al final te hace crecer de una manera exponencial. As\u00ed que estoy muy contento con lo que he vivido aqu\u00ed.\n    <\/p>\n<p class=\"article-text\">\n        <strong>\u00bfCrees que haber ganado<\/strong><strong> La Voz<\/strong><strong> te ha podido perjudicar en <\/strong><strong>OT <\/strong><strong>entre aquellos que puedan creer que ya hab\u00edas tenido tu oportunidad y que, de alguna manera, aqu\u00ed se la estabas quitando a otro? <\/strong>\n    <\/p>\n<p class=\"article-text\">\n        Creo que ganar un programa como La Voz en el a\u00f1o en que lo gan\u00e9, con la edad que ten\u00eda, 18 a\u00f1os, me hizo aprender much\u00edsimas cosas, adentrarme un poco en el mundo de la m\u00fasica y tener una gran oportunidad. Y he seguido trabajando hasta que otra oportunidad se ha presentado. Yo soy una persona que aprovecha todas las oportunidades que se le presentan y en este caso, pues sent\u00ed que OT iba a ser tambi\u00e9n una gran oportunidad como en el momento fue La Voz para m\u00ed. No s\u00e9 si ha podido perjudicar, pero bueno, las cosas en la vida pasan cuando pasan y nos llevamos lo mejor de cada cosa que vivimos. Entonces creo que de La Voz me llev\u00e9 un recuerdo muy bonito y un aprendizaje tambi\u00e9n muy grande, igualmente de OT.\n    <\/p>\n<blockquote class=\"quote\">\n<p class=\"quote-text\">Sobre lo del &#8216;hate&#8217; no s\u00e9 nada. No s\u00e9 muy bien a qu\u00e9 se refer\u00eda Chenoa con eso y no he podido hablar con ella<\/p>\n<p>\n                        Crespo (OT 2025)\n                                  <\/p>\n<\/blockquote>\n<p class=\"article-text\">\n        <strong>Chenoa lanz\u00f3 tras tu expulsi\u00f3n un discurso contra el odio en redes. \u00bfHas podido hablar con ella para ver a qu\u00e9 se refer\u00eda? <\/strong>\n    <\/p>\n<p class=\"article-text\">\n        Acabo de salir y ahora mismo no s\u00e9 de lo que me hablan. Mi momento previo con Chenoa fue superbonito. O sea, sent\u00ed las palabras cuando ella me las dijo antes de cruzar la pasarela para irme. Fue superbonito ver c\u00f3mo se emocionaba y sent\u00eda de verdad esas cosas que me dijo. Pero sobre eso del &#8216;hate&#8217; no s\u00e9 nada. Piensa que nosotros no sabemos nada, absolutamente nada. Yo, casi ni un d\u00eda despu\u00e9s de haber salido de la Academia, s\u00e9 muy bien a qu\u00e9 se refiere con eso y no he podido hablar con ella. Entonces no te puedo decir mucho m\u00e1s.\n    <\/p>\n<p class=\"article-text\">\n        <strong>Lamentablemente, todos los concursantes e incluso los profesores est\u00e1is expuestos a ese tipo de comentarios de odio en redes. En tu caso, han llegado a decir que eras el \u201cprotegido del jurado\u201d o que estabas \u201cenchufado\u201d por una discogr\u00e1fica. \u00bfQu\u00e9 dir\u00edas a quienes han dicho eso? \u00bfCrees que ese tipo de campa\u00f1as han podido provocar tu expulsi\u00f3n?<\/strong>\n    <\/p>\n<p class=\"article-text\">\n        Esto me pilla un poco de sorpresa, porque no he tenido mucho tiempo de enterarme de lo que ha sido mi paso por el concurso, que al final han sido dos meses y medio en los que han podido pasar muchas cosas y todav\u00eda tengo que ir asimil\u00e1ndolas. Pero esto la verdad es que desde dentro no lo he sentido. Creo que he sido yo mismo, como ya ven\u00eda diciendo, y he sido aut\u00e9ntico. Y si el jurado lo ha querido valorar, que al final es algo muy positivo dentro de la industria el ser diferente, pues si el jurado lo ha querido valorar antes que otras cosas que al final est\u00e1n en su mano, pues mira, yo siempre he sido agradecido y siempre me he llevado lo mejor de sus valoraciones. Entonces, eso te puedo decir.\n    <\/p>\n<p class=\"article-text\">\n        <strong>\u00bfC\u00f3mo viviste ese bonito momento de despedida con Noem\u00ed Galera en el sof\u00e1, cuando te dijo que ojal\u00e1 hubiera muchos Crespos en futuras ediciones de <\/strong><strong>Operaci\u00f3n Triunfo<\/strong><strong>?<\/strong>\n    <\/p>\n<p class=\"article-text\">\n        Fue algo muy especial. Al final, yo empec\u00e9 este camino con Noem\u00ed d\u00e1ndome la pegatina, con ese pase prime. Adem\u00e1s, me acuerdo ser el primero en la cola en Madrid y que Noem\u00ed estuviese vi\u00e9ndome audicionar. Y ayer cuando se despidi\u00f3 de m\u00ed fue tan bonito por el recuerdo que voy a tener de la Academia, de ella, y por todo lo que he vivido estos dos meses y medio a su lado. Porque al final es mucho tiempo de convivencia y muchos recuerdos que se quedan ah\u00ed. Fue superbonito, me llevo sus palabras y s\u00e9 que va a ser una persona que la vamos a tener yo y mis compa\u00f1eros para toda la vida.\n    <\/p>\n<p>            <img decoding=\"async\" class=\"lazy\" loading=\"lazy\" data-src=\"https:\/\/static.eldiario.es\/clip\/f1179b66-18a1-4a78-9ba2-bc144120ab41_16-9-discover-aspect-ratio_default_0.jpg\" src=\"data:image\/svg+xml,%3Csvg xmlns=\" http:=\"\" viewbox=\"0 0 1200 675\" alt=\"Crespo y Olivia, en 'OT 2025'\"\/><\/p>\n<p class=\"article-text\">\n        <strong>Ayer el p\u00fablico en plat\u00f3 se volvi\u00f3 loco durante tu despedida con Olivia. \u00bfC\u00f3mo llevas que los fans os hayan relacionado?<\/strong>\n    <\/p>\n<p class=\"article-text\">\n        Yo con Olivia tengo una relaci\u00f3n muy bonita de amistad, como con el resto de compa\u00f1eros. S\u00ed que es una persona con la que he compartido una semana de trabajo en Akureyri, que es una canci\u00f3n muy preciosa, y lo valoro. O sea, valoro c\u00f3mo trabaja y c\u00f3mo es como persona, y tambi\u00e9n le deseo que le vaya bien en lo que queda de concurso. Pero tanto con ella como con el resto de compa\u00f1eros creo que he tenido una relaci\u00f3n muy bonita, con todos. Entonces, el trato no es muy diferente.\n    <\/p>\n<p class=\"article-text\">\n        <strong>Teniendo en cuenta todas las din\u00e1micas y partes implicadas del concurso, jurado, profesores, etc. \u00bfCrees que ha habido alguna injusticia contigo o con alguno de tus compa\u00f1eros durante toda la edici\u00f3n? <\/strong>\n    <\/p>\n<p class=\"article-text\">\n        Siempre se comenta mucho si hay injusticias o decimos si me deber\u00edan haber nominado o no me deber\u00edan haber nominado. Nosotros, los 16 en su momento, desde el primer lunes hemos puesto todo lo que ten\u00edamos en el escenario cada d\u00eda. Pero luego el jurado, cada uno tiene su opini\u00f3n, y valora por las cosas que cree profesionalmente y no las juzgamos. O sea, en el momento nos puede sentar mejor o peor seg\u00fan estemos tambi\u00e9n de \u00e1nimo, porque es una experiencia complicada de gestionar al estar aislados. Pero s\u00ed, al final sabemos que el jurado tiene su opini\u00f3n y que estamos sujetos a ella. Entonces, nos tomamos todo lo que nos dicen con positividad y con optimismo de seguir mejorando.\n    <\/p>\n<blockquote class=\"quote\">\n<p class=\"quote-text\">Creo que podr\u00edan ganar Olivia o Cristina, porque \u00faltimamente est\u00e1n haciendo unos n\u00fameros muy buenos. A m\u00ed me gustar\u00eda que ganase a Guillo<\/p>\n<p>\n                        Crespo (OT 2025)\n                                  <\/p>\n<\/blockquote>\n<p class=\"article-text\">\n        <strong>\u00bfQui\u00e9n crees y qui\u00e9n quieres que gane OT 2025?<\/strong>\n    <\/p>\n<p class=\"article-text\">\n        Creo que podr\u00eda ganar Olivia o Cristina, porque \u00faltimamente est\u00e1n haciendo unos n\u00fameros muy buenos, la verdad, las dos. Y creo que podr\u00edan ganar. Y me gustar\u00eda tambi\u00e9n que ganase a Guillo, por el cari\u00f1o que le tengo, porque es tambi\u00e9n un buen artista y porque tiene esa parte con la danza y cantar que a m\u00ed me parece impresionante tambi\u00e9n de ver y de valorar. S\u00ed, me gustar\u00eda que ganara Guillo por la amistad que tenemos y por ver que consigue lo que quiere.\n    <\/p>\n<p class=\"article-text\">\n        <strong>\u00bfQu\u00e9 consejo le dar\u00edas al Crespo que acaba de entrar en la Academia, si pudieras volver atr\u00e1s? <\/strong>\n    <\/p>\n<p class=\"article-text\">\n        El consejo que me dar\u00eda ser\u00eda que confiase en m\u00ed, sobre todo en qui\u00e9n soy, en lo aut\u00e9ntico que soy, porque s\u00ed que durante este paso por Operaci\u00f3n Triunfo he intentado dar el toque personal a todo lo que he hecho. Eso, que me aferrase mucho a qui\u00e9n yo soy, a c\u00f3mo me siento, y as\u00ed afrontar todas las actuaciones. Porque algunas veces, como te metes en otro estilo, cantas canciones fuera de tu zona de confort y se te puede hacer dif\u00edcil el trabajo de sacar el reto de la semana poni\u00e9ndole tambi\u00e9n tu sello personal. Y a veces esa confianza en ti mismo, en lo que haces y en lo que eres, consigue que saques el n\u00famero con much\u00edsima m\u00e1s facilidad y con un toque personal que se agradece.\n    <\/p>\n<p>            <img decoding=\"async\" class=\"lazy\" loading=\"lazy\" data-src=\"https:\/\/static.eldiario.es\/clip\/7d945db2-1cc8-4f81-85fb-3fc415643dcf_16-9-discover-aspect-ratio_default_0.jpg\" src=\"data:image\/svg+xml,%3Csvg xmlns=\" http:=\"\" viewbox=\"0 0 1200 675\" alt=\"Crespo, durante una actuaci\u00f3n en 'OT 2025'\"\/><\/p>\n<p class=\"article-text\">\n        <strong>\u00bfQu\u00e9 tal fue la experiencia de grabar el nuevo himno de <\/strong><strong>Operaci\u00f3n Triunfo<\/strong><strong>?<\/strong>\n    <\/p>\n<p class=\"article-text\">\n        Ha sido una experiencia muy chula, sobre todo el componerlo dentro de la Academia y cada uno poder poner nuestro granito de arena. Sobre la experiencia de grabarlo, pues s\u00ed que nos hubiera gustado estar los 16 juntos, porque al final los compa\u00f1eros que estaban ya afuera cuando se grab\u00f3 no pudieron venir al estudio de la Academia a grabarlo. Pero fue muy chulo, estuvimos con Vic y \u00e9l tambi\u00e9n nos gui\u00f3 un poco para que todo quedase mucho mejor todav\u00eda grabado. Y creo que suena incre\u00edble por lo que yo he podido escuchar.\n    <\/p>\n<p class=\"article-text\">\n        <strong>\u00bfC\u00f3mo quieres que sea tu proyecto musical?<\/strong>\n    <\/p>\n<p class=\"article-text\">\n        Un d\u00eda despu\u00e9s de la salida no te puedo decir con certeza. No me ha dado mucho tiempo a pensar qu\u00e9 quiero hacer o cu\u00e1les van a ser las bases de mi proyecto. S\u00ed que es verdad que, durante el concurso, lo he dejado un poco entrever con las composiciones que estaba haciendo en la academia, con las canciones que he cantado en las galas y con ese toque personal que he intentado darles, siendo aut\u00e9ntico y siendo yo mismo. Habr\u00e1 que ver durante estos meses lo que vaya pasando con mi proyecto y tambi\u00e9n quiero ir descubri\u00e9ndome un poquito m\u00e1s. Creo que ah\u00ed he dejado algo entrever, pero todav\u00eda me queda mucho por conocer.\n    <\/p>\n<p>    <a href=\"https:\/\/www.eldiario.es\/vertele\/noticias\/rtve-argumenta-diferencias-mananeros-360-directo-grano-malas-lenguas-defiende-pluralidad_1_12809970.html\" data-mrf-recirculation=\"saber-mas-abajo\" data-dl-event=\"saber-mas-abajo\" rel=\"nofollow noopener\" target=\"_blank\"><\/p>\n<p class=\"know-more__title\">RTVE argumenta las diferencias entre &#8216;Ma\u00f1aneros 360&#8217;, &#8216;Directo al grano&#8217; y &#8216;Malas lenguas&#8217;, y defiende su pluralidad\n<\/p>\n<p>            <img decoding=\"async\" class=\"lazy\" loading=\"lazy\" data-src=\"https:\/\/static.eldiario.es\/clip\/9adc38be-c2a4-489f-8fce-fae2057f19b9_16-9-aspect-ratio_default_0.jpg\" src=\"data:image\/svg+xml,%3Csvg xmlns=\" http:=\"\" viewbox=\"0 0 880 495\" alt=\"RTVE argumenta las diferencias entre 'Ma\u00f1aneros 360', 'Directo al grano' y 'Malas lenguas', y defiende su pluralidad\"\/><\/p>\n<p>                        <\/a><\/p>\n<p class=\"article-text\">\n        .\n    <\/p>\n","protected":false},"excerpt":{"rendered":"Pocas horas despu\u00e9s de salir de la Academia, Crespo atiende a la prensa a\u00fan bastante descolocado tras dos&hellip;\n","protected":false},"author":2,"featured_media":267581,"comment_status":"","ping_status":"","sticky":false,"template":"","format":"standard","meta":{"footnotes":""},"categories":[171],"tags":[45,18047,21040,11373,146,147,25,24,2000,4653,26688,221,45899,2311,1259,16427,23,214,1447],"class_list":{"0":"post-267580","1":"post","2":"type-post","3":"status-publish","4":"format-standard","5":"has-post-thumbnail","7":"category-tv","8":"tag-45","9":"tag-amistad","10":"tag-bonita","11":"tag-crespo","12":"tag-entertainment","13":"tag-entretenimiento","14":"tag-es","15":"tag-espana","16":"tag-ganar","17":"tag-odio","18":"tag-olivia","19":"tag-ot","20":"tag-peaje","21":"tag-redes","22":"tag-responde","23":"tag-salir","24":"tag-spain","25":"tag-tv","26":"tag-voz"},"share_on_mastodon":{"url":"https:\/\/pubeurope.com\/@es\/115651215659193068","error":""},"_links":{"self":[{"href":"https:\/\/www.europesays.com\/es\/wp-json\/wp\/v2\/posts\/267580","targetHints":{"allow":["GET"]}}],"collection":[{"href":"https:\/\/www.europesays.com\/es\/wp-json\/wp\/v2\/posts"}],"about":[{"href":"https:\/\/www.europesays.com\/es\/wp-json\/wp\/v2\/types\/post"}],"author":[{"embeddable":true,"href":"https:\/\/www.europesays.com\/es\/wp-json\/wp\/v2\/users\/2"}],"replies":[{"embeddable":true,"href":"https:\/\/www.europesays.com\/es\/wp-json\/wp\/v2\/comments?post=267580"}],"version-history":[{"count":0,"href":"https:\/\/www.europesays.com\/es\/wp-json\/wp\/v2\/posts\/267580\/revisions"}],"wp:featuredmedia":[{"embeddable":true,"href":"https:\/\/www.europesays.com\/es\/wp-json\/wp\/v2\/media\/267581"}],"wp:attachment":[{"href":"https:\/\/www.europesays.com\/es\/wp-json\/wp\/v2\/media?parent=267580"}],"wp:term":[{"taxonomy":"category","embeddable":true,"href":"https:\/\/www.europesays.com\/es\/wp-json\/wp\/v2\/categories?post=267580"},{"taxonomy":"post_tag","embeddable":true,"href":"https:\/\/www.europesays.com\/es\/wp-json\/wp\/v2\/tags?post=267580"}],"curies":[{"name":"wp","href":"https:\/\/api.w.org\/{rel}","templated":true}]}}