{"id":267584,"date":"2025-12-02T17:45:10","date_gmt":"2025-12-02T17:45:10","guid":{"rendered":"https:\/\/www.europesays.com\/es\/267584\/"},"modified":"2025-12-02T17:45:10","modified_gmt":"2025-12-02T17:45:10","slug":"los-limites-de-la-tecnologia-y-la-condicion-humana-a-traves-de-javier-rey-y-patricia-lopez-arnaiz","status":"publish","type":"post","link":"https:\/\/www.europesays.com\/es\/267584\/","title":{"rendered":"los l\u00edmites de la tecnolog\u00eda y la condici\u00f3n humana a trav\u00e9s de Javier Rey y Patricia L\u00f3pez Arnaiz"},"content":{"rendered":"<p style=\"\">La inteligencia artificial es parte de nuestro d\u00eda a d\u00eda, pero para Alberto Gastesi esto ya era una realidad hace m\u00e1s de una d\u00e9cada. El director de &#8216;Singular&#8217;, pel\u00edcula ya disponibles en cines, se preguntaba: \u00ab\u00bfQu\u00e9 pasar\u00eda si las m\u00e1quinas alg\u00fan d\u00eda nos venciesen?\u00bb; de  &#8230; ah\u00ed naci\u00f3 una premisa que se acab\u00f3 convirtiendo en ciencia ficci\u00f3n, pero tambi\u00e9n en un thriller psicol\u00f3gico y un drama familiar. <\/p>\n<p class=\"voc-p\" style=\"\">\u00abEs una ciencia ficci\u00f3n que rompemos a mitad de pel\u00edcula, nada es lo que parece, es muchas cosas\u00bb, aclaraba Gastesi. Una afirmaci\u00f3n que completaba Javier Rey, protagonista de esta nueva pel\u00edcula del vasco, asegurando que \u00abesta es una pel\u00edcula de personajes\u00bb. Una mezcla de g\u00e9neros que la convierten en toda una experiencia que tanto el director como los actores recomiendan ver en el cine y acompa\u00f1ado. Debates que para Patricia L\u00f3pez Arnaiz, coprotagonista junto a Rey, son clave ya que la trama crea \u00abespacios para reflexiones muy diferentes\u00bb.<\/p>\n<p class=\"voc-p\" style=\"\">&#8216;Singular&#8217; sigue el amor, la complejidad y las tiranteces de las relaciones; una compleja historia donde una pareja separada se reencuentra para honrar y celebrar el que habr\u00eda sido el 18 cumplea\u00f1os de su hijo fallecido. El dolor y la culpa est\u00e1n congeladas y ocultas, pero la llegada sorpresa de un enigm\u00e1tico joven har\u00e1 saltar todo por los aires.<\/p>\n<p class=\"voc-p\" style=\"\"><strong>-En un mundo en el que la ciencia ficci\u00f3n ha dejado de parecer ficci\u00f3n, \u00bfc\u00f3mo encaja esta pel\u00edcula en el cine actual?<\/strong><\/p>\n<p class=\"voc-p\" style=\"\">-Alberto Gastesi. S\u00ed, no ha dejado de ser ciencia ficci\u00f3n y es pura ficci\u00f3n. Se ha acelerado todo much\u00edsimo y hemos tenido la suerte de llegar en un momento donde la IA est\u00e1 en la conversaci\u00f3n.<\/p>\n<p class=\"voc-p\" style=\"\"><strong>-Precisamente hablando de la inteligencia artificial, Alberto, \u00bfqu\u00e9 le atrajo de ella para coguionizar y dirigir &#8216;Singular&#8217;?<\/strong><\/p>\n<p class=\"voc-p\" style=\"\">-A.G. Un espejo en el que mirarnos, vernos reflejados como nunca antes ha ocurrido. Porque esto no deja de ser una especie de perfeccionamiento amorfo de lo que hemos sido, de lo que hemos escrito y dibujado\u2026 la IA no es m\u00e1s que una s\u00edntesis amorfa de esto y su irrupci\u00f3n nos pone un poco ante el espejo para mirarnos con una claridad distinta, con una nitidez un poco desagradable. <\/p>\n<p class=\"voc-p\" style=\"\"><strong>-\u00bfEn esta pel\u00edcula se confrontan la humanidad y la tecnolog\u00eda?<\/strong><\/p>\n<p class=\"voc-p\" style=\"\">-A.G. S\u00ed, hab\u00eda que conseguir que fuera una pel\u00edcula luminosa y optimista. Una afirmaci\u00f3n de la vida a pesar del dolor y de poder vivir infinitas veces una historia traum\u00e1tica y dolorosa.<\/p>\n<p class=\"voc-p\" style=\"\"><strong>-\u00bfHasta d\u00f3nde estamos dispuestos a llegar los humanos para combatir este espejo en el que nos reflejamos?<\/strong><\/p>\n<p class=\"voc-p\" style=\"\">-Javier Rey. Si perdemos la humanidad, lo perdemos todo. Es decir, las tecnolog\u00edas est\u00e1n para servir nuestros prop\u00f3sitos, sin dejar de ser nosotros humanos, sino que apoyen, en el momento que perdamos eso lo hemos perdido todo como especie.<\/p>\n<p class=\"voc-p\" style=\"\">-Patricia L\u00f3pez Arnaiz. Yo creo que la pel\u00edcula tiene una mirada humanista, o sea, habla de lo que no es imitable. Que nos detengamos a reflexionar sobre cu\u00e1l es la parte que nos hace esencialmente humanos, cu\u00e1l es nuestra singularidad para tenerlo en cuenta, para considerarlo, honrarlo y valorarlo.<\/p>\n<p class=\"voc-p\" style=\"\">&#8211; A.G. No s\u00e9, depende del \u00e1nimo con el que nos encuentre. Ahora mismo atravesamos una \u00e9poca de cierto des\u00e1nimo, desde la pandemia, que nos ha atravesado de una forma muy bestia, hay ciertos problemas para una defensa de la particularidad humana. Vivimos en una \u00e9poca de mucha culpabilidad y creo que es interesante la irrupci\u00f3n de las IA porque nos hace atrincherarnos en el buen sentido, juntarnos y decir, vamos a defendernos.<\/p>\n<p class=\"voc-p\" style=\"\"><strong>-Adem\u00e1s de ustedes, hay un tercer actor que es clave en esta pel\u00edcula, \u00bfc\u00f3mo ha sido trabajar con Miguel Iriarte?<\/strong><\/p>\n<p class=\"voc-p\" style=\"\">-P.L. Es muy profesional en el sentido de su capacidad de hacerse preguntas, de buscar, su manera de trabajar es muy seria, muy implicada y vocacional. La aparici\u00f3n de su personaje es como el elemento cat\u00e1rtico, o sea, ah\u00ed empiezan a abrirse la grieta.<\/p>\n<p class=\"voc-p\" style=\"\">-J.R. Miguel es un actor muy talentoso que no huye absolutamente de nada y se enfrenta al personaje y las relaciones clave de esta pel\u00edcula. Hay cierto tipo de miradas que Miguel, a pesar de su juventud, ha solventado con mucho talento, con mucho trabajo, es sorprendente como alguien tan joven puede hacer algo tan bonito y tan complejo.<\/p>\n","protected":false},"excerpt":{"rendered":"La inteligencia artificial es parte de nuestro d\u00eda a d\u00eda, pero para Alberto Gastesi esto ya era una&hellip;\n","protected":false},"author":2,"featured_media":267585,"comment_status":"","ping_status":"","sticky":false,"template":"","format":"standard","meta":{"footnotes":""},"categories":[169],"tags":[177,11358,32719,146,147,25,24,176,19400,660,175,23],"class_list":{"0":"post-267584","1":"post","2":"type-post","3":"status-publish","4":"format-standard","5":"has-post-thumbnail","7":"category-cine","8":"tag-cine","9":"tag-defender","10":"tag-dispuestos","11":"tag-entertainment","12":"tag-entretenimiento","13":"tag-es","14":"tag-espana","15":"tag-film","16":"tag-humanidad","17":"tag-llegar","18":"tag-movies","19":"tag-spain"},"share_on_mastodon":{"url":"https:\/\/pubeurope.com\/@es\/115651223527423755","error":""},"_links":{"self":[{"href":"https:\/\/www.europesays.com\/es\/wp-json\/wp\/v2\/posts\/267584","targetHints":{"allow":["GET"]}}],"collection":[{"href":"https:\/\/www.europesays.com\/es\/wp-json\/wp\/v2\/posts"}],"about":[{"href":"https:\/\/www.europesays.com\/es\/wp-json\/wp\/v2\/types\/post"}],"author":[{"embeddable":true,"href":"https:\/\/www.europesays.com\/es\/wp-json\/wp\/v2\/users\/2"}],"replies":[{"embeddable":true,"href":"https:\/\/www.europesays.com\/es\/wp-json\/wp\/v2\/comments?post=267584"}],"version-history":[{"count":0,"href":"https:\/\/www.europesays.com\/es\/wp-json\/wp\/v2\/posts\/267584\/revisions"}],"wp:featuredmedia":[{"embeddable":true,"href":"https:\/\/www.europesays.com\/es\/wp-json\/wp\/v2\/media\/267585"}],"wp:attachment":[{"href":"https:\/\/www.europesays.com\/es\/wp-json\/wp\/v2\/media?parent=267584"}],"wp:term":[{"taxonomy":"category","embeddable":true,"href":"https:\/\/www.europesays.com\/es\/wp-json\/wp\/v2\/categories?post=267584"},{"taxonomy":"post_tag","embeddable":true,"href":"https:\/\/www.europesays.com\/es\/wp-json\/wp\/v2\/tags?post=267584"}],"curies":[{"name":"wp","href":"https:\/\/api.w.org\/{rel}","templated":true}]}}