{"id":267588,"date":"2025-12-02T17:48:14","date_gmt":"2025-12-02T17:48:14","guid":{"rendered":"https:\/\/www.europesays.com\/es\/267588\/"},"modified":"2025-12-02T17:48:14","modified_gmt":"2025-12-02T17:48:14","slug":"diaz-ayuso-anuncia-que-el-movistar-arena-sera-el-mayor-recinto-de-espectaculos-deportivos-y-ocio-en-espana-despues-de-lograr-577-millones-de-impacto-economico-comunidad-de-madrid","status":"publish","type":"post","link":"https:\/\/www.europesays.com\/es\/267588\/","title":{"rendered":"D\u00edaz Ayuso anuncia que el Movistar Arena ser\u00e1 el mayor recinto de espect\u00e1culos deportivos y ocio en Espa\u00f1a despu\u00e9s de lograr 577 millones de impacto econ\u00f3mico &#8211; Comunidad de Madrid |"},"content":{"rendered":"<ol>\n<li><a href=\"https:\/\/news.google.com\/rss\/articles\/CBMiiwJBVV95cUxNTzhTc1ppdkttUnhrSXBLLURiWklFUmN6b3RDLUMxTURnX0w5M3NpUW5lXy1xZGEyVGc0cWlKZ0szYmEzUTBMa1FuRVB4OEgwek5xUTIyOE5HOFI5UzYta2pSby1aZXJrdkFVVXVaTVdKWjRaNnRUZ254UFVSekVhMGF2Uk1TblhxVEM3N2lxNWFOd21lNXR4MW50NFBMdTI0TWV0ZUdUV1FUTVFCVTdNb3EyM1hOWTJnakRSbl8yY2lyRV83d2xpNWpIMmJlWk92SU1WS0QwSXdBOFVPWFZEVkVXVU53S3pnUnROd2J6SWlYLUQteGFzNFpscTV1cUI4SDk0LS1hOElpNTg?oc=5\" target=\"_blank\" rel=\"nofollow noopener\">D\u00edaz Ayuso anuncia que el Movistar Arena ser\u00e1 el mayor recinto de espect\u00e1culos deportivos y ocio en Espa\u00f1a despu\u00e9s de lograr 577 millones de impacto econ\u00f3mico<\/a>&nbsp;&nbsp;Comunidad de Madrid |<\/li>\n<li><a href=\"https:\/\/news.google.com\/rss\/articles\/CBMiekFVX3lxTFAwQXMyX3pGTlhaanMtYWZIcmc3YWxQR3l3amZJclBiZ0NPcTB0QUpDU0cxenJZTkw0b1BubWdZT3NaOVVmRkgyNUFRZ2RZeGV2TnY3NEJYR2g5Qmt5T3IzMjY5WDMyazQzYlhJblZ0NmY1RDRaUDNHdktR0gF6QVVfeXFMTkpQUFk1eWdDTmxWWmlrMmxmZmY3U0VzdFJTU0JYVUdGZ0M5ZXFaX3dfaFJWWHUyNC1kY2hkSGdyckxEcDZGMDBRQmVNNFhRdGFQQnNZY3pxME1iWFJPQ3V0TUM0azU3ZU9xMWR2a2FSMm9aeEg2eksyN1E?oc=5\" target=\"_blank\" rel=\"nofollow noopener\">El Movistar Arena se convertir\u00e1 en el recinto musical y deportivo m\u00e1s grande de Espa\u00f1a: llegar\u00e1 a los 20.000 espectadores en conciertos y a 15.000 para el Eurobasket<\/a>&nbsp;&nbsp;El Mundo<\/li>\n<li><a href=\"https:\/\/news.google.com\/rss\/articles\/CBMibkFVX3lxTE1KbHVFZlVnMk5CQU5UdFVreGpaLXNGaVBsak1UZjU1SWtkZk8xT1VVVUFGQklSbnpyQk5JUDk4emk5dENOWXk1Sy1CMng0QjZZMkpPSFIyNEhuTHBnaXNLRUoxNzU5THRyN0E3YkxB?oc=5\" target=\"_blank\" rel=\"nofollow noopener\">Ayuso anuncia que el Movistar Arena ampliar\u00e1 su aforo en conciertos hasta las 20.000 localidades<\/a>&nbsp;&nbsp;ABC<\/li>\n<li><a href=\"https:\/\/news.google.com\/rss\/articles\/CBMizwFBVV95cUxQNUFtdTlGd2d6VXFqb2lSZENsUzY5SEJTdm5CX3NwMTFIY2xYN1dKRmxVZXY2cWY1Y1BmaFNVQk9ZWWNSbkt2VWJhb2RwNVpqYk1GX3ZvTGdhVnBtakl0c3VMeFlWMXkyenJidDFmM2lNelZoblBBRkQ4RzRKLU1scTBxMFQ2azhIZ0RDZTltMmxiS2ZiTmIwZlpPdDJCd28tVHFja1NLSktnZGhYUFhGdHE3Z1BDa2pOa0JGQVhfWm1OQU1KaGZOcGJoUTk2NHfSAc8BQVVfeXFMT3dOZzlZZUhJVlEtZFZyLTZBZDBkNzE0U0ZlY0lSa0o3WlYzRUNCRHRSc25Ld3ZJQzNIbGJmVURSM3NtQVFiTXFjN2FNSDNITHJJRENxUE9GRVZza0U1aGpXaTRwM2VWcUJMX1FrczlMUkdQQVZFTHRUNkdmR3B5N08zMmpERXF5SHN5OXFlM3NMX2ZHLW1XdUpCZkM4UjJPU0E4T1BnRVU4ZG40TktrdnJIbVhCUmtQT254TlpjckdHSXN0WmFNaXRZNWswV0RZ?oc=5\" target=\"_blank\" rel=\"nofollow noopener\">Isabel D\u00edaz Ayuso impulsa el Movistar Arena y lo coloca a la altura del Madison Square Garden<\/a>&nbsp;&nbsp;MARCA<\/li>\n<li><a href=\"https:\/\/news.google.com\/rss\/articles\/CBMiwgFBVV95cUxNaDRoV1ZpcFpmMEJJQUZ5TXZRaFgzS0pTSnhGaGFJblZzaVdMRjdmeG1FcHBNYVNXYWtXWFBTOXdzcVJJSzNVbDhLb2d3SjJ4dWZENWtLbDZ1dEtacFA3OElqUllvMW54dTljZ1YyQ1J2bTcxby1mSkR1aVhjTVZObDE4UGRCVUxmMmNuMEtUQUdlZ3pOREpyZTYtWXJHLTh5bTgwT0oySHpDOUxqclRvbW8zWW5kM29xS3F2d0tOSjNqd9IBxwFBVV95cUxNRFdzT1RlNkp3OWVRRUo1SkZQQmo2TWtsSnV0Uk5lamlEV1ZMR2EyRFpGZ1BjRkZKR2d1SmRsWVUwWEU1b1AycXlYWGVHOUlxS3ZjbTJLV2FGUUw5UlVMYWtWUXM3MnlpMmdLc0ZrajJqUW5uQ0pJNkN0TVpXVm5BbjhSTElXWjN5NWNvUDJGa0lUSUl0RmVsRXlXbHdKeVBCNUxuWlR0U2JIZTgxX0I0cENjY2tDNVV0QXRZQjVmaGdEb1hZUWtV?oc=5\" target=\"_blank\" rel=\"nofollow noopener\">El Palacio crecer\u00e1 hasta las 15.000 localidades ante la llegada de la NBA y el Eurobasket 2029<\/a>&nbsp;&nbsp;OkDiario<\/li>\n<\/ol>\n","protected":false},"excerpt":{"rendered":"D\u00edaz Ayuso anuncia que el Movistar Arena ser\u00e1 el mayor recinto de espect\u00e1culos deportivos y ocio en Espa\u00f1a&hellip;\n","protected":false},"author":2,"featured_media":267589,"comment_status":"","ping_status":"","sticky":false,"template":"","format":"standard","meta":{"footnotes":""},"categories":[91],"tags":[146,147,25,24,23],"class_list":{"0":"post-267588","1":"post","2":"type-post","3":"status-publish","4":"format-standard","5":"has-post-thumbnail","7":"category-entretenimiento","8":"tag-entertainment","9":"tag-entretenimiento","10":"tag-es","11":"tag-espana","12":"tag-spain"},"share_on_mastodon":{"url":"https:\/\/pubeurope.com\/@es\/115651235463561510","error":""},"_links":{"self":[{"href":"https:\/\/www.europesays.com\/es\/wp-json\/wp\/v2\/posts\/267588","targetHints":{"allow":["GET"]}}],"collection":[{"href":"https:\/\/www.europesays.com\/es\/wp-json\/wp\/v2\/posts"}],"about":[{"href":"https:\/\/www.europesays.com\/es\/wp-json\/wp\/v2\/types\/post"}],"author":[{"embeddable":true,"href":"https:\/\/www.europesays.com\/es\/wp-json\/wp\/v2\/users\/2"}],"replies":[{"embeddable":true,"href":"https:\/\/www.europesays.com\/es\/wp-json\/wp\/v2\/comments?post=267588"}],"version-history":[{"count":0,"href":"https:\/\/www.europesays.com\/es\/wp-json\/wp\/v2\/posts\/267588\/revisions"}],"wp:featuredmedia":[{"embeddable":true,"href":"https:\/\/www.europesays.com\/es\/wp-json\/wp\/v2\/media\/267589"}],"wp:attachment":[{"href":"https:\/\/www.europesays.com\/es\/wp-json\/wp\/v2\/media?parent=267588"}],"wp:term":[{"taxonomy":"category","embeddable":true,"href":"https:\/\/www.europesays.com\/es\/wp-json\/wp\/v2\/categories?post=267588"},{"taxonomy":"post_tag","embeddable":true,"href":"https:\/\/www.europesays.com\/es\/wp-json\/wp\/v2\/tags?post=267588"}],"curies":[{"name":"wp","href":"https:\/\/api.w.org\/{rel}","templated":true}]}}