{"id":267594,"date":"2025-12-02T17:51:09","date_gmt":"2025-12-02T17:51:09","guid":{"rendered":"https:\/\/www.europesays.com\/es\/267594\/"},"modified":"2025-12-02T17:51:09","modified_gmt":"2025-12-02T17:51:09","slug":"el-papa-leon-xiv-reprueba-una-invasion-de-estados-unidos-en-venezuela-e-invita-a-trump-a-buscar-el-dialogo-internacional","status":"publish","type":"post","link":"https:\/\/www.europesays.com\/es\/267594\/","title":{"rendered":"El papa Le\u00f3n XIV reprueba una invasi\u00f3n de Estados Unidos en Venezuela e invita a Trump a buscar el di\u00e1logo | Internacional"},"content":{"rendered":"<p class=\"\">El Papa ha expresado este martes una posici\u00f3n contraria a <a href=\"https:\/\/elpais.com\/internacional\/2025-12-01\/trump-reconoce-que-converso-con-maduro-no-diria-que-salio-bien-ni-mal-fue-una-llamada-telefonica.html\" target=\"_self\" rel=\"nofollow noopener\" title=\"https:\/\/elpais.com\/internacional\/2025-12-01\/trump-reconoce-que-converso-con-maduro-no-diria-que-salio-bien-ni-mal-fue-una-llamada-telefonica.html\">Donald Trump<\/a> y ha reprobado cualquier operaci\u00f3n violenta de Estados Unidos en <a href=\"https:\/\/elpais.com\/america\/2025-11-30\/el-espacio-aereo-de-venezuela-se-vuelve-otro-campo-de-batalla.html\" target=\"_self\" rel=\"nofollow noopener\" title=\"https:\/\/elpais.com\/america\/2025-11-30\/el-espacio-aereo-de-venezuela-se-vuelve-otro-campo-de-batalla.html\">Venezuela<\/a>, como una invasi\u00f3n terrestre. \u201cEs mejor buscar maneras de di\u00e1logo, quiz\u00e1s presi\u00f3n, incluso presi\u00f3n econ\u00f3mica, pero buscando otra manera para cambiar si es lo que decide hacer Estados Unidos\u201d, ha afirmado. <a href=\"https:\/\/elpais.com\/internacional\/2025-11-28\/el-papa-leon-xiv-en-nicea-retorno-al-lugar-de-la-invencion-del-cristianismo.html\" target=\"_self\" rel=\"nofollow noopener\" title=\"https:\/\/elpais.com\/internacional\/2025-11-28\/el-papa-leon-xiv-en-nicea-retorno-al-lugar-de-la-invencion-del-cristianismo.html\">Le\u00f3n XIV<\/a>, de nacionalidad estadounidense y peruana, ha respondido as\u00ed, en el vuelo que le ha llevado a Roma desde L\u00edbano, a la pregunta de qu\u00e9 opina del ultim\u00e1tum planteado por la Casa Blanca al presidente venezolano, <a href=\"https:\/\/elpais.com\/america\/2025-12-01\/nicolas-maduro-ante-sus-simpatizantes-no-nos-podran-sacar-jamas-del-camino-de-la-revolucion.html\" target=\"_self\" rel=\"nofollow noopener\" title=\"https:\/\/elpais.com\/america\/2025-12-01\/nicolas-maduro-ante-sus-simpatizantes-no-nos-podran-sacar-jamas-del-camino-de-la-revolucion.html\">Nicol\u00e1s Maduro<\/a>, para que abandonara el poder antes del viernes pasado, y a su amenaza de una operaci\u00f3n terrestre en el pa\u00eds caribe\u00f1o.<\/p>\n<p class=\"\">\u201cSobre Venezuela, a nivel de la conferencia episcopal, con el nuncio, estamos buscando maneras para calmar la situaci\u00f3n, buscar sobre todo el bien del pueblo, porque quien sufre en estas situaciones es el pueblo, no las autoridades\u201d, ha dicho <a href=\"https:\/\/elpais.com\/america\/2025-05-10\/prevost-el-papa-peruano-misionero-y-politico.html\" target=\"_self\" rel=\"nofollow noopener\" title=\"https:\/\/elpais.com\/america\/2025-05-10\/prevost-el-papa-peruano-misionero-y-politico.html\">Robert Prevost<\/a> a preguntas del grupo de periodistas de lengua espa\u00f1ola, entre ellos EL PA\u00cdS. \u201cLas voces que vienen de Estados Unidos cambian, con cierta frecuencia, a veces. Hay que ver. Por un lado, parece que ha habido <a href=\"https:\/\/elpais.com\/internacional\/2025-11-28\/maduro-y-trump-hablaron-la-semana-pasada-segun-the-new-york-times.html\" target=\"_self\" rel=\"nofollow noopener\" title=\"https:\/\/elpais.com\/internacional\/2025-11-28\/maduro-y-trump-hablaron-la-semana-pasada-segun-the-new-york-times.html\">una conversaci\u00f3n por tel\u00e9fono de los dos presidentes<\/a>. Por otro lado, hay ese peligro, esa posibilidad, de que haya alguna actividad, alguna operaci\u00f3n invadiendo territorio de Venezuela. Yo no s\u00e9 m\u00e1s\u201d, ha explicado, para luego manifestar su oposici\u00f3n a cualquier soluci\u00f3n violenta.<\/p>\n<p class=\"\">El Vaticano solo ha aceptado una pregunta por grupos ling\u00fc\u00edsticos, un total de ocho, pero esta primera rueda de prensa del Papa al retorno de su viaje de seis d\u00edas a Turqu\u00eda y L\u00edbano no ha dado mucho de s\u00ed, entre que no es de meterse en l\u00edos y algunas preguntas eran de inter\u00e9s muy variable. El \u00fanico comentario m\u00e1s coloquial y colorido ha sido cuando el Pont\u00edfice ha bromeado sobre la habilidad de la prensa para interpretar sus gestos: \u201cPens\u00e1is que pod\u00e9is leer mi mente o mi cara, pero no est\u00e1is siempre en lo cierto\u201d. Tambi\u00e9n ha dicho que cuando fue elegido papa en realidad estaba pensando en jubilarse. Y ha recomendado un libro, La pr\u00e1ctica de la presencia de Dios, del padre Lawrence, un fraile carmelita del siglo XVII, su respuesta a un periodista que le pregunt\u00f3 hace poco qu\u00e9 pod\u00eda leer para comprender qui\u00e9n es Robert Prevost. <\/p>\n<p class=\"\">El otro asunto de inter\u00e9s planteado por los medios de lengua espa\u00f1ola ha sido su agenda de viajes. Le\u00f3n XVI ha confirmado algo que hasta ahora era un rumor: su pr\u00f3xima visita internacional ser\u00e1 a Argelia, aunque no ha precisado la fecha. Luego tambi\u00e9n aprovechar\u00e1 para hacer etapas en otros pa\u00edses africanos, que tampoco ha especificado, aunque se habla de Camer\u00fan. \u201cPersonalmente, espero ir a Argelia para visitar los lugares de la vida de <a href=\"https:\/\/elpais.com\/internacional\/2025-05-12\/los-agustinos-la-orden-del-nuevo-papa-que-vive-de-la-caridad-y-defiende-una-iglesia-mas-universal.html\" target=\"_self\" rel=\"nofollow noopener\" title=\"https:\/\/elpais.com\/internacional\/2025-05-12\/los-agustinos-la-orden-del-nuevo-papa-que-vive-de-la-caridad-y-defiende-una-iglesia-mas-universal.html\">San Agust\u00edn<\/a>. Tambi\u00e9n para continuar el di\u00e1logo, la construcci\u00f3n de puentes entre el mundo cristiano y el musulm\u00e1n\u201d, ha explicado el Pont\u00edfice, que pertenece a la orden de los agustinos. Ha a\u00f1adido que en Argelia \u201cla figura de San Agust\u00edn ayuda mucho, porque es muy respetado, como hijo de la patria\u201d.<\/p>\n<p class=\"\">En cuanto a otro viaje del que se habla para los pr\u00f3ximos meses, a Am\u00e9rica Latina, ha aclarado que \u201cel proyecto no est\u00e1 decidido\u201d y ser\u00eda en todo caso en 2026 o 2027. \u201cEstamos viendo\u201d, ha dicho. \u201cEvidentemente, me gustar\u00eda mucho visitar Am\u00e9rica Latina. Argentina y Uruguay, que estaban esperando la visita del Papa. Per\u00fa, donde creo que me recibir\u00e1n tambi\u00e9n, y si voy a Per\u00fa, tambi\u00e9n a otros pa\u00edses vecinos\u201d, adelant\u00f3.<\/p>\n<p class=\"\">A una pregunta sobre los cat\u00f3licos europeos que pueden ver el islam como una amenaza, el Papa ha replicado que \u201cen Europa hay muchas veces miedos, generados por gente que est\u00e1 contra la inmigraci\u00f3n y trata de mantener fuera a personas de otros pa\u00edses, de otra religi\u00f3n, de otra raza\u201d. Contra eso, ha se\u00f1alado el mensaje principal de este <a href=\"https:\/\/elpais.com\/internacional\/2025-11-27\/el-viaje-del-papa-leon-xiv-a-turquia-en-imagenes.html\" target=\"_self\" rel=\"nofollow noopener\" title=\"https:\/\/elpais.com\/internacional\/2025-11-27\/el-viaje-del-papa-leon-xiv-a-turquia-en-imagenes.html\">viaje a Turqu\u00eda y L\u00edbano<\/a>, la convivencia y el respeto entre las diferentes confesiones religiosas: \u201cUno de los valores de este viaje es llamar la atenci\u00f3n al mundo, a la posibilidad de que el di\u00e1logo y la amistad entre cristianos y musulmanes es posible\u201d.<\/p>\n<p>Trabajo detr\u00e1s de bastidores<\/p>\n<p class=\"\">Le\u00f3n XIV, que ha respondido en ingl\u00e9s, espa\u00f1ol e italiano, tambi\u00e9n ha admitido que tanto en Turqu\u00eda como L\u00edbano ha mantenido encuentros con personalidades \u201cque representan en realidad a autoridades pol\u00edticas, personas o grupos que tienen que ver con los conflictos internos y tambi\u00e9n internacionales de la regi\u00f3n\u201d. \u201cNuestro trabajo principalmente no es una cosa p\u00fablica, que hablamos por la calle, sino detr\u00e1s de bastidores. Es una cosa que ya hemos hecho y seguiremos haciendo, para intentar convencer a las partes a dejar las armas y la violencia y venir juntos a la mesa de di\u00e1logo\u201d, ha explicado. <\/p>\n<p class=\"\">En concreto, Prevost ha confirmado que conoci\u00f3 el mensaje que le dirigi\u00f3 la milicia chi\u00ed y proiran\u00ed <a href=\"https:\/\/elpais.com\/internacional\/2025-12-02\/el-papa-pide-a-israel-el-cese-de-los-ataques-en-libano-y-a-hezbola-el-fin-de-la-lucha-armada.html\" target=\"_self\" rel=\"nofollow noopener\" title=\"https:\/\/elpais.com\/internacional\/2025-12-02\/el-papa-pide-a-israel-el-cese-de-los-ataques-en-libano-y-a-hezbola-el-fin-de-la-lucha-armada.html\">Hezbol\u00e1<\/a> antes de su llegada a L\u00edbano, pero no quiso revelar el contenido de sus conversaciones en su encuentro el lunes con uno de los l\u00edderes chi\u00edes libaneses. \u201cEvidentemente, por parte de la Iglesia est\u00e1 la propuesta de que dejen las armas, porque buscamos el di\u00e1logo, pero m\u00e1s de esto no puedo decir\u201d, ha resumido.<\/p>\n<p class=\"\">El Pont\u00edfice tambi\u00e9n ha defendido el protagonismo de Europa en las negociaciones de paz en la guerra de <a href=\"https:\/\/elpais.com\/internacional\/2025-05-25\/ucrania-recibe-a-leon-xiv-como-un-aliado-tras-los-encontronazos-con-francisco.html\" target=\"_self\" rel=\"nofollow noopener\" title=\"https:\/\/elpais.com\/internacional\/2025-05-25\/ucrania-recibe-a-leon-xiv-como-un-aliado-tras-los-encontronazos-con-francisco.html\">Ucrania<\/a>, en referencia al plan propuesto por Donald Trump: \u201cEs evidente que el presidente de los Estados Unidos piensa que puede promover un plan de paz y que al menos en un primer momento ha sido sin Europa. Pero la presencia de Europa, de hecho, es importante, y esa primera propuesta ha sido modificada, tambi\u00e9n por lo que Europa estaba diciendo\u201d, ha se\u00f1alado. <\/p>\n<p class=\"\">M\u00e1s concretamente, Le\u00f3n XIV ha subrayado el papel que puede desempe\u00f1ar Italia como mediadora, algo que probablemente ser\u00e1 del agrado de la primera ministra, Giorgia Meloni: \u201cCreo que Italia podr\u00eda ser muy importante precisamente porque culturalmente, hist\u00f3ricamente, tiene una capacidad para ser intermediaria en medio de un conflicto\u201d. En ese sentido, a\u00f1adi\u00f3 que la Santa Sede \u201cpueda alentar este tipo de mediaci\u00f3n\u201d para buscar una soluci\u00f3n de paz en Ucrania.<\/p>\n","protected":false},"excerpt":{"rendered":"El Papa ha expresado este martes una posici\u00f3n contraria a Donald Trump y ha reprobado cualquier operaci\u00f3n violenta&hellip;\n","protected":false},"author":2,"featured_media":267595,"comment_status":"","ping_status":"","sticky":false,"template":"","format":"standard","meta":{"footnotes":""},"categories":[42],"tags":[5390,17,18,38664,352,629,13,14,11,401,61,62,63,64,19,20,13831,9,1194,10,15,16,12629,400,12,21,22,1192,65,66,67],"class_list":{"0":"post-267594","1":"post","2":"type-post","3":"status-publish","4":"format-standard","5":"has-post-thumbnail","7":"category-internacional","8":"tag-argelia","9":"tag-breaking-news","10":"tag-breakingnews","11":"tag-ciudad-del-vaticano","12":"tag-donald-trump","13":"tag-estados-unidos","14":"tag-featured-news","15":"tag-featurednews","16":"tag-headlines","17":"tag-iglesia-catolica","18":"tag-internacional","19":"tag-international","20":"tag-international-news","21":"tag-internationalnews","22":"tag-latest-news","23":"tag-latestnews","24":"tag-libano","25":"tag-news","26":"tag-nicolas-maduro","27":"tag-noticias","28":"tag-noticias-destacadas","29":"tag-noticiasdestacadas","30":"tag-papa","31":"tag-papa-leon-xiv","32":"tag-titulares","33":"tag-ultimas-noticias","34":"tag-ultimasnoticias","35":"tag-venezuela","36":"tag-world","37":"tag-world-news","38":"tag-worldnews"},"share_on_mastodon":{"url":"","error":"Validation failed: Text character limit of 500 exceeded"},"_links":{"self":[{"href":"https:\/\/www.europesays.com\/es\/wp-json\/wp\/v2\/posts\/267594","targetHints":{"allow":["GET"]}}],"collection":[{"href":"https:\/\/www.europesays.com\/es\/wp-json\/wp\/v2\/posts"}],"about":[{"href":"https:\/\/www.europesays.com\/es\/wp-json\/wp\/v2\/types\/post"}],"author":[{"embeddable":true,"href":"https:\/\/www.europesays.com\/es\/wp-json\/wp\/v2\/users\/2"}],"replies":[{"embeddable":true,"href":"https:\/\/www.europesays.com\/es\/wp-json\/wp\/v2\/comments?post=267594"}],"version-history":[{"count":0,"href":"https:\/\/www.europesays.com\/es\/wp-json\/wp\/v2\/posts\/267594\/revisions"}],"wp:featuredmedia":[{"embeddable":true,"href":"https:\/\/www.europesays.com\/es\/wp-json\/wp\/v2\/media\/267595"}],"wp:attachment":[{"href":"https:\/\/www.europesays.com\/es\/wp-json\/wp\/v2\/media?parent=267594"}],"wp:term":[{"taxonomy":"category","embeddable":true,"href":"https:\/\/www.europesays.com\/es\/wp-json\/wp\/v2\/categories?post=267594"},{"taxonomy":"post_tag","embeddable":true,"href":"https:\/\/www.europesays.com\/es\/wp-json\/wp\/v2\/tags?post=267594"}],"curies":[{"name":"wp","href":"https:\/\/api.w.org\/{rel}","templated":true}]}}