{"id":267596,"date":"2025-12-02T17:52:11","date_gmt":"2025-12-02T17:52:11","guid":{"rendered":"https:\/\/www.europesays.com\/es\/267596\/"},"modified":"2025-12-02T17:52:11","modified_gmt":"2025-12-02T17:52:11","slug":"16-estudiantes-elianeros-galardonados-por-su-excelencia-academica","status":"publish","type":"post","link":"https:\/\/www.europesays.com\/es\/267596\/","title":{"rendered":"16 estudiantes elianeros galardonados por su excelencia acad\u00e9mica"},"content":{"rendered":"<p class=\"text-align-justify\">El Ayuntamiento de l\u2019Eliana ha celebrado este lunes, en el Sal\u00f3n de Plenos, el acto de reconocimiento al alumnado del municipio distinguido con los Premios Extraordinarios al Rendimiento Acad\u00e9mico 2024\/2025, otorgados por la Conselleria de Educaci\u00f3n. Un total de 16 estudiantes elianeros de 7 centros educativos, con edades comprendidas entre los 10 y los 16 a\u00f1os, han recibido el galard\u00f3n que premia la excelencia, la constancia y el compromiso con el aprendizaje.<\/p>\n<blockquote>\n<p class=\"text-align-justify\">El alcalde, Salva Torrent, ha subrayado en la recepci\u00f3n la apuesta del Ayuntamiento por visibilizar el talento y la dedicaci\u00f3n de los j\u00f3venes del municipio. Adem\u00e1s, ha recordado que \u201cl\u2019Eliana es una Ciudad Educadora\u201d, y ha agradecido la labor de las familias, docentes y equipos directivos, piezas esenciales en el camino de acompa\u00f1amiento.<\/p>\n<\/blockquote>\n<p class=\"text-align-justify\">Estos reconocimientos se conceden a alumnado que ha completado con resultados excelentes el tercer ciclo de Primaria \u20145\u00ba y 6\u00ba\u2014, as\u00ed como a quienes han finalizado 4\u00ba de ESO con una media igual o superior a 9,25 puntos, que hayan sido propuestos por su centro educativo. La distinci\u00f3n formar\u00e1 parte del expediente acad\u00e9mico del alumnado y ser\u00e1 entregada tambi\u00e9n en el acto oficial de la Generalitat previsto, como es habitual, entre los meses de febrero y marzo.<\/p>\n","protected":false},"excerpt":{"rendered":"El Ayuntamiento de l\u2019Eliana ha celebrado este lunes, en el Sal\u00f3n de Plenos, el acto de reconocimiento al&hellip;\n","protected":false},"author":2,"featured_media":267597,"comment_status":"","ping_status":"","sticky":false,"template":"","format":"standard","meta":{"footnotes":""},"categories":[8],"tags":[17,18,25,24,13,14,11,19,20,9,10,15,16,23,12,21,22],"class_list":{"0":"post-267596","1":"post","2":"type-post","3":"status-publish","4":"format-standard","5":"has-post-thumbnail","7":"category-espana","8":"tag-breaking-news","9":"tag-breakingnews","10":"tag-es","11":"tag-espana","12":"tag-featured-news","13":"tag-featurednews","14":"tag-headlines","15":"tag-latest-news","16":"tag-latestnews","17":"tag-news","18":"tag-noticias","19":"tag-noticias-destacadas","20":"tag-noticiasdestacadas","21":"tag-spain","22":"tag-titulares","23":"tag-ultimas-noticias","24":"tag-ultimasnoticias"},"share_on_mastodon":{"url":"https:\/\/pubeurope.com\/@es\/115651251095291569","error":""},"_links":{"self":[{"href":"https:\/\/www.europesays.com\/es\/wp-json\/wp\/v2\/posts\/267596","targetHints":{"allow":["GET"]}}],"collection":[{"href":"https:\/\/www.europesays.com\/es\/wp-json\/wp\/v2\/posts"}],"about":[{"href":"https:\/\/www.europesays.com\/es\/wp-json\/wp\/v2\/types\/post"}],"author":[{"embeddable":true,"href":"https:\/\/www.europesays.com\/es\/wp-json\/wp\/v2\/users\/2"}],"replies":[{"embeddable":true,"href":"https:\/\/www.europesays.com\/es\/wp-json\/wp\/v2\/comments?post=267596"}],"version-history":[{"count":0,"href":"https:\/\/www.europesays.com\/es\/wp-json\/wp\/v2\/posts\/267596\/revisions"}],"wp:featuredmedia":[{"embeddable":true,"href":"https:\/\/www.europesays.com\/es\/wp-json\/wp\/v2\/media\/267597"}],"wp:attachment":[{"href":"https:\/\/www.europesays.com\/es\/wp-json\/wp\/v2\/media?parent=267596"}],"wp:term":[{"taxonomy":"category","embeddable":true,"href":"https:\/\/www.europesays.com\/es\/wp-json\/wp\/v2\/categories?post=267596"},{"taxonomy":"post_tag","embeddable":true,"href":"https:\/\/www.europesays.com\/es\/wp-json\/wp\/v2\/tags?post=267596"}],"curies":[{"name":"wp","href":"https:\/\/api.w.org\/{rel}","templated":true}]}}