{"id":267598,"date":"2025-12-02T17:53:12","date_gmt":"2025-12-02T17:53:12","guid":{"rendered":"https:\/\/www.europesays.com\/es\/267598\/"},"modified":"2025-12-02T17:53:12","modified_gmt":"2025-12-02T17:53:12","slug":"el-ayuntamiento-y-la-hermandad-de-nuestra-senora-de-gracia-de-gelves-presentan-su-xiv-belen-viviente-teatralizado-para-los-dias-13-y-14-de-diciembre","status":"publish","type":"post","link":"https:\/\/www.europesays.com\/es\/267598\/","title":{"rendered":"El Ayuntamiento y la Hermandad de Nuestra Se\u00f1ora de Gracia de Gelves presentan su XIV Bel\u00e9n Viviente Teatralizado para los d\u00edas 13 y 14 de diciembre"},"content":{"rendered":"<p align=\"justify\">La Casa de la Provincia de la Diputaci\u00f3n ha acogido la presentaci\u00f3n del XIV Bel\u00e9n Viviente Teatralizado de Gelves, organizado un a\u00f1o m\u00e1s por la Hermandad de Nuestra Se\u00f1ora de Gracia en colaboraci\u00f3n con el Ayuntamiento del municipio sevillano. En el acto han intervenido Isabel Garc\u00eda Cardoso, delegada de Turismo; Rafael Garc\u00eda Villa, delegado de Fiestas Mayores y Eva Le\u00f3n Cruz, hermana mayor de la Hermandad.<\/p>\n<p align=\"justify\">\u00a0<\/p>\n<p align=\"justify\">Como ya es tradici\u00f3n, el Parque Municipal del Pandero se transformar\u00e1 los d\u00edas <strong>13 y 14 de diciembre<\/strong> en un peque\u00f1o rinc\u00f3n de Judea, donde 17 escenas b\u00edblicas cobrar\u00e1n vida gracias a la participaci\u00f3n de casi 90 vecinos y vecinas, la mayor\u00eda ni\u00f1os y ni\u00f1as, junto a animales de granja que aportan un encanto especial. El d\u00eda 15 estar\u00e1 dedicado a la visita de escolares de la zona, acercando la historia del Nacimiento a los m\u00e1s peque\u00f1os.<\/p>\n<p align=\"justify\">\u00a0<\/p>\n<p align=\"justify\">Adem\u00e1s de su valor cultural y tur\u00edstico -destacado por su inclusi\u00f3n como pieza clave en el Programa de Navidad municipal-, el Bel\u00e9n mantiene un importante compromiso solidario: parte de la recaudaci\u00f3n volver\u00e1 a destinarse a C\u00e1ritas Parroquiales y Regina Mundi.<\/p>\n<p align=\"justify\">\u00a0<\/p>\n<p align=\"justify\">Durante la presentaci\u00f3n, Rafael Garc\u00eda ha expresado su agradecimiento a la Casa de la Provincia por su hospitalidad, y a la Hermandad de Gracia por su constante dedicaci\u00f3n: \u201cCada a\u00f1o logran que este Bel\u00e9n sea a\u00fan m\u00e1s especial, incorporando novedades que atraen a un p\u00fablico creciente de toda la provincia\u201d.<\/p>\n<p align=\"justify\">\u00a0<\/p>\n<p align=\"justify\">Por su parte, Isabel Garc\u00eda ha subrayado la relevancia tur\u00edstica y econ\u00f3mica de esta iniciativa navide\u00f1a, defini\u00e9ndola como \u201cel mejor bel\u00e9n de la provincia de Sevilla\u201d, y poniendo en valor su car\u00e1cter solidario, ya convertido en una se\u00f1a de identidad.<\/p>\n<p align=\"justify\">\u00a0<\/p>\n<p align=\"justify\">Asimismo, Eva Le\u00f3n ha destacado la ilusi\u00f3n con la que preparan cada edici\u00f3n, asegurando que este proyecto es el m\u00e1s significativo para la hermandad, no solo por su dimensi\u00f3n cultural, sino por la labor caritativa que permite sostener a\u00f1o tras a\u00f1o. Tambi\u00e9n ha subrayado el aumento de ni\u00f1os y ni\u00f1as que participan, \u201caportando frescura y alegr\u00eda a cada escena\u201d.<\/p>\n<p align=\"justify\">\u00a0<\/p>\n<p align=\"justify\">El Bel\u00e9n abrir\u00e1 en horario de <strong>12:00 a 14:00h y de 16:00 a 18:00h<\/strong>, con un precio simb\u00f3lico de <strong>2,50\u20ac.<\/strong> Gu\u00edas especializados acompa\u00f1ar\u00e1n a los visitantes durante un recorrido de aproximadamente 40 minutos. Al finalizar, la Hermandad ofrecer\u00e1 sabores tradicionales de la Navidad: guisos caseros al mediod\u00eda, y por la tarde los imprescindibles bu\u00f1uelos, churros y dulces artesanos acompa\u00f1ados de chocolate caliente o caf\u00e9, todo a precios populares.<\/p>\n<p align=\"justify\">La organizaci\u00f3n ha recordado que junto al parque hay una amplia zona de aparcamiento y que el transporte p\u00fablico dispone de paradas muy pr\u00f3ximas.<\/p>\n<p align=\"justify\">\u00a0<\/p>\n<p align=\"justify\">VALOR A\u00d1ADIDO EN LA PROPUESTA NAVIDE\u00d1A<\/p>\n<p align=\"justify\">\u00a0<\/p>\n<p align=\"justify\">Seg\u00fan se ha adelantado en la presentaci\u00f3n, esta edici\u00f3n incorpora elementos originales que har\u00e1n la experiencia a\u00fan m\u00e1s entra\u00f1able. Los visitantes podr\u00e1n \u201cempadronarse\u201d simb\u00f3licamente en \u201cGelduba\u201d, recuperando el nombre hist\u00f3rico del municipio. Adem\u00e1s, el recorrido de 2025 incluir\u00e1 nuevas escenas, decorados y personajes, con especial protagonismo para el Nacimiento de Jes\u00fas. La entrada seguir\u00e1 realiz\u00e1ndose por el lateral del parque cercano al instituto.<\/p>\n<p align=\"justify\">\u00a0<\/p>\n<p align=\"justify\">Eva Le\u00f3n ha incidido en que el objetivo es que cada edici\u00f3n resulte \u00fanica. \u201cQueremos que el p\u00fablico sienta que vive una experiencia diferente cada a\u00f1o, por eso cuidamos tanto los decorados, los di\u00e1logos y los trajes\u201d. Asimismo, ha destacado la popular t\u00f3mbola solidaria, organizada con la ayuda de voluntarios y comercios locales.<\/p>\n<p align=\"justify\">\u00a0<\/p>\n<p align=\"justify\">Con esta presentaci\u00f3n, Gelves enciende simb\u00f3licamente la luz de la Navidad y abre sus puertas a una de las representaciones m\u00e1s esperadas y entra\u00f1ables del calendario festivo provincial.<\/p>\n<p align=\"justify\">\u00a0<\/p>\n","protected":false},"excerpt":{"rendered":"La Casa de la Provincia de la Diputaci\u00f3n ha acogido la presentaci\u00f3n del XIV Bel\u00e9n Viviente Teatralizado de&hellip;\n","protected":false},"author":2,"featured_media":267599,"comment_status":"","ping_status":"","sticky":false,"template":"","format":"standard","meta":{"footnotes":""},"categories":[5],"tags":[17,18,25,24,13,14,11,19,20,9,10,15,16,23,12,21,22],"class_list":{"0":"post-267598","1":"post","2":"type-post","3":"status-publish","4":"format-standard","5":"has-post-thumbnail","7":"category-titulares","8":"tag-breaking-news","9":"tag-breakingnews","10":"tag-es","11":"tag-espana","12":"tag-featured-news","13":"tag-featurednews","14":"tag-headlines","15":"tag-latest-news","16":"tag-latestnews","17":"tag-news","18":"tag-noticias","19":"tag-noticias-destacadas","20":"tag-noticiasdestacadas","21":"tag-spain","22":"tag-titulares","23":"tag-ultimas-noticias","24":"tag-ultimasnoticias"},"share_on_mastodon":{"url":"https:\/\/pubeurope.com\/@es\/115651254895081547","error":""},"_links":{"self":[{"href":"https:\/\/www.europesays.com\/es\/wp-json\/wp\/v2\/posts\/267598","targetHints":{"allow":["GET"]}}],"collection":[{"href":"https:\/\/www.europesays.com\/es\/wp-json\/wp\/v2\/posts"}],"about":[{"href":"https:\/\/www.europesays.com\/es\/wp-json\/wp\/v2\/types\/post"}],"author":[{"embeddable":true,"href":"https:\/\/www.europesays.com\/es\/wp-json\/wp\/v2\/users\/2"}],"replies":[{"embeddable":true,"href":"https:\/\/www.europesays.com\/es\/wp-json\/wp\/v2\/comments?post=267598"}],"version-history":[{"count":0,"href":"https:\/\/www.europesays.com\/es\/wp-json\/wp\/v2\/posts\/267598\/revisions"}],"wp:featuredmedia":[{"embeddable":true,"href":"https:\/\/www.europesays.com\/es\/wp-json\/wp\/v2\/media\/267599"}],"wp:attachment":[{"href":"https:\/\/www.europesays.com\/es\/wp-json\/wp\/v2\/media?parent=267598"}],"wp:term":[{"taxonomy":"category","embeddable":true,"href":"https:\/\/www.europesays.com\/es\/wp-json\/wp\/v2\/categories?post=267598"},{"taxonomy":"post_tag","embeddable":true,"href":"https:\/\/www.europesays.com\/es\/wp-json\/wp\/v2\/tags?post=267598"}],"curies":[{"name":"wp","href":"https:\/\/api.w.org\/{rel}","templated":true}]}}