{"id":267612,"date":"2025-12-02T18:04:11","date_gmt":"2025-12-02T18:04:11","guid":{"rendered":"https:\/\/www.europesays.com\/es\/267612\/"},"modified":"2025-12-02T18:04:11","modified_gmt":"2025-12-02T18:04:11","slug":"bibliotecas-cafeterias-y-una-galeria-de-arte-para-el-acueducto-de-amaniel-asi-es-el-primer-premio-de-suena-madrid","status":"publish","type":"post","link":"https:\/\/www.europesays.com\/es\/267612\/","title":{"rendered":"Bibliotecas, cafeter\u00edas y una galer\u00eda de arte para el acueducto de Amaniel: as\u00ed es el primer premio de Sue\u00f1a Madrid"},"content":{"rendered":"<p class=\"article-text\">\n        El concurso de ideas Sue\u00f1a Madrid 2025 ya tiene resoluci\u00f3n final y tambi\u00e9n ganadoras. El Ayuntamiento presentaba este martes los resultados de una competici\u00f3n municipal destinada a recopilar ideas sobre ocho espacios urbanos con posibilidad de mejora y que naci\u00f3 el pasado verano con cr\u00edticas de colegios profesionales y urbanistas por considerar que los premios contemplados eran \u201cpecarios\u201d.\n    <\/p>\n<p>    <a href=\"https:\/\/www.eldiario.es\/madrid\/somos\/tetuan\/asociaciones-vecinales-operacion-urbanistica-soterre-trafico-plaza-castilla-no-prioridad_1_12576122.html\" data-mrf-recirculation=\"saber-mas\" data-dl-event=\"saber-mas\" rel=\"nofollow noopener\" target=\"_blank\"><\/p>\n<p class=\"know-more__title\">Asociaciones vecinales, en contra de una operaci\u00f3n urban\u00edstica que soterre el tr\u00e1fico en Plaza Castilla: \u00abNo es una prioridad\u00bb<\/p>\n<p>            <img decoding=\"async\" class=\"lazy\" loading=\"lazy\" data-src=\"https:\/\/static.eldiario.es\/clip\/b81d9a97-72d0-4b66-b597-77b34855ae68_16-9-aspect-ratio_default_0_x316y345.jpg\" src=\"data:image\/svg+xml,%3Csvg xmlns=\" http:=\"\" viewbox=\"0 0 880 495\" alt=\"Asociaciones vecinales, en contra de una operaci\u00f3n urban\u00edstica que soterre el tr\u00e1fico en Plaza Castilla: &quot;No es una prioridad&quot;\"\/><\/p>\n<p>                        <\/a><\/p>\n<p class=\"article-text\">\n        El \u00e1rea de Urbanismo defendi\u00f3 que el concurso buscaba ideas j\u00f3venes, de estudiantes o reci\u00e9n titulados, y eso es lo que ha acabado premiando. El primer puesto se lo han llevado para Nina Elizabeth Mendez-Bisgaard y Maximiliam Stjernstrom, estudiantes del\u00a0Grado en Fundamentos de la Arquitectura en la Universidad Europea de Madrid. Su proyecto, Amaniel Vivo, busca transformar el actual acueducto que discurre por el barrio de Bellas Vistas.\n    <\/p>\n<p class=\"article-text\">\n        Dotado con 3.000 euros de premio, el considerado por el jurado del certamen como mejor proyecto propone reactivar el parque y el acueducto hist\u00f3rico con la creaci\u00f3n de \u201cun corredor ecol\u00f3gico y social que recupere su valor urbano\u201d. Para ello plantean eliminar viales en desuso y reestructurar el espacio con vegetaci\u00f3n aut\u00f3ctona, \u00e1reas de descanso y recorridos peatonales.\n    <\/p>\n<p class=\"article-text\">\n        Bajo los arcos plantean situar espacios culturales y comerciales ligeros como bibliotecas, peque\u00f1as galer\u00edas o cafeter\u00edas, \u201ccapaces de atraer y dar servicio a los vecinos de Bellas Vistas\u201d. Sobre este paisaje, una serie de plataformas de madera laminada se elevan en paralelo al acueducto para dar sombra, espacios de actividades y miradores hacia la ciudad. \u201cAmaniel Vivo transforma un antiguo canal de agua en una infraestructura viva que une historia, naturaleza y comunidad\u201d, concluyen.\n    <\/p>\n<p>            <img decoding=\"async\" class=\"lazy\" loading=\"lazy\" data-src=\"https:\/\/static.eldiario.es\/clip\/6f746fef-1284-4548-aacc-ec3144a85bcb_16-9-discover-aspect-ratio_default_0.jpg\" src=\"data:image\/svg+xml,%3Csvg xmlns=\" http:=\"\" viewbox=\"0 0 1200 675\" alt=\"Recreaci\u00f3n de las plataformas del proyecto ganador de Sue\u00f1a Madrid\"\/><\/p>\n<p>            <img decoding=\"async\" class=\"lazy\" loading=\"lazy\" data-src=\"https:\/\/static.eldiario.es\/clip\/e03fe30d-33e2-4988-a1a6-3ea2f7de14be_source-aspect-ratio_default_0.jpg\" src=\"data:image\/svg+xml,%3Csvg xmlns=\" http:=\"\" viewbox=\"0 0 1497 641\" alt=\"Distribuci\u00f3n de usos en los arcos del acueducto\"\/><\/p>\n<p class=\"article-text\">\n        Sof\u00eda Mu\u00f1oz Montero y Natalia D\u00edaz Amate, estudiantes de Arquitectura en la Universidad de Granada, han sido reconocidas con el segundo premio, de 2.000 euros, por Ra\u00edces de Agua, dise\u00f1ado para el entorno de plaza de Castilla. En su caso, plantean un recorrido peatonal elevado sobre parte de la rotonda de la plaza, enlazando sobre la carretera la zona del intercambiador con la de la calle Agust\u00edn de Flox\u00e1, la avenida de Asturias y el parque del Canal de Isabel II.\n    <\/p>\n<p class=\"article-text\">\n        \u201cEl agua, recogida y almacenada bajo el parque, se convierte en el motor del proyecto: genera topograf\u00eda, define recorridos y nutre la vegetaci\u00f3n. Sobre esta base, un parque continuo pensado para el peat\u00f3n mejora las conexiones f\u00edsicas entre los distintos puntos clave del entorno, poniendo en valor los recorridos que enlazan la historia del lugar con elementos como el Cuarto Dep\u00f3sito. A su vez, este articula espacios de estancia y movimeinto, donde surgen plazas en distintos niveles [elevadas, intermedias o deprimidas] que invitan a evadirse del ruido y reconectar con la naturaleza, la memoria urbana y el skyline de Madrid\u201d, dicen en su exposici\u00f3n.\n    <\/p>\n<p>            <img decoding=\"async\" class=\"lazy\" loading=\"lazy\" data-src=\"https:\/\/static.eldiario.es\/clip\/dbca44de-273f-4130-b5dd-6506ad2bb7ab_source-aspect-ratio_default_0.jpg\" src=\"data:image\/svg+xml,%3Csvg xmlns=\" http:=\"\" viewbox=\"0 0 1028 674\" alt=\"Secci\u00f3n transversal de la idea para Plaza de Castilla\"\/><\/p>\n<p>            <img decoding=\"async\" class=\"lazy\" loading=\"lazy\" data-src=\"https:\/\/static.eldiario.es\/clip\/e992ea69-db1c-403a-8481-d6ccb369bed5_source-aspect-ratio_default_0.jpg\" src=\"data:image\/svg+xml,%3Csvg xmlns=\" http:=\"\" viewbox=\"0 0 852 1024\" alt=\"Dise\u00f1o de parte de la idea para Plaza de Castilla\"\/><\/p>\n<p class=\"article-text\">\n        Elena Mar\u00eda Arenas Moure, con estudios finalizados en la Escuela T\u00e9cnica Superior de Arquitectura de Madrid (ETSAM), ha recibido el tercer premio, de 1.000 euros, por El Huerto de Antonio, sobre un solar de la calle Antonio L\u00f3pez. Su apuesta es por la de dar continuidad a las construcciones paralelas a Madrid R\u00edo con estructuras para crear un refugio clim\u00e1tico en un espacio municipal ahora yermo, a la altura del n\u00famero 27.\n    <\/p>\n<p class=\"article-text\">\n        As\u00ed describen su propuesta: \u201cEn momentos de escasez del siglo pasado las orillas del Manzanares acogieron diversos usos agr\u00edcolas como medio de subsistencia. La creciente acci\u00f3n urbanizadora fue haciendo desaparecer estos huertos de emergencia que sin embargo, a d\u00eda de hoy en pleno siglo XXI, vuelven a poder recuperar una importante funci\u00f3n social en la ciudad. El Huerto de Antonio pretende recuperar el protagonismo del huerto en la ciudad, fomentando la comunidad, la integraci\u00f3n social y la educaci\u00f3n ambiental, promoviendo la biodiversidad y mejorando la calidad del aire del barrio. Un huerto cero en emisiones y consumo de agua y energ\u00eda al autoabastecerse con la energ\u00eda el\u00e9ctrica generada por el sol y el ejercicio de las personas y el agua recuperada de la lluvia\u201d.\n    <\/p>\n<p>            <img decoding=\"async\" class=\"lazy\" loading=\"lazy\" data-src=\"https:\/\/static.eldiario.es\/clip\/3711b5e2-d890-4a28-9e59-4dfa4e65b4e7_source-aspect-ratio_default_0.jpg\" src=\"data:image\/svg+xml,%3Csvg xmlns=\" http:=\"\" viewbox=\"0 0 700 700\" alt=\"Recreaci\u00f3n del proyecto para el solar de Antonio L\u00f3pez\"\/><\/p>\n<p class=\"article-text\">\n        Este martes, despu\u00e9s de la ceremonia de entrega de premios en el centro cultural San Francisco La Prensa, se inaugur\u00f3 una exposici\u00f3n con los 56 paneles de los proyectos valorados, que estar\u00e1 abierta al p\u00fablico hasta el 17 de diciembre. Despu\u00e9s, se convertir\u00e1 en una muestra itinerante por los siete distritos objeto del concurso: Carabanchel, Chamart\u00edn, Fuencarral-El Pardo, Hortaleza, Latina, San Blas-Canillejas y Tetu\u00e1n. Seg\u00fan el consistorio, la exhibici\u00f3n ofrece una magn\u00edfica oportunidad para que los ciudadanos descubran de cerca las visiones y proyectos que estos j\u00f3venes han dise\u00f1ado para la transformaci\u00f3n de Madrid. \u201cEs una celebraci\u00f3n del talento joven y la creatividad de los futuros urbanistas, cuyos sue\u00f1os aportan ideas reales y valiosas para construir el Madrid del futuro\u201d, afirma en nota de prensa.\n    <\/p>\n<p class=\"article-text\">\n        El jurado de los premios, presidido por el delegado de Urbanismo, Medio Ambiente y Movilidad, ha estado compuesto por un miembro del Consejo Asesor Urban\u00edstico, Carlos Rubio Carvajal; la directora general de la Oficina de la Estrategia Urbana 360, Myriam Peon, y tres t\u00e9cnicos de la Oficina General del Plan General. Se ha valorado la calidad de los trabajos presentados, su car\u00e1cter innovador y creatividad, la relaci\u00f3n de la propuesta con los retos de ciudad y su adecuaci\u00f3n y coherencia a los emplazamientos propuestos.\n    <\/p>\n<p>    <a href=\"https:\/\/www.eldiario.es\/madrid\/somos\/ultimo-sueno-ciudadano-pesadilla-precaria-indignacion-urbanistas-madrid-concurso-ayuntamiento_1_12461628.html\" data-mrf-recirculation=\"saber-mas-abajo\" data-dl-event=\"saber-mas-abajo\" rel=\"nofollow noopener\" target=\"_blank\"><\/p>\n<p class=\"know-more__title\">Urbanistas contra el \u201cprecario\u201d concurso de ideas lanzado por Almeida: \u201cSi repartes cacahuetes, vas a tener monos\u201d<\/p>\n<p>            <img decoding=\"async\" class=\"lazy\" loading=\"lazy\" data-src=\"https:\/\/static.eldiario.es\/clip\/8a2ae479-c98b-464e-be4e-c6dc80028644_16-9-aspect-ratio_default_0.jpg\" src=\"data:image\/svg+xml,%3Csvg xmlns=\" http:=\"\" viewbox=\"0 0 880 495\" alt=\"Urbanistas contra un &quot;precario&quot; concurso de ideas lanzado por Almeida: &quot;Si repartes cacahuetes, vas a tener monos&quot;\"\/><\/p>\n<p>                        <\/a><\/p>\n<p class=\"article-text\">\n        Los participantes plasmaron sus visiones de futuro en ocho emplazamientos clave de Madrid como <a href=\"https:\/\/www.eldiario.es\/madrid\/somos\/ayuntamiento-madrid-busca-ideas-jovenes-urbanistas-concurso-plaza-castilla-siete-espacios_1_12456733.html\" data-mrf-recirculation=\"links-noticia\" class=\"link\" rel=\"nofollow noopener\" target=\"_blank\">Oporto, Antonio L\u00f3pez, Aluche, Herrera Oria, Canillejas, La Esperanza, plaza de Castilla y Bellas Vistas<\/a>.\n    <\/p>\n<p class=\"article-text\">Recibe las noticias m\u00e1s importantes de Madrid con un bolet\u00edn escrito para ti, todos los viernes en tu correo. <a href=\"https:\/\/www.eldiario.es\/madrid\/somos\/boletin\/\" rel=\"nofollow noopener\" target=\"_blank\">Ap\u00fantate aqu\u00ed<\/a> y rec\u00edbelas junto a los mejores planes para el fin de semana. Tambi\u00e9n puedes seguirnos desde tu red social preferida, en <a href=\"https:\/\/www.facebook.com\/diariosomosmadrid\/\" target=\"_blank\" rel=\"nofollow noopener\">Facebook<\/a>, <a href=\"https:\/\/bsky.app\/profile\/somosmadrid.bsky.social\" target=\"_blank\" rel=\"nofollow noopener\">Bluesky<\/a> o <a href=\"https:\/\/www.instagram.com\/somos.madrid\/\" target=\"_blank\" rel=\"nofollow noopener\">Instagram<\/a><\/p>\n<p>                                    <script async src=\"\/\/www.instagram.com\/embed.js\"><\/script><\/p>\n","protected":false},"excerpt":{"rendered":"El concurso de ideas Sue\u00f1a Madrid 2025 ya tiene resoluci\u00f3n final y tambi\u00e9n ganadoras. El Ayuntamiento presentaba este&hellip;\n","protected":false},"author":2,"featured_media":267613,"comment_status":"","ping_status":"","sticky":false,"template":"","format":"standard","meta":{"footnotes":""},"categories":[173],"tags":[66055,66056,229,233,231,230,8286,6798,232,234,146,147,25,24,9192,205,843,977,23,5038],"class_list":{"0":"post-267612","1":"post","2":"type-post","3":"status-publish","4":"format-standard","5":"has-post-thumbnail","7":"category-arte-y-diseno","8":"tag-acueducto","9":"tag-amaniel","10":"tag-arte","11":"tag-arte-y-diseno","12":"tag-arts","13":"tag-arts-and-design","14":"tag-bibliotecas","15":"tag-cafeterias","16":"tag-design","17":"tag-diseno","18":"tag-entertainment","19":"tag-entretenimiento","20":"tag-es","21":"tag-espana","22":"tag-galeria","23":"tag-madrid","24":"tag-premio","25":"tag-primer","26":"tag-spain","27":"tag-suena"},"share_on_mastodon":{"url":"https:\/\/pubeurope.com\/@es\/115651298111773485","error":""},"_links":{"self":[{"href":"https:\/\/www.europesays.com\/es\/wp-json\/wp\/v2\/posts\/267612","targetHints":{"allow":["GET"]}}],"collection":[{"href":"https:\/\/www.europesays.com\/es\/wp-json\/wp\/v2\/posts"}],"about":[{"href":"https:\/\/www.europesays.com\/es\/wp-json\/wp\/v2\/types\/post"}],"author":[{"embeddable":true,"href":"https:\/\/www.europesays.com\/es\/wp-json\/wp\/v2\/users\/2"}],"replies":[{"embeddable":true,"href":"https:\/\/www.europesays.com\/es\/wp-json\/wp\/v2\/comments?post=267612"}],"version-history":[{"count":0,"href":"https:\/\/www.europesays.com\/es\/wp-json\/wp\/v2\/posts\/267612\/revisions"}],"wp:featuredmedia":[{"embeddable":true,"href":"https:\/\/www.europesays.com\/es\/wp-json\/wp\/v2\/media\/267613"}],"wp:attachment":[{"href":"https:\/\/www.europesays.com\/es\/wp-json\/wp\/v2\/media?parent=267612"}],"wp:term":[{"taxonomy":"category","embeddable":true,"href":"https:\/\/www.europesays.com\/es\/wp-json\/wp\/v2\/categories?post=267612"},{"taxonomy":"post_tag","embeddable":true,"href":"https:\/\/www.europesays.com\/es\/wp-json\/wp\/v2\/tags?post=267612"}],"curies":[{"name":"wp","href":"https:\/\/api.w.org\/{rel}","templated":true}]}}