{"id":267614,"date":"2025-12-02T18:06:10","date_gmt":"2025-12-02T18:06:10","guid":{"rendered":"https:\/\/www.europesays.com\/es\/267614\/"},"modified":"2025-12-02T18:06:10","modified_gmt":"2025-12-02T18:06:10","slug":"la-promesa-recibe-a-un-nuevo-personaje-que-desestabilizara-a-maria-fernandez-es-el-reencuentro-que-necesitabais-eldiario-es","status":"publish","type":"post","link":"https:\/\/www.europesays.com\/es\/267614\/","title":{"rendered":"&#039;La Promesa&#039; recibe a un nuevo personaje que desestabilizar\u00e1 a Mar\u00eda Fern\u00e1ndez: &quot;Es el reencuentro que necesitabais&quot; &#8211; elDiario.es"},"content":{"rendered":"<ol>\n<li><a href=\"https:\/\/news.google.com\/rss\/articles\/CBMi-wFBVV95cUxOdVh0VDNDVkdEOFFrQkV6WWQwc0Y0REhxUTl1bWt1dDZIZlV4ZFFXa053MFpTQk9hc0dUelAzaG5aY1MwcnZqazgxQVNyY1BUcG9JVjdubnUxT3kzRnhIcmUybGtMLTVSTGF2SFpvVDVTWDBKeUszbEh1SWRQdTlqZ3lvTzMyUXpKQWUzVkVXZjkxcDdRelBZMXdCeXhpWWN1U0g1OFpoX0IwMTFxaG1MQ3JSN2VqTlZ2MWc4a1BNWVUwdFlKR2xib2JmYjZ0WnlxTl9ITkpNbTZDdjJ6MGZEM0RKbVctRm4yTE9LemtTdVBfTDVzNER4RjRVa9IBgAJBVV95cUxOMmJPcVhTQjd4Nkw1dC00Q0lYWGRZX1lyYmExVXE4ajBxUTA5Q0ZvWWxjOXRLTFZjeHF5X19HNENtYkR3bkNUazN3QUZBWWVQa000cW5WUFBvelk2U3lhbzRuVmd3aldKbW1sZTJRalVQckQ2MXFUVEp3bllpMEtxTjlRZ1BTZ3BiTDJxZHFYWS1rQUZEd2NuZ21UUHRfdnFKWVRTUWNoSUJURXFMMHFQd3RmTHRsY28zMWhCUzVHc3hvNDBMUThkYnZjVGVLMHlsNHQwMng2eFl2b3ZPWmw2R1dVT2ltNFNLTXd1dUJ1TDBNRGh0UldQVUZ0LXBPVVpF?oc=5\" target=\"_blank\" rel=\"nofollow noopener\">&#8216;La Promesa&#8217; recibe a un nuevo personaje que desestabilizar\u00e1 a Mar\u00eda Fern\u00e1ndez: \u00abEs el reencuentro que necesitabais\u00bb<\/a>&nbsp;&nbsp;elDiario.es<\/li>\n<li><a href=\"https:\/\/news.google.com\/rss\/articles\/CBMiiAFBVV95cUxPVTktenpHYTdqUmV1eVU2RU5fUERucGUzWnZVRC1tU1o4YjlNR1FERllLSWJUWHFaRFVqUzM3OU51UjNFTlhLTEZYcXF5S3lWZ25BSFpzdExHQ24wbllqVjJsMFkxU2tTMEc5RFpZaGVtM2tFQnVsVGZBdzNlbW90a3dKTGVuY2ZZ?oc=5\" target=\"_blank\" rel=\"nofollow noopener\">Avance de &#8216;La Promesa&#8217;, cap\u00edtulo del mi\u00e9rcoles 3 de diciembre: Curro revela a Manuel su amor por \u00c1ngela<\/a>&nbsp;&nbsp;El Mundo<\/li>\n<li><a href=\"https:\/\/news.google.com\/rss\/articles\/CBMivAFBVV95cUxPbzgydktPNGttNms1Vl9rTGNmMEpFSkkyMlMtdjdSMURrc0pQZi1Td0Z3LVBidFZZVFNsa1I1YTIwZnNhMmRVbDlycm8tR05tS1JDajVkTFIwc1Y4Z0lmLWFiaVJ3WTVSeTZzOVQ1Y2NYeURTV0lqTlllelJsM282VEF0VXlfckZFcng5MEJ4YVVrdEh4MXJ4RzF0SmFTWXZLVGtpSFllNnRnWmhqVjJ0R2NPbXZWSHp1VGt0Q9IBwgFBVV95cUxQT0dTVmNoQWRfUVU2YVE5VGUyM21PcW1qSmxOTy1KUl9TdWY0amw3c2FDTnFFcS1MNHB0RzJnZ2tOeVJtek1Hak9SMXNKbFVvbFZhWkZDcFppSktKQjM5U1Z4dF9CbXpxeWIxSEwwNzR0STk4VkNRb29sWFBSUEs4RmtyaDFlbThDWmkyOW1mbXVuV3U5ZndrMXB6bmc0M0l6Sm5uSUtvV3Fkbkd1UEpzajVZZ2RfOVE3YUFCT1g2NDJFdw?oc=5\" target=\"_blank\" rel=\"nofollow noopener\">\u00abEs el reencuentro que necesitabais\u00bb: &#8216;La Promesa&#8217; da la bienvenida a un nuevo personaje que cambiar\u00e1 la vida de Mar\u00eda Fern\u00e1ndez<\/a>&nbsp;&nbsp;El Confidencial<\/li>\n<li><a href=\"https:\/\/news.google.com\/rss\/articles\/CBMixgFBVV95cUxQNXB5TEdrZy1pNDhzOGpCYUYwX2YwVk5hOHRpXzhpbE0yanBHQmZFMV9JMXBnSG9lYk13cUZFZWlCdlFobDBIX3RhYWlzOEF3eEZKbHRwdV9KLVVLdnlHYWtWOGFObk94YW5URWdEeVZFbXFFclV0MzBnOUJkNjlDU2tMTHNyWUFnX0I3QnRPb2Z1RmR3LUNzblRIZm1GV25WaGVDQlBlTDZZM05ydDdxVktwTGZlSmNGcVIzd1BDZ09md3FiZ1HSAcsBQVVfeXFMTVZGMlRpM1FINWxEbkpzZTBZM19taXFUU01CU3RkX3JqTXkzcndfcHpRclZHOVVWSUpwQ0FpUmtHMXFpemtvam5NcVlDWG9vUkNIRHJWeG0yTVFERnNTT05zUTdxN3RTajhuTEVfSkFmN3dpaVRNQlBrT1hrZ0VJVzlPd0t5X2I3SFlpdnExM19GOFpUdWZ5a2hVNFAzamphOWlOZEZfRUVZam5SUUNtX25xRGFIaURaUW0tcXNkNER0TXpaTmsxV3B2X28?oc=5\" target=\"_blank\" rel=\"nofollow noopener\">Avance del episodio 728 de &#8216;La Promesa&#8217;: Las tensiones crepitan cada vez m\u00e1s en la finca<\/a>&nbsp;&nbsp;La Vanguardia<\/li>\n<li><a href=\"https:\/\/news.google.com\/rss\/articles\/CBMi0AFBVV95cUxOeF85OUZwYmdxZDloWGtEOGVkb0c4WFZDLVJrczIzUm1MTG1kQ1cwLTNMU19jOExGMkI3aWdMdFBfZ3RoZml5VmFvdzJlc1loR3NTcUFodEltbXlrSHRMMzBRRWtBaFgtdkNIVXJGbGFJSDZuUGxPeVNDcWQweW5lQTBPZnBsSGM1eVRMaEtVb0lYMVNFYUNabTdoTFAzcXgwTFRxSTk4dk8yWlMwYUNIazhYanlWZFNJSmV6SnpCWFEwcEVsbm9oc0VUeVZ3alB10gHkAUFVX3lxTE1zM1JtWFdSV2ZWNTRacHlEcy1FZmtmTXh3VUt2VlRMYTFCTkc1VnpKRWNEajlBMy1jeUFkbG9XcnNqaXE5SFpzaDR1cFhqTTlkeFRzRW8yUmpmTTNiQnRielFSc2RMYzhGcEdjcWVCTjFCamU0bDJCU1VrMHQxY0xjR1JuTlhfUWZXbHdaZkY3am03U0RYX3FkREVUcko2dXE4Z0tKYU5BYzJCa3FGYTBPNUNHRV9KYnE4QUItZmMxc1lsMGRyY005RDhQTnB6b1ZkQ2FOSDdmX0FSSWhuSDJiMXRlag?oc=5\" target=\"_blank\" rel=\"nofollow noopener\">Avance diario de \u2018La Promesa\u2019 del cap\u00edtulo 728, del 3 de diciembre: Curro se abre con Manuel<\/a>&nbsp;&nbsp;Diario AS<\/li>\n<\/ol>\n","protected":false},"excerpt":{"rendered":"&#8216;La Promesa&#8217; recibe a un nuevo personaje que desestabilizar\u00e1 a Mar\u00eda Fern\u00e1ndez: \u00abEs el reencuentro que necesitabais\u00bb&nbsp;&nbsp;elDiario.es Avance&hellip;\n","protected":false},"author":2,"featured_media":248356,"comment_status":"","ping_status":"","sticky":false,"template":"","format":"standard","meta":{"footnotes":""},"categories":[171],"tags":[146,147,25,24,23,214],"class_list":{"0":"post-267614","1":"post","2":"type-post","3":"status-publish","4":"format-standard","5":"has-post-thumbnail","7":"category-tv","8":"tag-entertainment","9":"tag-entretenimiento","10":"tag-es","11":"tag-espana","12":"tag-spain","13":"tag-tv"},"share_on_mastodon":{"url":"https:\/\/pubeurope.com\/@es\/115651306201113748","error":""},"_links":{"self":[{"href":"https:\/\/www.europesays.com\/es\/wp-json\/wp\/v2\/posts\/267614","targetHints":{"allow":["GET"]}}],"collection":[{"href":"https:\/\/www.europesays.com\/es\/wp-json\/wp\/v2\/posts"}],"about":[{"href":"https:\/\/www.europesays.com\/es\/wp-json\/wp\/v2\/types\/post"}],"author":[{"embeddable":true,"href":"https:\/\/www.europesays.com\/es\/wp-json\/wp\/v2\/users\/2"}],"replies":[{"embeddable":true,"href":"https:\/\/www.europesays.com\/es\/wp-json\/wp\/v2\/comments?post=267614"}],"version-history":[{"count":0,"href":"https:\/\/www.europesays.com\/es\/wp-json\/wp\/v2\/posts\/267614\/revisions"}],"wp:featuredmedia":[{"embeddable":true,"href":"https:\/\/www.europesays.com\/es\/wp-json\/wp\/v2\/media\/248356"}],"wp:attachment":[{"href":"https:\/\/www.europesays.com\/es\/wp-json\/wp\/v2\/media?parent=267614"}],"wp:term":[{"taxonomy":"category","embeddable":true,"href":"https:\/\/www.europesays.com\/es\/wp-json\/wp\/v2\/categories?post=267614"},{"taxonomy":"post_tag","embeddable":true,"href":"https:\/\/www.europesays.com\/es\/wp-json\/wp\/v2\/tags?post=267614"}],"curies":[{"name":"wp","href":"https:\/\/api.w.org\/{rel}","templated":true}]}}