{"id":267617,"date":"2025-12-02T18:08:10","date_gmt":"2025-12-02T18:08:10","guid":{"rendered":"https:\/\/www.europesays.com\/es\/267617\/"},"modified":"2025-12-02T18:08:10","modified_gmt":"2025-12-02T18:08:10","slug":"es-una-de-las-mejores-frases-del-cine-y-se-ha-seguido-utilizando-durante-39-anos-pertenece-a-una-pelicula-de-culto-y-esta-disponible-en-streaming","status":"publish","type":"post","link":"https:\/\/www.europesays.com\/es\/267617\/","title":{"rendered":"Es una de las mejores frases del cine y se ha seguido utilizando durante 39 a\u00f1os. Pertenece a una pel\u00edcula de culto y est\u00e1 disponible en streaming"},"content":{"rendered":"<p>Las frases que trascienden sus propias pel\u00edculas no suelen abundar, pero cuando una lo consigue, acaba pasando a la historia y a formar parte de la memoria colectiva. Es lo que ocurri\u00f3 con el m\u00edtico lema de &#8216;<a class=\"text-outboundlink\" href=\"https:\/\/www.espinof.com\/criticas\/cine-en-el-salon-los-inmortales-para-perder-la-cabeza\" data-vars-post-title=\"Cine en el sal\u00f3n: &#039;Los inmortales&#039;, para perder la cabeza\" data-vars-post-url=\"https:\/\/www.espinof.com\/criticas\/cine-en-el-salon-los-inmortales-para-perder-la-cabeza\" rel=\"nofollow noopener\" target=\"_blank\">Los inmortales<\/a>&#8216; (1986), una pel\u00edcula que, al igual que &#8216;<a class=\"text-outboundlink\" href=\"https:\/\/www.espinof.com\/cine-clasico\/casablanca-el-gran-mito-del-cine-clasico\" data-vars-post-title=\"&#039;Casablanca&#039;, el gran mito del cine &quot;cl\u00e1sico&quot;\" data-vars-post-url=\"https:\/\/www.espinof.com\/cine-clasico\/casablanca-el-gran-mito-del-cine-clasico\" rel=\"nofollow noopener\" target=\"_blank\">Casablanca<\/a>&#8216; o &#8216;<a class=\"text-outboundlink\" href=\"https:\/\/www.espinof.com\/listas\/todas-peliculas-saga-terminator-ordenadas-peor-a-mejor\" data-vars-post-title=\"Todas las pel\u00edculas de la saga &#039;Terminator&#039; ordenadas de peor a mejor\" data-vars-post-url=\"https:\/\/www.espinof.com\/listas\/todas-peliculas-saga-terminator-ordenadas-peor-a-mejor\" rel=\"nofollow noopener\" target=\"_blank\">Terminator<\/a>&#8216; <strong>dej\u00f3 una huella indeleble en la cultura popular.<\/strong><\/p>\n<p>La saga del inmortal Connor MacLeod no solo nos regal\u00f3 una de las l\u00edneas m\u00e1s c\u00e9lebres del cine, sino que la convirti\u00f3 en un estandarte que se ha repetido hasta la saciedad. Para quienes adoran la franquicia, <strong>esta frase es mucho m\u00e1s que un gui\u00f1o nost\u00e1lgico<\/strong>: es el coraz\u00f3n de una historia que viaja entre siglos, batallas y destinos cruzados, y cuyo peso simb\u00f3lico escuchamos por primera vez apenas arranca la pel\u00edcula.<\/p>\n<p><strong>\u00abSolo puede quedar uno\u00bb<\/strong><\/p>\n<p>Tras el enfrentamiento inicial entre Russell Nash (Christopher Lambert) e Iman Fasil (Peter Diamond), la pel\u00edcula nos transporta abruptamente hasta 1536, cuando Connor MacLeod lucha junto al clan MacLeod contra los Fraser. En medio de esa batalla aparece <strong>una figura que pasar\u00eda a la historia<\/strong>: un caballero de armadura pesada, rostro parcialmente oculto y una presencia que impone mucho respeto. \u00c9l exige que nadie intervenga: quiere enfrentarse a Connor en solitario, aunque en ese momento a\u00fan no sepamos por qu\u00e9.<\/p>\n<p>    <a href=\"https:\/\/www.espinof.com\/series-de-ficcion\/highlander-serie-90-que-amplio-universo-inmortales-que-merece-pena-recuperar-antes-remake-henry-cavill\" class=\"pivot-outboundlink\" data-vars-post-title=\"&#039;Highlander&#039;, la serie de los 90 que ampli\u00f3 el universo de &#039;Los inmortales&#039; y que merece la pena recuperar antes del remake con Henry Cavill\" rel=\"nofollow noopener\" target=\"_blank\"><br \/>\n     <img loading=\"lazy\" decoding=\"async\" alt=\"'Highlander', la serie de los 90 que ampli\u00f3 el universo de 'Los inmortales' y que merece la pena recuperar antes del remake con Henry Cavill\" width=\"375\" height=\"142\" src=\"https:\/\/www.europesays.com\/es\/wp-content\/uploads\/2025\/12\/1764698890_579_375_142.jpeg\"\/><br \/>\n    <\/a><\/p>\n<p>El duelo termina muy mal para MacLeod. A punto de ser decapitado, ese misterioso guerrero pronuncia por primera vez la frase que marcar\u00e1 la saga para siempre: <strong>\u00ab<\/strong><strong>S\u00f3lo puede quedar uno\u00bb<\/strong><strong>.<\/strong> Una frase que significa mucho, porque despu\u00e9s descubrimos que los Inmortales est\u00e1n destinados a combatir entre s\u00ed hasta que solo uno sobreviva para reclamar \u00abel premio\u00bb: volverse mortal y adquirir la capacidad de leer la mente de todos los seres humanos.<\/p>\n<p>Esa figura amenazante no es otro que el Kurgan (Clancy Brown), el m\u00e1s despiadado de todos los Inmortales. Su objetivo es claro: matar a MacLeod, hacerse con \u00abel premio\u00bb y usarlo para dominar el mundo. Su proclamaci\u00f3n con <strong>esa frase no es un simple aviso, es una declaraci\u00f3n de guerra.<\/strong> Y la \u00faltima vez que se pronuncia en la pel\u00edcula es, por supuesto, cuando Connor derrota a su adversario final.<\/p>\n<p>Con el paso del tiempo, <strong>esta frase se volvi\u00f3 incluso m\u00e1s grande que las propias pel\u00edculas<\/strong>. La serie que vino despu\u00e9s, protagonizada por Adrian Paul, la repiti\u00f3 en pr\u00e1cticamente todos los episodios, reforzando su conexi\u00f3n con nuevas generaciones. Hoy es una muletilla universal, usada en competiciones deportivas, bromas entre amigos o cualquier situaci\u00f3n donde solo puede quedar un ganador. Y es posible que volvamos a escucharla en <a class=\"text-outboundlink\" href=\"https:\/\/www.espinof.com\/proyectos\/henry-cavill-protagonizara-reboot-inmortales-director-saga-john-wick\" data-vars-post-title=\"Henry Cavill protagonizar\u00e1 el reboot de &#039;Los Inmortales&#039; con el director de la saga &#039;John Wick&#039; \" data-vars-post-url=\"https:\/\/www.espinof.com\/proyectos\/henry-cavill-protagonizara-reboot-inmortales-director-saga-john-wick\" rel=\"nofollow noopener\" target=\"_blank\">la nueva versi\u00f3n<\/a> que prepara el director de &#8216;John Wick&#8217; con Henry Cavill.\u00a0Mientras esperamos, podemos volver a verla en <a rel=\"nofollow, sponsored, noopener, noreferrer\" target=\"_blank\" class=\"js-ecommerce\" id=\"link-ecommerce-1\" href=\"https:\/\/www.webedia-afilia.com\/redirect?url=https%3A%2F%2Fwww.primevideo.com%2Fdetail%3Fgti%3Damzn1.dv.gti.ec33bb7d-3e1b-4010-9e7d-3e4df296b737%26linkCode%3Dxm2%26tag%3Djustesejhd-21&amp;category=entretenimiento&amp;site=espinof&amp;ecomPostExpiration=everlasting&amp;postId=250308\" data-vars-affiliate-url=\"https:\/\/www.primevideo.com\/detail?gti=amzn1.dv.gti.ec33bb7d-3e1b-4010-9e7d-3e4df296b737&amp;linkCode=xm2&amp;tag=justesejhd-21\">Prime Video<\/a>, <a rel=\"nofollow, sponsored, noopener, noreferrer\" target=\"_blank\" class=\"js-ecommerce\" id=\"link-ecommerce-2\" href=\"https:\/\/www.webedia-afilia.com\/redirect?url=https%3A%2F%2Fwww.movistarplus.es%2Fcine%2Flos-inmortales%2Fficha%3Ftipo%3DE%26id%3D21711%26epi%3D%26tduid%3D015780adaa62cadeeced10c7dee4d5c7%26utm_campaign%3DalwaysON%26utm_content%3DPrice%2520Comparison%26utm_medium%3DAffiliates%26utm_source%3DTradedoubler%26utm_term%3D2854067&amp;category=entretenimiento&amp;site=espinof&amp;ecomPostExpiration=everlasting&amp;postId=250308\" data-vars-affiliate-url=\"https:\/\/www.movistarplus.es\/cine\/los-inmortales\/ficha?tipo=E&amp;id=21711&amp;epi=&amp;tduid=015780adaa62cadeeced10c7dee4d5c7&amp;utm_campaign=alwaysON&amp;utm_content=Price%20Comparison&amp;utm_medium=Affiliates&amp;utm_source=Tradedoubler&amp;utm_term=2854067\">Movistar Plus+<\/a> y <a rel=\"noopener, noreferrer nofollow\" href=\"https:\/\/ver.flixole.com\/watch\/59535237-1a9a-42e0-9e73-bb02f775bf86\" target=\"_blank\">FlixOl\u00e9<\/a>.\u00a0<\/p>\n<p>En Espinof | <a class=\"text-outboundlink\" href=\"https:\/\/www.espinof.com\/proyectos\/director-john-wick-desvela-que-su-version-inmortales-henry-cavill-recogera-ideas-toda-saga-incluyendo-serie-television\" data-vars-post-title=\"El director de &#039;John Wick&#039; desvela que su versi\u00f3n de &#039;Los inmortales&#039; con Henry Cavill recoger\u00e1 ideas de toda la saga, incluyendo la serie de televisi\u00f3n\" data-vars-post-url=\"https:\/\/www.espinof.com\/proyectos\/director-john-wick-desvela-que-su-version-inmortales-henry-cavill-recogera-ideas-toda-saga-incluyendo-serie-television\" rel=\"nofollow noopener\" target=\"_blank\">El director de &#8216;John Wick&#8217; desvela que su versi\u00f3n de &#8216;Los inmortales&#8217; con Henry Cavill recoger\u00e1 ideas de toda la saga, incluyendo la serie de televisi\u00f3n<\/a><\/p>\n<p>En Espinof | <a class=\"text-outboundlink\" href=\"https:\/\/www.espinof.com\/listas\/mejores-peliculas-2025\" data-vars-post-title=\"Las 15 mejores pel\u00edculas de 2025 (por ahora)\" data-vars-post-url=\"https:\/\/www.espinof.com\/listas\/mejores-peliculas-2025\" rel=\"nofollow noopener\" target=\"_blank\">Las mejores pel\u00edculas de 2025<\/a><\/p>\n","protected":false},"excerpt":{"rendered":"Las frases que trascienden sus propias pel\u00edculas no suelen abundar, pero cuando una lo consigue, acaba pasando a&hellip;\n","protected":false},"author":2,"featured_media":267618,"comment_status":"","ping_status":"","sticky":false,"template":"","format":"standard","meta":{"footnotes":""},"categories":[169],"tags":[177,146,147,25,24,176,175,23],"class_list":{"0":"post-267617","1":"post","2":"type-post","3":"status-publish","4":"format-standard","5":"has-post-thumbnail","7":"category-cine","8":"tag-cine","9":"tag-entertainment","10":"tag-entretenimiento","11":"tag-es","12":"tag-espana","13":"tag-film","14":"tag-movies","15":"tag-spain"},"share_on_mastodon":{"url":"https:\/\/pubeurope.com\/@es\/115651314086521253","error":""},"_links":{"self":[{"href":"https:\/\/www.europesays.com\/es\/wp-json\/wp\/v2\/posts\/267617","targetHints":{"allow":["GET"]}}],"collection":[{"href":"https:\/\/www.europesays.com\/es\/wp-json\/wp\/v2\/posts"}],"about":[{"href":"https:\/\/www.europesays.com\/es\/wp-json\/wp\/v2\/types\/post"}],"author":[{"embeddable":true,"href":"https:\/\/www.europesays.com\/es\/wp-json\/wp\/v2\/users\/2"}],"replies":[{"embeddable":true,"href":"https:\/\/www.europesays.com\/es\/wp-json\/wp\/v2\/comments?post=267617"}],"version-history":[{"count":0,"href":"https:\/\/www.europesays.com\/es\/wp-json\/wp\/v2\/posts\/267617\/revisions"}],"wp:featuredmedia":[{"embeddable":true,"href":"https:\/\/www.europesays.com\/es\/wp-json\/wp\/v2\/media\/267618"}],"wp:attachment":[{"href":"https:\/\/www.europesays.com\/es\/wp-json\/wp\/v2\/media?parent=267617"}],"wp:term":[{"taxonomy":"category","embeddable":true,"href":"https:\/\/www.europesays.com\/es\/wp-json\/wp\/v2\/categories?post=267617"},{"taxonomy":"post_tag","embeddable":true,"href":"https:\/\/www.europesays.com\/es\/wp-json\/wp\/v2\/tags?post=267617"}],"curies":[{"name":"wp","href":"https:\/\/api.w.org\/{rel}","templated":true}]}}