{"id":267621,"date":"2025-12-02T18:11:16","date_gmt":"2025-12-02T18:11:16","guid":{"rendered":"https:\/\/www.europesays.com\/es\/267621\/"},"modified":"2025-12-02T18:11:16","modified_gmt":"2025-12-02T18:11:16","slug":"la-fundacion-cajacanarias-celebra-su-xlvi-magna-simultanea-de-ajedrez","status":"publish","type":"post","link":"https:\/\/www.europesays.com\/es\/267621\/","title":{"rendered":"La Fundaci\u00f3n CajaCanarias celebra su XLVI Magna Simult\u00e1nea de Ajedrez"},"content":{"rendered":"<p>\u2013 <strong>El Parque Garc\u00eda Sanabria, enclave original de esa actividad, acogi\u00f3 a 260 ajedrecistas de todas las edades para disputar, ante los principales talentos del Club de Ajedrez CajaCanarias y jugadores destacados de \u00e1mbito regional, esta gran fiesta de las 64 casillas. Esta edici\u00f3n cont\u00f3, adem\u00e1s, con la presencia de las ajedrecistas Sara Khadem y Sabrina Vega, as\u00ed como del periodista especializado Leontxo Garc\u00eda. Toda la informaci\u00f3n se encuentra disponible en\u00a0<\/strong><a href=\"https:\/\/www.cajacanarias.com\/agenda\/deporte-xlvi-magna-simultanea-de-ajedrez-cajacanarias\/\" data-saferedirecturl=\"https:\/\/www.google.com\/url?q=https:\/\/www.cajacanarias.com&amp;source=gmail&amp;ust=1764766428945000&amp;usg=AOvVaw04dVQgI1IHCyLCj78dyZ-v\" rel=\"nofollow noopener\" target=\"_blank\"><strong>www.cajacanarias.com<\/strong><\/a><\/p>\n<p style=\"font-weight: 400;\">La Fundaci\u00f3n CajaCanarias celebr\u00f3 el pasado s\u00e1bado, 29 de noviembre, la XLVI Magna Simult\u00e1nea de Ajedrez, congregando en el Parque Garc\u00eda Sanabria a 260 ajedrecistas de todas las edades para disputar, frente a los principales talentos del Club de Ajedrez CajaCanarias y jugadores destacados de \u00e1mbito regional, esta gran fiesta de las 64 casillas. Esta edici\u00f3n, adem\u00e1s, cont\u00f3 con la presencia de las ajedrecistas Sara Khadem y Sabrina Vega, as\u00ed como del periodista y divulgador especializado en ajedrez Leontxo Garc\u00eda, quienes compartieron sus experiencias y disfrutaron del talento de la cantera tinerfe\u00f1a.<\/p>\n<p style=\"font-weight: 400;\">En esta tradicional Magna Simult\u00e1nea de Ajedrez CajaCanarias, que ha venido desarroll\u00e1ndose desde principios de los a\u00f1os setenta, destacaron los resultados obtenidos por Cira Pinto (7 a\u00f1os), del Colegio Isabel La Cat\u00f3lica; Alejandra Lara (10), del Colegio Hispano Ingl\u00e9s; Sofia Paniagua (8 a\u00f1os), del CA Fundaci\u00f3n CajaCanarias; Asier Mata (8), de La Laguna; Iker Mantec\u00f3n (7 a\u00f1os), de Candelaria; y Anna Mayandia (8), Fernando Alonso (9) y Julia Paniagua (9), del CA Fundacion CajaCanarias.<\/p>\n<p style=\"font-weight: 400;\">Estos ocho j\u00f3venes talentos del deporte de las 64 casillas, as\u00ed como la veintena de ajedrecistas destacados durante el desarrollo de la Magna Simult\u00e1nea, recibieron su correspondiente trofeo de la mano de Sara Khadem, Sabrina Vega, Leontxo Garc\u00eda, periodista y divulgador especializado en ajedrez;\u00a0Jos\u00e9 Luis Fern\u00e1ndez, director del Club de Ajedrez CajaCanarias; \u00d3liver Gonz\u00e1lez, director de la Fundaci\u00f3n CajaCanarias, y Margarita Ramos, presidenta de la entidad.<\/p>\n<p style=\"font-weight: 400;\">La Fundaci\u00f3n CajaCanarias ha ejercido, a lo largo de los \u00faltimos sesenta a\u00f1os, como principal entidad impulsora de la pr\u00e1ctica de este deporte en la provincia de Santa Cruz de Tenerife. Actualmente, desde su Centro de Ajedrez, desarrolla una actividad permanente tanto en materia competitiva, a trav\u00e9s de la organizaci\u00f3n de diferentes torneos se\u00f1eros en el calendario provincial, como formativa, con diferentes programas de iniciaci\u00f3n y alta tecnificaci\u00f3n, liderado por el Gran Maestro Internacional, Jos\u00e9 Luis Fern\u00e1ndez y la docente Kosara Fern\u00e1ndez.<\/p>\n","protected":false},"excerpt":{"rendered":"\u2013 El Parque Garc\u00eda Sanabria, enclave original de esa actividad, acogi\u00f3 a 260 ajedrecistas de todas las edades&hellip;\n","protected":false},"author":2,"featured_media":267622,"comment_status":"","ping_status":"","sticky":false,"template":"","format":"standard","meta":{"footnotes":""},"categories":[91],"tags":[146,147,25,24,23],"class_list":{"0":"post-267621","1":"post","2":"type-post","3":"status-publish","4":"format-standard","5":"has-post-thumbnail","7":"category-entretenimiento","8":"tag-entertainment","9":"tag-entretenimiento","10":"tag-es","11":"tag-espana","12":"tag-spain"},"share_on_mastodon":{"url":"https:\/\/pubeurope.com\/@es\/115651325852078427","error":""},"_links":{"self":[{"href":"https:\/\/www.europesays.com\/es\/wp-json\/wp\/v2\/posts\/267621","targetHints":{"allow":["GET"]}}],"collection":[{"href":"https:\/\/www.europesays.com\/es\/wp-json\/wp\/v2\/posts"}],"about":[{"href":"https:\/\/www.europesays.com\/es\/wp-json\/wp\/v2\/types\/post"}],"author":[{"embeddable":true,"href":"https:\/\/www.europesays.com\/es\/wp-json\/wp\/v2\/users\/2"}],"replies":[{"embeddable":true,"href":"https:\/\/www.europesays.com\/es\/wp-json\/wp\/v2\/comments?post=267621"}],"version-history":[{"count":0,"href":"https:\/\/www.europesays.com\/es\/wp-json\/wp\/v2\/posts\/267621\/revisions"}],"wp:featuredmedia":[{"embeddable":true,"href":"https:\/\/www.europesays.com\/es\/wp-json\/wp\/v2\/media\/267622"}],"wp:attachment":[{"href":"https:\/\/www.europesays.com\/es\/wp-json\/wp\/v2\/media?parent=267621"}],"wp:term":[{"taxonomy":"category","embeddable":true,"href":"https:\/\/www.europesays.com\/es\/wp-json\/wp\/v2\/categories?post=267621"},{"taxonomy":"post_tag","embeddable":true,"href":"https:\/\/www.europesays.com\/es\/wp-json\/wp\/v2\/tags?post=267621"}],"curies":[{"name":"wp","href":"https:\/\/api.w.org\/{rel}","templated":true}]}}