{"id":267629,"date":"2025-12-02T18:15:12","date_gmt":"2025-12-02T18:15:12","guid":{"rendered":"https:\/\/www.europesays.com\/es\/267629\/"},"modified":"2025-12-02T18:15:12","modified_gmt":"2025-12-02T18:15:12","slug":"facua-acusa-a-la-dgt-de-favorecer-un-fraude-masivo-con-las-balizas-v-16","status":"publish","type":"post","link":"https:\/\/www.europesays.com\/es\/267629\/","title":{"rendered":"Facua acusa a la DGT de favorecer un \u00abfraude masivo\u00bb con las balizas V-16"},"content":{"rendered":"<p style=\"\">Facua-Consumidores en Acci\u00f3n ha acusado a la Direcci\u00f3n General de Tr\u00e1fico (DGT) de <strong>\u00abfavorecer un fraude masivo\u00bb<\/strong> en la comercializaci\u00f3n de balizas de emergencia V-16 que carecen de la conectividad obligatoria a partir de 2026.<\/p>\n<p style=\"\">El secretario general de la asociaci\u00f3n,  &#8230; Rub\u00e9n S\u00e1nchez, ha denunciado la que considera como \u00abgrav\u00edsima pasividad\u00bb de la DGT por no actuar ante el uso \u00abil\u00edcito\u00bb de su logotipo por parte de empresas. <\/p>\n<p class=\"voc-p\" style=\"\">Seg\u00fan S\u00e1nchez, <a href=\"https:\/\/www.abc.es\/motor\/guardia-civil-explica-vehiculos-obligados-llevar-baliza-20251202122920-nt.html\" target=\"_self\" data-voc-vtm-id=\"in-text-traffic\" title=\"se est\u00e1n anunciando balizas\" data-mrf-link=\"www.abc.es\" rel=\"nofollow noopener\">se est\u00e1n anunciando balizas<\/a> como \u00abhomologadas por la DGT\u00bb sin especificar que no cumplen con el requisito de conectividad con Tr\u00e1fico, que ser\u00e1 obligatorio a partir del 1 de enero de 2026. <\/p>\n<p class=\"voc-p\" style=\"\">Facua <strong>exige a la DGT la puesta en marcha de un \u00abprotocolo de alerta p\u00fablica\u00bb<\/strong> que informe de forma clara y \u00abde manera inmediata\u00bb a todos los conductores sobre la obligaci\u00f3n que entrar\u00e1 en vigor en 2026. S\u00e1nchez afirm\u00f3 que la DGT ha actuado \u00abrematadamente mal\u00bb al permitir este \u00abfraude comercial a gran escala\u00bb.<\/p>\n<p class=\"voc-p\" style=\"\">La organizaci\u00f3n argumenta que los consumidores est\u00e1n comprando estos dispositivos masivamente inducidos por un \u00aberror, manipulaci\u00f3n, o fraude\u00bb. Facua insta a los usuarios a reclamar la devoluci\u00f3n del importe de todas las balizas compradas a lo largo de este a\u00f1o si fueron vendidas con el reclamo de \u00abhomologada por la DGT\u00bb y no se aclaraba de forma visible que carec\u00edan del sistema de conectividad a trav\u00e9s de tarjeta SIM obligatorio a partir de 2026. <\/p>\n<p>\nBalizas V-16 en el punto mira\n<\/p>\n<p class=\"voc-p\" style=\"\">La venta de estas balizas es l\u00edcita, pero deben aclarar que no cumplen los requisitos futuros. La organizaci\u00f3n considera que la falta de aclaraci\u00f3n sobre la conectividad constituye un \u00abacto de enga\u00f1o\u00bb y vulnera diversas normativas, incluyendo: <strong>El art\u00edculo 5 de la Ley de Competencia Desleal<\/strong>. Los art\u00edculos 20 y 60 de la Ley General para la Defensa de los Consumidores y Usuarios (obligaci\u00f3n de informar sobre caracter\u00edsticas esenciales). El Real Decreto que regula las propias balizas.<\/p>\n<p class=\"voc-p\" style=\"\">Facua ha hecho<a href=\"https:\/\/www.abc.es\/motor\/pere-navarro-director-general-trafico-advierte-conductores-20251130180000-nt.html\" target=\"_self\" data-voc-vtm-id=\"in-text-traffic\" title=\" un llamamiento a los consumidores\" data-mrf-link=\"www.abc.es\" rel=\"nofollow noopener\"> un llamamiento a los consumidores<\/a> que hayan sido v\u00edctimas de este enga\u00f1o a que presenten una denuncia ante la autoridad de consumo de su comunidad aut\u00f3noma o ante la Direcci\u00f3n General de Consumo. Por su parte, <strong>Facua trasladar\u00e1 al Ministerio de Derechos Sociales, Consumo y Agenda 2030<\/strong> los casos detectados de balizas con \u00abinformaci\u00f3n incompleta o enga\u00f1osa\u00bb para solicitar que se abran expedientes sancionadores. Las balizas no conectadas se pueden usar como complemento al tri\u00e1ngulo hasta el 31 de diciembre.<\/p>\n<p>\nVox pide en el Congreso que no sean obligatorias\n<\/p>\n<p class=\"voc-p\" style=\"\">Coincidiendo con la denuncia de Facua, el Grupo Parlamentario Vox ha registrado una proposici\u00f3n no de ley en el Congreso para pedir la suspensi\u00f3n de la obligatoriedad de las balizas de emergencia V-16 por no contar con \u00abjustificaci\u00f3n t\u00e9cnica\u00bb y suponer \u00abun gasto adicional para millones de familias\u00bb.<\/p>\n<p class=\"voc-p\" style=\"\"><strong>As\u00ed lo ha explicado su portavoz, Pepa Mill\u00e1n<\/strong>, quien ha afirmado que se trata de \u00abuna imposici\u00f3n\u00bb del Gobierno, \u00abque adem\u00e1s \u00fanicamente va a afectar a los veh\u00edculos matriculados en Espa\u00f1a\u00bb.<\/p>\n<p class=\"voc-p\" style=\"\">Desde el punto de vista t\u00e9cnico, Pepa Mill\u00e1n ha indicado que \u00abesta baliza que pretende imponer el Gobierno presenta limitaciones relevantes de eficacia, que no ha sido suficientemente acreditada ni ante estudios independientes ni informes periciales ni ensayos en condiciones reales de tr\u00e1fico\u00bb.<\/p>\n<p class=\"voc-p\" style=\"\">En la iniciativa presentada para su debate en la Comisi\u00f3n sobre Seguridad Vial, Vox pide suspender <a href=\"https:\/\/www.abc.es\/motor\/debes-saber-comprar-baliza-v16-coche-20251127142259-nt.html\" target=\"_self\" data-voc-vtm-id=\"in-text-traffic\" title=\"la obligatoriedad de la baliza V-16\" data-mrf-link=\"www.abc.es\" rel=\"nofollow noopener\">la obligatoriedad de la baliza V-16<\/a> \u00abhasta que existan estudios t\u00e9cnicos y forenses independientes y concluyentes que acrediten su eficacia en condiciones reales de visibilidad, climatolog\u00eda adversa y seguridad vial\u00bb.<\/p>\n<p class=\"voc-p\" style=\"\">Asimismo, <strong>los de Santiago Abascal<\/strong> reclaman que se contin\u00fae permitiendo el uso de los tri\u00e1ngulos de emergencia para se\u00f1alar incidencias o accidentes en carretera.<\/p>\n","protected":false},"excerpt":{"rendered":"Facua-Consumidores en Acci\u00f3n ha acusado a la Direcci\u00f3n General de Tr\u00e1fico (DGT) de \u00abfavorecer un fraude masivo\u00bb en&hellip;\n","protected":false},"author":2,"featured_media":267630,"comment_status":"","ping_status":"","sticky":false,"template":"","format":"standard","meta":{"footnotes":""},"categories":[8],"tags":[6630,66057,17,18,814,25,24,8966,9951,13,14,6986,11,19,20,16396,9,10,15,16,23,12,21,22,62318],"class_list":{"0":"post-267629","1":"post","2":"type-post","3":"status-publish","4":"format-standard","5":"has-post-thumbnail","7":"category-espana","8":"tag-acusa","9":"tag-balizas","10":"tag-breaking-news","11":"tag-breakingnews","12":"tag-dgt","13":"tag-es","14":"tag-espana","15":"tag-facua","16":"tag-favorecer","17":"tag-featured-news","18":"tag-featurednews","19":"tag-fraude","20":"tag-headlines","21":"tag-latest-news","22":"tag-latestnews","23":"tag-masivo","24":"tag-news","25":"tag-noticias","26":"tag-noticias-destacadas","27":"tag-noticiasdestacadas","28":"tag-spain","29":"tag-titulares","30":"tag-ultimas-noticias","31":"tag-ultimasnoticias","32":"tag-v16"},"share_on_mastodon":{"url":"https:\/\/pubeurope.com\/@es\/115651341514432147","error":""},"_links":{"self":[{"href":"https:\/\/www.europesays.com\/es\/wp-json\/wp\/v2\/posts\/267629","targetHints":{"allow":["GET"]}}],"collection":[{"href":"https:\/\/www.europesays.com\/es\/wp-json\/wp\/v2\/posts"}],"about":[{"href":"https:\/\/www.europesays.com\/es\/wp-json\/wp\/v2\/types\/post"}],"author":[{"embeddable":true,"href":"https:\/\/www.europesays.com\/es\/wp-json\/wp\/v2\/users\/2"}],"replies":[{"embeddable":true,"href":"https:\/\/www.europesays.com\/es\/wp-json\/wp\/v2\/comments?post=267629"}],"version-history":[{"count":0,"href":"https:\/\/www.europesays.com\/es\/wp-json\/wp\/v2\/posts\/267629\/revisions"}],"wp:featuredmedia":[{"embeddable":true,"href":"https:\/\/www.europesays.com\/es\/wp-json\/wp\/v2\/media\/267630"}],"wp:attachment":[{"href":"https:\/\/www.europesays.com\/es\/wp-json\/wp\/v2\/media?parent=267629"}],"wp:term":[{"taxonomy":"category","embeddable":true,"href":"https:\/\/www.europesays.com\/es\/wp-json\/wp\/v2\/categories?post=267629"},{"taxonomy":"post_tag","embeddable":true,"href":"https:\/\/www.europesays.com\/es\/wp-json\/wp\/v2\/tags?post=267629"}],"curies":[{"name":"wp","href":"https:\/\/api.w.org\/{rel}","templated":true}]}}