{"id":267631,"date":"2025-12-02T18:16:16","date_gmt":"2025-12-02T18:16:16","guid":{"rendered":"https:\/\/www.europesays.com\/es\/267631\/"},"modified":"2025-12-02T18:16:16","modified_gmt":"2025-12-02T18:16:16","slug":"magicus-zaragoza-regresa-esta-navidad-para-despertar-la-magia-de-la-naturaleza-noticia-ayuntamiento-de-zaragoza","status":"publish","type":"post","link":"https:\/\/www.europesays.com\/es\/267631\/","title":{"rendered":"Magicus Zaragoza regresa esta Navidad para despertar la magia de la naturaleza. Noticia. Ayuntamiento de Zaragoza"},"content":{"rendered":"<p>      Cuerpo de la noticia<\/p>\n<p data-end=\"577\" data-start=\"204\">Zaragoza se prepara para vivir una Navidad llena de magia y naturaleza con el regreso de <strong data-end=\"313\" data-start=\"293\">Magicus Zaragoza<\/strong>, la experiencia que invita a grandes y peque\u00f1os a explorar un universo fant\u00e1stico pensado para emocionar y sorprender. Esta edici\u00f3n promete ser m\u00e1s inmersiva, m\u00e1s sorprendente y m\u00e1s m\u00e1gica que nunca, con la expectativa de recibir a m\u00e1s de <strong data-end=\"574\" data-start=\"553\">15.000 visitantes<\/strong>.<\/p>\n<p data-end=\"1080\" data-start=\"579\">Desde su estreno en la Navidad de 2023, Magicus ha conquistado a m\u00e1s de 50.000 personas, convirti\u00e9ndose en una de las propuestas m\u00e1s atractivas del programa de animaci\u00f3n <strong data-end=\"774\" data-start=\"749\">Las Tribus del Parque<\/strong>, promovido por Parques y Jardines del Ayuntamiento de Zaragoza. Su \u00e9xito no solo se refleja en la afluencia de p\u00fablico, sino tambi\u00e9n en su impacto educativo y medioambiental, que este a\u00f1o se ampl\u00eda a los centros escolares durante los meses de diciembre y enero, completando todas las plazas disponibles.<\/p>\n<p data-end=\"1975\" data-start=\"1398\">Durante la visita, los asistentes recorrer\u00e1n los legendarios <strong data-end=\"1492\" data-start=\"1459\">Cinco Reinos de la Naturaleza<\/strong>, donde cada espacio se convierte en una misi\u00f3n participativa que invita a jugar, aprender y descubrir. Los ni\u00f1os podr\u00e1n plantar semillas, crear juguetes a partir de materiales reciclados, participar en cuentacuentos vivos y sumergirse en experiencias que despiertan la curiosidad y el respeto por el planeta. Para los mayores de 9 a\u00f1os, se ha dise\u00f1ado un grupo especial con din\u00e1micas y retos adaptados a su edad, garantizando que todos disfruten de un recorrido acorde a su nivel.<\/p>\n<p data-end=\"2392\" data-start=\"1977\">Esta Navidad, Magicus presenta tambi\u00e9n tres novedades exclusivas: el <strong data-end=\"2076\" data-start=\"2046\">Taller de hilos encantados<\/strong>, donde los peque\u00f1os aprender\u00e1n a coser y dar nueva vida a sus prendas; la <strong data-end=\"2175\" data-start=\"2151\">Senda de las F\u00e1bulas<\/strong>, un recorrido interactivo en el que las historias cobran vida y ense\u00f1an valiosas moralejas; y <strong data-end=\"2302\" data-start=\"2270\">El misterio del \u00c1rbol M\u00e1gico<\/strong>, un enigma que los visitantes deber\u00e1n resolver mientras exploran sus ramas centenarias.<\/p>\n<p data-end=\"2844\" data-start=\"2394\">La experiencia se desarrolla en el <strong data-end=\"2495\" data-start=\"2429\">Aula de la Naturaleza del Parque Grande Jos\u00e9 Antonio Labordeta<\/strong>, en sesiones de 90 minutos que se celebran s\u00e1bados y domingos de 11:00 a 12:30, 17:00 a 18:30 y 19:00 a 20:30. La actividad es gratuita, pero dado que el aforo es limitado a 120 personas por sesi\u00f3n, es imprescindible inscribirse previamente en la web: <a data-end=\"2841\" data-start=\"2748\" href=\"http:\/\/www.lastribusdelparque.es\/magicuszaragoza\" rel=\"noopener nofollow\" target=\"_new\">www.lastribusdelparque.es\/magicuszaragoza<\/a>.<\/p>\n<p data-end=\"3101\" data-start=\"2846\"><strong data-end=\"2866\" data-start=\"2846\">Magicus Zaragoza<\/strong> no es solo un evento navide\u00f1o: es un viaje m\u00e1gico en plena ciudad que combina fantas\u00eda y respeto por la naturaleza, ofreciendo a cada familia la oportunidad de descubrir el poder que todos tenemos para cuidar el mundo que nos rodea.<\/p>\n","protected":false},"excerpt":{"rendered":"Cuerpo de la noticia Zaragoza se prepara para vivir una Navidad llena de magia y naturaleza con el&hellip;\n","protected":false},"author":2,"featured_media":267632,"comment_status":"","ping_status":"","sticky":false,"template":"","format":"standard","meta":{"footnotes":""},"categories":[5],"tags":[17,18,25,24,13,14,11,19,20,9,10,15,16,23,12,21,22],"class_list":{"0":"post-267631","1":"post","2":"type-post","3":"status-publish","4":"format-standard","5":"has-post-thumbnail","7":"category-titulares","8":"tag-breaking-news","9":"tag-breakingnews","10":"tag-es","11":"tag-espana","12":"tag-featured-news","13":"tag-featurednews","14":"tag-headlines","15":"tag-latest-news","16":"tag-latestnews","17":"tag-news","18":"tag-noticias","19":"tag-noticias-destacadas","20":"tag-noticiasdestacadas","21":"tag-spain","22":"tag-titulares","23":"tag-ultimas-noticias","24":"tag-ultimasnoticias"},"share_on_mastodon":{"url":"https:\/\/pubeurope.com\/@es\/115651345297109944","error":""},"_links":{"self":[{"href":"https:\/\/www.europesays.com\/es\/wp-json\/wp\/v2\/posts\/267631","targetHints":{"allow":["GET"]}}],"collection":[{"href":"https:\/\/www.europesays.com\/es\/wp-json\/wp\/v2\/posts"}],"about":[{"href":"https:\/\/www.europesays.com\/es\/wp-json\/wp\/v2\/types\/post"}],"author":[{"embeddable":true,"href":"https:\/\/www.europesays.com\/es\/wp-json\/wp\/v2\/users\/2"}],"replies":[{"embeddable":true,"href":"https:\/\/www.europesays.com\/es\/wp-json\/wp\/v2\/comments?post=267631"}],"version-history":[{"count":0,"href":"https:\/\/www.europesays.com\/es\/wp-json\/wp\/v2\/posts\/267631\/revisions"}],"wp:featuredmedia":[{"embeddable":true,"href":"https:\/\/www.europesays.com\/es\/wp-json\/wp\/v2\/media\/267632"}],"wp:attachment":[{"href":"https:\/\/www.europesays.com\/es\/wp-json\/wp\/v2\/media?parent=267631"}],"wp:term":[{"taxonomy":"category","embeddable":true,"href":"https:\/\/www.europesays.com\/es\/wp-json\/wp\/v2\/categories?post=267631"},{"taxonomy":"post_tag","embeddable":true,"href":"https:\/\/www.europesays.com\/es\/wp-json\/wp\/v2\/tags?post=267631"}],"curies":[{"name":"wp","href":"https:\/\/api.w.org\/{rel}","templated":true}]}}