{"id":267637,"date":"2025-12-02T18:24:13","date_gmt":"2025-12-02T18:24:13","guid":{"rendered":"https:\/\/www.europesays.com\/es\/267637\/"},"modified":"2025-12-02T18:24:13","modified_gmt":"2025-12-02T18:24:13","slug":"4-destinos-de-traspaso-para-giannis-antetokounmpo","status":"publish","type":"post","link":"https:\/\/www.europesays.com\/es\/267637\/","title":{"rendered":"4 destinos de traspaso para Giannis Antetokounmpo"},"content":{"rendered":"<p>\u00bfEs posible un traspaso por la estrella de los Bucks? Lo analizamos en este v\u00eddeo.<\/p>\n<p>Giannis Antetokounmpo no est\u00e1 contento con la situaci\u00f3n en Milwaukee Bucks. El equipo no para de perder partidos, la plantilla es muy poco competitiva y su ventana de campeonato cada vez es m\u00e1s reducida.<\/p>\n<p>Un Giannis que no ha dudado en ser claro ante los medios y mostrarse muy tajante respecto de la situaci\u00f3n en los Bucks.<\/p>\n<p>Media NBA est\u00e1 pendiente de si pide salir en un traspaso y un movimiento as\u00ed cambiar\u00eda el equilibrio de fuerzas en la liga.<\/p>\n<p>En este v\u00eddeo analizamos qu\u00e9 opciones tiene de traspaso, cu\u00e1les ser\u00edan los destinos m\u00e1s probables y los que no se pueden dar.<\/p>\n<p><img decoding=\"async\" src=\"https:\/\/www.europesays.com\/es\/wp-content\/uploads\/2025\/12\/1764699853_889_mtracking.gif\" alt=\"Etiquetas de Mautic\" style=\"display:none;\"\/><\/p>\n","protected":false},"excerpt":{"rendered":"\u00bfEs posible un traspaso por la estrella de los Bucks? Lo analizamos en este v\u00eddeo. Giannis Antetokounmpo no&hellip;\n","protected":false},"author":2,"featured_media":267638,"comment_status":"","ping_status":"","sticky":false,"template":"","format":"standard","meta":{"footnotes":""},"categories":[269],"tags":[299,298,168,25,24,14868,1725,23,167],"class_list":{"0":"post-267637","1":"post","2":"type-post","3":"status-publish","4":"format-standard","5":"has-post-thumbnail","7":"category-baloncesto","8":"tag-baloncesto","9":"tag-basketball","10":"tag-deportes","11":"tag-es","12":"tag-espana","13":"tag-giannis-antetokounmpo","14":"tag-nba","15":"tag-spain","16":"tag-sports"},"share_on_mastodon":{"url":"https:\/\/pubeurope.com\/@es\/115651377341401082","error":""},"_links":{"self":[{"href":"https:\/\/www.europesays.com\/es\/wp-json\/wp\/v2\/posts\/267637","targetHints":{"allow":["GET"]}}],"collection":[{"href":"https:\/\/www.europesays.com\/es\/wp-json\/wp\/v2\/posts"}],"about":[{"href":"https:\/\/www.europesays.com\/es\/wp-json\/wp\/v2\/types\/post"}],"author":[{"embeddable":true,"href":"https:\/\/www.europesays.com\/es\/wp-json\/wp\/v2\/users\/2"}],"replies":[{"embeddable":true,"href":"https:\/\/www.europesays.com\/es\/wp-json\/wp\/v2\/comments?post=267637"}],"version-history":[{"count":0,"href":"https:\/\/www.europesays.com\/es\/wp-json\/wp\/v2\/posts\/267637\/revisions"}],"wp:featuredmedia":[{"embeddable":true,"href":"https:\/\/www.europesays.com\/es\/wp-json\/wp\/v2\/media\/267638"}],"wp:attachment":[{"href":"https:\/\/www.europesays.com\/es\/wp-json\/wp\/v2\/media?parent=267637"}],"wp:term":[{"taxonomy":"category","embeddable":true,"href":"https:\/\/www.europesays.com\/es\/wp-json\/wp\/v2\/categories?post=267637"},{"taxonomy":"post_tag","embeddable":true,"href":"https:\/\/www.europesays.com\/es\/wp-json\/wp\/v2\/tags?post=267637"}],"curies":[{"name":"wp","href":"https:\/\/api.w.org\/{rel}","templated":true}]}}