{"id":267639,"date":"2025-12-02T18:25:11","date_gmt":"2025-12-02T18:25:11","guid":{"rendered":"https:\/\/www.europesays.com\/es\/267639\/"},"modified":"2025-12-02T18:25:11","modified_gmt":"2025-12-02T18:25:11","slug":"el-apoyo-de-xabi-alonso-a-ronald-araujo","status":"publish","type":"post","link":"https:\/\/www.europesays.com\/es\/267639\/","title":{"rendered":"El apoyo de Xabi Alonso a Ronald Araujo"},"content":{"rendered":"<p class=\"ft-text\"><strong>Xabi Alonso, t\u00e9cnico del Real Madrid<\/strong>, apoy\u00f3 la decisi\u00f3n del defensa uruguayo del Barcelona, <a class=\"ft-link ft-link--decoration\" href=\"https:\/\/www.sport.es\/es\/noticias\/barca\/araujo-tine-conflicto-mental-interno-124350008\" rel=\"nofollow noopener\" target=\"_blank\">Ronald Araujo, que ha pedido a su club un tiempo de par\u00f3n para recuperarse an\u00edmicamente de un mal momento<\/a>, y asegur\u00f3 que los jugadores \u00abno son m\u00e1quinas\u00bb y deben mirar por su bien. <a class=\"ft-link ft-link--decoration\" href=\"https:\/\/www.sport.es\/es\/noticias\/real-madrid\/rueda-prensa-xabi-alonso-previa-athletic-madrid-124357150\" rel=\"nofollow noopener\" target=\"_blank\">El tolosarra se mostr\u00f3 comprensivo en rueda de prensa<\/a> con la situaci\u00f3n del futbolista, que no ha vuelto a jugar desde el encuentro en Londres ante el Chelsea, donde fue expulsado tras ver dos amarillas, la primera por protestar de forma airada y la segunda por una entrada a destiempo.<\/p>\n<p class=\"ft-text\">El golpe an\u00edmico que supuso para el charr\u00faa <a class=\"ft-link ft-link--decoration\" href=\"https:\/\/www.sport.es\/es\/noticias\/barca\/noches-aciagas-ronald-araujo-124130804\" rel=\"nofollow noopener\" target=\"_blank\">lo ocurrido en la Champions<\/a> y que dej\u00f3 al Bar\u00e7a con uno menos durante todo el segundo tiempo fue tremendo y le ha afectado a nivel mental. De hecho, <a class=\"ft-link ft-link--decoration\" href=\"https:\/\/www.sport.es\/es\/noticias\/barca\/cumbre-deco-agentes-araujo-ciutat-124313069\" rel=\"nofollow noopener\" target=\"_blank\">sus agentes se personaron en las oficinas del Bar\u00e7a para reunirse con Deco<\/a> y explicarle la situaci\u00f3n, ante lo que el club se mostr\u00f3 absolutamente comprensivo y obviamente le ha dado un tiempo.<\/p>\n<p>Respeto m\u00e1ximo y comprensi\u00f3n<\/p>\n<p class=\"ft-text\">\u00ab<strong>Hay que respetar las sensaciones y necesidades de los jugadores. No son m\u00e1quinas, son personas. Hay mucha exigencia y responsabilidad en todos los contextos<\/strong>\u00ab, dijo Xabi Alonso cuando fue preguntado por la decisi\u00f3n de <strong>Araujo<\/strong>. El entrenador del Real Madrid, adem\u00e1s, dese\u00f3 una pronta recuperaci\u00f3n al defensa del Barcelona. \u00abSi han decidido parar y es por el bien del chico, me parece l\u00f3gico\u00bb, a\u00f1adi\u00f3.<\/p>\n<p><img decoding=\"async\" src=\"https:\/\/www.europesays.com\/es\/wp-content\/uploads\/2025\/12\/15ee0595-bb23-4560-8f3a-fdb5bb103f83_alta-libre-aspect-ratio_default_0.jpg\" width=\"1200\" height=\"788\" alt=\"Araujo fue expulsado por una entrada a destiempo sobre Cucurella\" class=\"ft-helper-img-rd\" loading=\"lazy\"\/><\/p>\n<p class=\"ft-helper-fontColor-quaternary ft-helper-fontSize-body-S ft-helper-spacer-t-xxs\">Araujo fue expulsado ante el Chelsea  \/ EFE<\/p>\n<p class=\"ft-text\">M\u00e1s all\u00e1 de rivalidades, casos como el del uruguayo sirven para relativizarlo todo y generan empat\u00eda entre todos los que forman el mundo de un f\u00fatbol profesional en el que la exigencia y la presi\u00f3n es enorme y pone al l\u00edmite la capacidad no solo f\u00edsica, sino tambi\u00e9n mental de futbolistas y t\u00e9cnicos. <strong>El mensaje de Xabi Alonso hacia Araujo<\/strong> es, en el fondo, una muestra de humanidad.<\/p>\n","protected":false},"excerpt":{"rendered":"Xabi Alonso, t\u00e9cnico del Real Madrid, apoy\u00f3 la decisi\u00f3n del defensa uruguayo del Barcelona, Ronald Araujo, que ha&hellip;\n","protected":false},"author":2,"featured_media":267640,"comment_status":"","ping_status":"","sticky":false,"template":"","format":"standard","meta":{"footnotes":""},"categories":[268],"tags":[31171,168,25,24,881,280,282,3048,281,23,167,10344],"class_list":{"0":"post-267639","1":"post","2":"type-post","3":"status-publish","4":"format-standard","5":"has-post-thumbnail","7":"category-futbol","8":"tag-araujo","9":"tag-deportes","10":"tag-es","11":"tag-espana","12":"tag-fc-barcelona","13":"tag-football","14":"tag-futbol","15":"tag-real-madrid","16":"tag-soccer","17":"tag-spain","18":"tag-sports","19":"tag-xabi-alonso"},"share_on_mastodon":{"url":"https:\/\/pubeurope.com\/@es\/115651381269952272","error":""},"_links":{"self":[{"href":"https:\/\/www.europesays.com\/es\/wp-json\/wp\/v2\/posts\/267639","targetHints":{"allow":["GET"]}}],"collection":[{"href":"https:\/\/www.europesays.com\/es\/wp-json\/wp\/v2\/posts"}],"about":[{"href":"https:\/\/www.europesays.com\/es\/wp-json\/wp\/v2\/types\/post"}],"author":[{"embeddable":true,"href":"https:\/\/www.europesays.com\/es\/wp-json\/wp\/v2\/users\/2"}],"replies":[{"embeddable":true,"href":"https:\/\/www.europesays.com\/es\/wp-json\/wp\/v2\/comments?post=267639"}],"version-history":[{"count":0,"href":"https:\/\/www.europesays.com\/es\/wp-json\/wp\/v2\/posts\/267639\/revisions"}],"wp:featuredmedia":[{"embeddable":true,"href":"https:\/\/www.europesays.com\/es\/wp-json\/wp\/v2\/media\/267640"}],"wp:attachment":[{"href":"https:\/\/www.europesays.com\/es\/wp-json\/wp\/v2\/media?parent=267639"}],"wp:term":[{"taxonomy":"category","embeddable":true,"href":"https:\/\/www.europesays.com\/es\/wp-json\/wp\/v2\/categories?post=267639"},{"taxonomy":"post_tag","embeddable":true,"href":"https:\/\/www.europesays.com\/es\/wp-json\/wp\/v2\/tags?post=267639"}],"curies":[{"name":"wp","href":"https:\/\/api.w.org\/{rel}","templated":true}]}}