{"id":267670,"date":"2025-12-02T18:53:13","date_gmt":"2025-12-02T18:53:13","guid":{"rendered":"https:\/\/www.europesays.com\/es\/267670\/"},"modified":"2025-12-02T18:53:13","modified_gmt":"2025-12-02T18:53:13","slug":"isabel-preysler-se-lleva-a-susanna-griso-a-villa-meona-para-reactivar-la-promocion-de-sus-memorias-y-dice-de-vargas-llosa-senor-celoso","status":"publish","type":"post","link":"https:\/\/www.europesays.com\/es\/267670\/","title":{"rendered":"Isabel Preysler se lleva a Susanna Griso a Villa Meona para reactivar la promoci\u00f3n de sus memorias y dice de Vargas Llosa: \u00abSe\u00f1or celoso\u00bb"},"content":{"rendered":"<p><b>Isabel Preysler no ha acudido este martes al plat\u00f3 de Espejo P\u00fablico pero s\u00ed se ha llevado a Susanna Griso a su casa de Puerta de Hierro<\/b>. All\u00ed ha reactivado la promoci\u00f3n de sus memorias, las que lanz\u00f3 el pasado 22 de octubre y de las que ya se estaba hablando mucho menos. Con las ventas dice estar \u00abmucho m\u00e1s [contenta]\u00bb de lo que se esperaba.<\/p>\n<p>Delante de la presentadora de Antena 3 <b>ha definido a cada uno de los grandes hombres de su vida<\/b>. \u00abDe Julio [Iglesias] destacar\u00eda su fuerza de voluntad y su capacidad de trabajo\u00bb, ha dicho, para despu\u00e9s afirmar que es mejor ex que marido: \u00abSin duda (&#8230;) <b>Nos llamamos de vez en cuando. Puedo contar con \u00e9l. Es un buen ex<\/b>\u00ab. De Carlos Falc\u00f3 ha destacado su \u00abbondad y alegr\u00eda de vivir\u00bb. De Miguel Boyer su \u00abinteligencia, gran sentido del humor brit\u00e1nico y su ternura\u00bb.<\/p>\n<p>Y se ha explayado de buena manera con <b>Mario Vargas Llosa<\/b>, fallecido en abril de este a\u00f1o. Ha dicho que destaca <b>\u00absu genio literario y su gran aportaci\u00f3n a la cultura universal\u00bb<\/b>. Pero preguntada por cualidades personales, la reina de corazones se ha reafirmado: <b>\u00abEso es lo que m\u00e1s destaca de \u00e9l, \u00bfno?\u00bb<\/b>.<\/p>\n<p>Despu\u00e9s, en cambio, ha definido como<b> \u00abse\u00f1or celoso\u00bb<\/b> al hombre con el que comparti\u00f3 ocho a\u00f1os de su vida: \u00abSolo te puedo decir que, por muy buena que sea una relaci\u00f3n,<b> los celos siempre da\u00f1an, son siempre malos<\/b>\u00ab. Preysler ha subrayado que <b>a Vargas Llosa le molestaba \u00abcualquier cosa, que yo bailase en una fiesta\u00bb<\/b>. \u00abSi bailaba dos canciones seguidas con la misma persona le molestaba.<b> Si me piropeaban no le gustaba mucho. Las t\u00edpicas cosas que le molestan a cualquier se\u00f1or celoso<\/b>\u00ab, ha recordado.<\/p>\n<p>Por otro lado, ha explicado que en su libro public\u00f3 las cartas que Vargas Llosa le enviaba durante su relaci\u00f3n para desmentir las afirmaciones que sostiene la familia del autor: \u00abEsa fue la raz\u00f3n por la que publiqu\u00e9 las cartas. He intentado contar las cosas tal y como han sido, y<b> Mario, cuando estuvo viviendo aqu\u00ed en casa, fue muy feliz. Intento desmentir las falsedades<\/b>. Esas cartas reflejan c\u00f3mo ha sido de feliz en esta casa y conmigo. Su entorno dec\u00eda que era desgraciado y no fue as\u00ed\u00bb.<\/p>\n<p>Sobre la carta que rescat\u00f3 con cierto tono sexual, tambi\u00e9n ha dicho: \u00abDud\u00e9 en poner esa carta, lo que pasa es que al poner una de cada a\u00f1o entonces tocaba esa. Era nada m\u00e1s que esa frase [en tono picante]. Te veo esta noche para hacer el amor tampoco es gran cosa\u00bb.<\/p>\n<p>En cuanto a si Mario se hac\u00eda cargo de los gastos que llevaba la mansi\u00f3n, como se coment\u00f3, ha expresado: \u00ab\u00c9l aportada lo que consideraba cuando viv\u00eda en la casa, su parte de lo que \u00e9l pensaba que ten\u00eda que aportar pero nada m\u00e1s. Y no se pod\u00eda decir la palabra cobraba, es muy feo, <b>\u00e9l aportaba parte de los gastos de la casa, parte, ni siquiera entera<\/b>\u00ab.<\/p>\n<p>E Isabel, por su parte, ha desmentido que ella misma fuera una persona celosa: <b>\u00abNo puedo considerarme una persona celosa, si no lo ser\u00eda con Julio, f\u00edjate t\u00fa\u00bb<\/b>.<\/p>\n<p>WhatsApp<a href=\"https:\/\/api.whatsapp.com\/send?text=https:\/\/www.eleconomista.es\/informalia\/famosos\/noticias\/13672175\/12\/25\/isabel-preysler-se-lleva-a-sunanna-griso-a-villa-meona-para-reactivar-la-promocion-de-sus-memorias-y-dice-de-vargas-llosa-senor-celoso.html?utm_source%3Dwhatsapp%26utm_medium%3Dshare_button&amp;id=1648118629957_whatsapp\" target=\"_blank\" data-action=\"share\/whatsapp\/share\" aria-label=\"Compartir en Whatsapp\" rel=\"nofollow noopener\"><\/a>Facebook<a id=\"fb-share\" href=\"#\" target=\"_blank\" rel=\"noopener noreferrer\" aria-label=\"Compartir en Facebook\"><\/a>Twitter<a href=\"https:\/\/twitter.com\/share?text=Isabel+Preysler+se+lleva+a+Susanna+Griso+a+Villa+Meona+para+reactivar+la+promoci%C3%B3n+de+sus+memorias+y+dice+de+Vargas+Llosa%3A+%22Se%C3%B1or+celoso%22&amp;url=https:\/\/www.eleconomista.es\/informalia\/famosos\/noticias\/13672175\/12\/25\/isabel-preysler-se-lleva-a-sunanna-griso-a-villa-meona-para-reactivar-la-promocion-de-sus-memorias-y-dice-de-vargas-llosa-senor-celoso.html&amp;via=Informalia&amp;id=1648118839245_twitter\" target=\"_blank\" aria-label=\"Compartir en Twitter\" rel=\"nofollow noopener\"><\/a>Linkedin<a onclick=\"return abrirLinkedin();\" href=\"https:\/\/www.linkedin.com\/shareArticle?text=Isabel+Preysler+se+lleva+a+Susanna+Griso+a+Villa+Meona+para+reactivar+la+promoci%C3%B3n+de+sus+memorias+y+dice+de+Vargas+Llosa%3A+%22Se%C3%B1or+celoso%22&amp;url=https:\/\/www.eleconomista.es\/informalia\/famosos\/noticias\/13672175\/12\/25\/isabel-preysler-se-lleva-a-sunanna-griso-a-villa-meona-para-reactivar-la-promocion-de-sus-memorias-y-dice-de-vargas-llosa-senor-celoso.html&amp;mini=true\" target=\"_blank\" aria-label=\"Compartir en linkedin\" rel=\"nofollow noopener\"><\/a>Beloud<a href=\"https:\/\/beloud.com\/share?text=Isabel+Preysler+se+lleva+a+Susanna+Griso+a+Villa+Meona+para+reactivar+la+promoci%C3%B3n+de+sus+memorias+y+dice+de+Vargas+Llosa%3A+%22Se%C3%B1or+celoso%22&amp;url=https:\/\/www.eleconomista.es\/informalia\/famosos\/noticias\/13672175\/12\/25\/isabel-preysler-se-lleva-a-sunanna-griso-a-villa-meona-para-reactivar-la-promocion-de-sus-memorias-y-dice-de-vargas-llosa-senor-celoso.html&amp;via=Informalia&amp;id=1648118839245_beloud\" target=\"_blank\" aria-label=\"Compartir en beloud\" rel=\"nofollow noopener\"><\/a>Bluesky<a href=\"https:\/\/bsky.app\/intent\/compose?text=https:\/\/bsky.app\/intent\/compose?text=https:\/\/www.eleconomista.es\/informalia\/famosos\/noticias\/13672175\/12\/25\/isabel-preysler-se-lleva-a-sunanna-griso-a-villa-meona-para-reactivar-la-promocion-de-sus-memorias-y-dice-de-vargas-llosa-senor-celoso.html&amp;url=https:\/\/www.eleconomista.es\/informalia\/famosos\/noticias\/13672175\/12\/25\/isabel-preysler-se-lleva-a-sunanna-griso-a-villa-meona-para-reactivar-la-promocion-de-sus-memorias-y-dice-de-vargas-llosa-senor-celoso.html&amp;via=elEconomistaes&amp;id=1648118839245_bluesky\" target=\"_blank\" aria-label=\"Compartir en bluesky\" rel=\"nofollow noopener\"><\/a><\/p>\n<p><script async src=\"https:\/\/platform.twitter.com\/widgets.js\" charset=\"utf-8\"><\/script><\/p>\n","protected":false},"excerpt":{"rendered":"Isabel Preysler no ha acudido este martes al plat\u00f3 de Espejo P\u00fablico pero s\u00ed se ha llevado a&hellip;\n","protected":false},"author":2,"featured_media":267671,"comment_status":"","ping_status":"","sticky":false,"template":"","format":"standard","meta":{"footnotes":""},"categories":[174],"tags":[255,146,147,25,24,256,260,23],"class_list":{"0":"post-267670","1":"post","2":"type-post","3":"status-publish","4":"format-standard","5":"has-post-thumbnail","7":"category-famosos","8":"tag-celebrities","9":"tag-entertainment","10":"tag-entretenimiento","11":"tag-es","12":"tag-espana","13":"tag-famosos","14":"tag-gente","15":"tag-spain"},"share_on_mastodon":{"url":"https:\/\/pubeurope.com\/@es\/115651491077390344","error":""},"_links":{"self":[{"href":"https:\/\/www.europesays.com\/es\/wp-json\/wp\/v2\/posts\/267670","targetHints":{"allow":["GET"]}}],"collection":[{"href":"https:\/\/www.europesays.com\/es\/wp-json\/wp\/v2\/posts"}],"about":[{"href":"https:\/\/www.europesays.com\/es\/wp-json\/wp\/v2\/types\/post"}],"author":[{"embeddable":true,"href":"https:\/\/www.europesays.com\/es\/wp-json\/wp\/v2\/users\/2"}],"replies":[{"embeddable":true,"href":"https:\/\/www.europesays.com\/es\/wp-json\/wp\/v2\/comments?post=267670"}],"version-history":[{"count":0,"href":"https:\/\/www.europesays.com\/es\/wp-json\/wp\/v2\/posts\/267670\/revisions"}],"wp:featuredmedia":[{"embeddable":true,"href":"https:\/\/www.europesays.com\/es\/wp-json\/wp\/v2\/media\/267671"}],"wp:attachment":[{"href":"https:\/\/www.europesays.com\/es\/wp-json\/wp\/v2\/media?parent=267670"}],"wp:term":[{"taxonomy":"category","embeddable":true,"href":"https:\/\/www.europesays.com\/es\/wp-json\/wp\/v2\/categories?post=267670"},{"taxonomy":"post_tag","embeddable":true,"href":"https:\/\/www.europesays.com\/es\/wp-json\/wp\/v2\/tags?post=267670"}],"curies":[{"name":"wp","href":"https:\/\/api.w.org\/{rel}","templated":true}]}}